{"id":54727,"date":"2023-07-14T14:37:13","date_gmt":"2023-07-14T19:37:13","guid":{"rendered":"http:\/\/losperiodistas.com.mx\/portal\/?p=54727"},"modified":"2023-07-14T14:37:15","modified_gmt":"2023-07-14T19:37:15","slug":"monologos-de-menade-adolfo-karam-y-su-pecado","status":"publish","type":"post","link":"https:\/\/losperiodistas.com.mx\/portal\/monologos-de-menade-adolfo-karam-y-su-pecado\/","title":{"rendered":"Mon\u00f3logos de M\u00e9nade | Adolfo Karam y su pecado"},"content":{"rendered":"\n<p class=\"has-medium-font-size\">Habiendo tantos idiomas en este mundo, lo m\u00e1s recomendable es hablar con el de la verdad.<\/p>\n\n\n\n<div class=\"wp-block-image\"><figure class=\"aligncenter size-large\"><img fetchpriority=\"high\" decoding=\"async\" width=\"1024\" height=\"576\" src=\"https:\/\/losperiodistas.com.mx\/portal\/wp-content\/uploads\/2023\/07\/yJzqzm24-1024x576.jpeg\" alt=\"\" class=\"wp-image-54728\" srcset=\"https:\/\/losperiodistas.com.mx\/portal\/wp-content\/uploads\/2023\/07\/yJzqzm24-1024x576.jpeg 1024w, https:\/\/losperiodistas.com.mx\/portal\/wp-content\/uploads\/2023\/07\/yJzqzm24-300x169.jpeg 300w, https:\/\/losperiodistas.com.mx\/portal\/wp-content\/uploads\/2023\/07\/yJzqzm24-768x432.jpeg 768w, https:\/\/losperiodistas.com.mx\/portal\/wp-content\/uploads\/2023\/07\/yJzqzm24.jpeg 1200w\" sizes=\"(max-width: 1024px) 100vw, 1024px\" \/><\/figure><\/div>\n\n\n\n<p><\/p>\n\n\n\n<p class=\"has-vivid-red-color has-text-color\" style=\"font-size:26px\"><strong><em>Por Itandehui Rodr\u00edguez Mart\u00ednez<\/em><\/strong><\/p>\n\n\n\n<p>@Itandehui_RoMa<\/p>\n\n\n\n<p>El mi\u00e9rcoles 18 de mayo del a\u00f1o pasado, publiqu\u00e9 una columna en Paralelo19 dedicada a Arturo Rueda. En ella dije que deseaba que fuera juzgado conforme a derecho y que se respetara la presunci\u00f3n de su inocencia, como corresponde a todos los mexicanos. En aquel momento dije que dej\u00e9 de querer a Arturo, pero luego de un a\u00f1o de mucho pensarlo, la verdad es que ya lo quiero de nuevo. Hoy, les voy a hablar de mis afectos y mis deseos para Adolfo Karam.<\/p>\n\n\n\n<p>Conoc\u00ed a Hugo Adolfo Karam Beltr\u00e1n hace unos quince a\u00f1os o tal vez un poco m\u00e1s, entonces era el poderos\u00edsimo director de la Polic\u00eda Judicial. Primero conoc\u00ed al funcionario y con el tiempo, conoc\u00ed al ser humano.<\/p>\n\n\n\n<p>Por supuesto que no es un \u00e1ngel, tampoco les voy a vender que es la Madre Teresa en hombre, porque ni al caso, pero es un gran ser humano con quien quiere y puedo dar testimonio de ello. Ayer, para m\u00ed, fue el t\u00edo Adolfo, hoy lo es y seguri\u00e1 si\u00e9ndolo, siempre.<\/p>\n\n\n\n<p>Le guardo un gran cari\u00f1o, mucho a m\u00e1s a su esposa y a su hija, pero a \u00e9l tambi\u00e9n. Yo no soy como esos avestruces que esconden la cabeza. Tampoco como los que niegan a la gente que quieren en medio de la tormenta, como Pedro a Jes\u00fas.<\/p>\n\n\n\n<p>De esos que, cuando las tempestades pasan, empiezan a hablar bien de los que antes lincharon. Hoy abundan, por cierto.<\/p>\n\n\n\n<p>Yo s\u00ed quiero a Adolfo Karam y a Ana Isabel Allende y me voy a tomar una licencia al decir lo que viene. Creo que el pecado de Adolfo y de todos los involucrados en el caso de Lydia Cacho, fue no contar su verdad y dejar que solo resonara la de ella. No temo decir en p\u00fablico lo que he dicho en privado.<\/p>\n\n\n\n<p>Ya llegar\u00e1 el d\u00eda en que la historia sea justa y que permita que se conozca la verdad.<\/p>\n\n\n\n<p>Eventualmente habr\u00e1 o\u00eddos que escuchen las versiones de todas las personas que sufren por culpa de una mentira que se repiti\u00f3 tantas veces, y que termin\u00f3 siendo apropiada por el imaginario colectivo. Lo que han sufrido las y los agentes involucrados, el juez y hasta Adolfo.<\/p>\n\n\n\n<p>Lo de Mario Mar\u00edn es otra historia, ojal\u00e1 que pague con creces el dolor que provoc\u00f3 y que sigue provocando por sus excesos.<\/p>\n\n\n\n<p>Ya llegar\u00e1 el d\u00eda en que se sepa qui\u00e9nes fueron las v\u00edctimas de este caso y c\u00f3mo es que hay lobos que se disfrazan de ovejas y que aprenden a capitalizar las circunstancias.<\/p>\n\n\n\n<p>Lo repito, deseo que Adolfo sea juzgado como le corresponde. Con apego a derecho y que se le considere inocente, hasta que se demuestre lo contrario. Porque, les tengo noticias, en todos los casos, los involucrados han sido liberados o absueltos. S\u00ed condenados por abuso de autoridad, pero nada m\u00e1s.<\/p>\n\n\n\n<p>A las autoridades no les qued\u00f3 m\u00e1s que procesarlos por eso, por abuso de autoridad, porque luego de la que el car\u00e1mbano se convirti\u00f3 en una avalancha, ten\u00edan que \u201cculparlos de algo\u201d.<\/p>\n\n\n\n<p>Ese fue el pecado, pero en ning\u00fan caso se ha logrado probar la tortura f\u00edsica o sicol\u00f3gica que acusa la se\u00f1ora. Por algo ser\u00e1, \u00bfno creen?<\/p>\n\n\n\n<p>P.D. Para t\u00ed, Ana Isabel y para beb\u00e9, mi cari\u00f1o, admiraci\u00f3n y apoyo, siempre. No est\u00e1n solas, lo sabes, pero te lo recuerdo.<\/p>\n","protected":false},"excerpt":{"rendered":"<p>Habiendo tantos idiomas en este mundo, lo m\u00e1s recomendable es hablar con el de la verdad. Por Itandehui Rodr\u00edguez Mart\u00ednez [&hellip;]<\/p>\n","protected":false},"author":1,"featured_media":54728,"comment_status":"open","ping_status":"open","sticky":false,"template":"","format":"standard","meta":{"site-sidebar-layout":"default","site-content-layout":"","ast-site-content-layout":"default","site-content-style":"default","site-sidebar-style":"default","ast-global-header-display":"","ast-banner-title-visibility":"","ast-main-header-display":"","ast-hfb-above-header-display":"","ast-hfb-below-header-display":"","ast-hfb-mobile-header-display":"","site-post-title":"","ast-breadcrumbs-content":"","ast-featured-img":"","footer-sml-layout":"","theme-transparent-header-meta":"","adv-header-id-meta":"","stick-header-meta":"","header-above-stick-meta":"","header-main-stick-meta":"","header-below-stick-meta":"","astra-migrate-meta-layouts":"default","ast-page-background-enabled":"default","ast-page-background-meta":{"desktop":{"background-color":"var(--ast-global-color-4)","background-image":"","background-repeat":"repeat","background-position":"center center","background-size":"auto","background-attachment":"scroll","background-type":"","background-media":"","overlay-type":"","overlay-color":"","overlay-opacity":"","overlay-gradient":""},"tablet":{"background-color":"","background-image":"","background-repeat":"repeat","background-position":"center center","background-size":"auto","background-attachment":"scroll","background-type":"","background-media":"","overlay-type":"","overlay-color":"","overlay-opacity":"","overlay-gradient":""},"mobile":{"background-color":"","background-image":"","background-repeat":"repeat","background-position":"center center","background-size":"auto","background-attachment":"scroll","background-type":"","background-media":"","overlay-type":"","overlay-color":"","overlay-opacity":"","overlay-gradient":""}},"ast-content-background-meta":{"desktop":{"background-color":"var(--ast-global-color-5)","background-image":"","background-repeat":"repeat","background-position":"center center","background-size":"auto","background-attachment":"scroll","background-type":"","background-media":"","overlay-type":"","overlay-color":"","overlay-opacity":"","overlay-gradient":""},"tablet":{"background-color":"var(--ast-global-color-5)","background-image":"","background-repeat":"repeat","background-position":"center center","background-size":"auto","background-attachment":"scroll","background-type":"","background-media":"","overlay-type":"","overlay-color":"","overlay-opacity":"","overlay-gradient":""},"mobile":{"background-color":"var(--ast-global-color-5)","background-image":"","background-repeat":"repeat","background-position":"center center","background-size":"auto","background-attachment":"scroll","background-type":"","background-media":"","overlay-type":"","overlay-color":"","overlay-opacity":"","overlay-gradient":""}},"footnotes":""},"categories":[8,22],"tags":[17398,204],"class_list":["post-54727","post","type-post","status-publish","format-standard","has-post-thumbnail","hentry","category-noticias","category-opinion-invitada","tag-adolfo-karam-beltran","tag-lydia-cacho"],"_links":{"self":[{"href":"https:\/\/losperiodistas.com.mx\/portal\/wp-json\/wp\/v2\/posts\/54727","targetHints":{"allow":["GET"]}}],"collection":[{"href":"https:\/\/losperiodistas.com.mx\/portal\/wp-json\/wp\/v2\/posts"}],"about":[{"href":"https:\/\/losperiodistas.com.mx\/portal\/wp-json\/wp\/v2\/types\/post"}],"author":[{"embeddable":true,"href":"https:\/\/losperiodistas.com.mx\/portal\/wp-json\/wp\/v2\/users\/1"}],"replies":[{"embeddable":true,"href":"https:\/\/losperiodistas.com.mx\/portal\/wp-json\/wp\/v2\/comments?post=54727"}],"version-history":[{"count":1,"href":"https:\/\/losperiodistas.com.mx\/portal\/wp-json\/wp\/v2\/posts\/54727\/revisions"}],"predecessor-version":[{"id":54729,"href":"https:\/\/losperiodistas.com.mx\/portal\/wp-json\/wp\/v2\/posts\/54727\/revisions\/54729"}],"wp:featuredmedia":[{"embeddable":true,"href":"https:\/\/losperiodistas.com.mx\/portal\/wp-json\/wp\/v2\/media\/54728"}],"wp:attachment":[{"href":"https:\/\/losperiodistas.com.mx\/portal\/wp-json\/wp\/v2\/media?parent=54727"}],"wp:term":[{"taxonomy":"category","embeddable":true,"href":"https:\/\/losperiodistas.com.mx\/portal\/wp-json\/wp\/v2\/categories?post=54727"},{"taxonomy":"post_tag","embeddable":true,"href":"https:\/\/losperiodistas.com.mx\/portal\/wp-json\/wp\/v2\/tags?post=54727"}],"curies":[{"name":"wp","href":"https:\/\/api.w.org\/{rel}","templated":true}]}}