{"id":54712,"date":"2023-07-14T10:18:43","date_gmt":"2023-07-14T15:18:43","guid":{"rendered":"http:\/\/losperiodistas.com.mx\/portal\/?p=54712"},"modified":"2023-07-14T10:18:47","modified_gmt":"2023-07-14T15:18:47","slug":"rodrigoabdala-y-edna-elena-vega-instalan-comites-de-programas-para-el-bienestar","status":"publish","type":"post","link":"https:\/\/losperiodistas.com.mx\/portal\/rodrigoabdala-y-edna-elena-vega-instalan-comites-de-programas-para-el-bienestar\/","title":{"rendered":"#RodrigoAbdala y Edna Elena Vega instalan Comit\u00e9s de Programas para el Bienestar"},"content":{"rendered":"\n<figure class=\"wp-block-image size-full is-style-default\"><img fetchpriority=\"high\" decoding=\"async\" width=\"1024\" height=\"681\" src=\"https:\/\/losperiodistas.com.mx\/portal\/wp-content\/uploads\/2023\/07\/RAD-2.jpeg\" alt=\"\" class=\"wp-image-54713\" srcset=\"https:\/\/losperiodistas.com.mx\/portal\/wp-content\/uploads\/2023\/07\/RAD-2.jpeg 1024w, https:\/\/losperiodistas.com.mx\/portal\/wp-content\/uploads\/2023\/07\/RAD-2-300x200.jpeg 300w, https:\/\/losperiodistas.com.mx\/portal\/wp-content\/uploads\/2023\/07\/RAD-2-768x511.jpeg 768w\" sizes=\"(max-width: 1024px) 100vw, 1024px\" \/><figcaption>Bienestar Puebla<\/figcaption><\/figure>\n\n\n\n<p class=\"has-vivid-red-color has-text-color has-medium-font-size\"><strong>COMUNICADO<\/strong><\/p>\n\n\n\n<p>Con la visita a las sucursales del Banco del Bienestar de los municipios de Tepeaca, Acajete, Puebla y Huejotzingo, los funcionarios del Gobierno de M\u00e9xico instalaron formalmente las asambleas de los Comit\u00e9s para los Programas que integran la pol\u00edtica social federal. El representante estatal del gobierno de la cuarta transformaci\u00f3n reafirm\u00f3 el compromiso adquirido para ser un gobierno cercano, humanista y transparente. \u201cEsta instituci\u00f3n bancaria ser\u00e1 el centro integrador de los programas del bienestar lo que consolidar\u00e1 la pol\u00edtica social. Brindar\u00e1 atenci\u00f3n a las personas que viven en las comunidades m\u00e1s alejadas pero, sobre todo, har\u00e1 que este gobierno impulsado por el presidente de la Rep\u00fablica, est\u00e9 m\u00e1s cercano a ustedes\u201d.<\/p>\n\n\n\n<p>Rodrigo Abdala agradeci\u00f3 a todos los ciudadanos que, con su labor, contribuyen a la operaci\u00f3n de los programas. Particularmente reconoci\u00f3 el trabajo de Mary Victoria Barrales, quien en un acto de generosidad, don\u00f3 el predio en donde se construy\u00f3 el Banco del Bienestar de Santiago, Acatl\u00e1n, municipio de Tepeaca.<\/p>\n\n\n\n<p>En el mismo sentido, la subsecretaria Edna Elena Vega, se refiri\u00f3 a la lucha por alcanzar la justicia social \u201cMary Victoria nos demuestra una vez m\u00e1s que la lucha de miles y miles de personas por la transformaci\u00f3n de este pa\u00eds ha valido la pena. Esta lucha no es de ahora sino tiene muchos a\u00f1os, se est\u00e1 construyendo un pa\u00eds diferente. Veo en ustedes el convencimiento de que esto sucede. El presidente de M\u00e9xico los quiere mucho y ha luchado por el bienestar de todos los mexicanos.\u201d Concluy\u00f3.<\/p>\n\n\n\n<p>Adem\u00e1s de la instalaci\u00f3n de los comit\u00e9s se realiz\u00f3 la entrega de tarjetas como medio de pago a beneficiarias y beneficiarios de las pensiones para las personas adultas mayores, personas con discapacidad y del programa J\u00f3venes Construyendo el Futuro. Estuvieron presentes en los eventos Jos\u00e9 Huerta, presidente municipal de Tepeaca; Jes\u00fas Barrales, presidente de la junta auxiliar de Santiago Acatl\u00e1n; Antonio de Ita, presidente de la junta auxiliar de Tepetzala; Ang\u00e9lica Alvarado, presidenta municipal de Huejotzingo; Abel de los Santos, representante de la Secretar\u00eda de Agricultura; Vida Vargas y Efr\u00e9n Osorio, directores regionales de Bienestar; integrantes de los distintos cabildos, beneficiarios y p\u00fablico en general<\/p>\n","protected":false},"excerpt":{"rendered":"<p>COMUNICADO Con la visita a las sucursales del Banco del Bienestar de los municipios de Tepeaca, Acajete, Puebla y Huejotzingo, [&hellip;]<\/p>\n","protected":false},"author":1,"featured_media":54713,"comment_status":"open","ping_status":"open","sticky":false,"template":"","format":"standard","meta":{"site-sidebar-layout":"default","site-content-layout":"","ast-site-content-layout":"default","site-content-style":"default","site-sidebar-style":"default","ast-global-header-display":"","ast-banner-title-visibility":"","ast-main-header-display":"","ast-hfb-above-header-display":"","ast-hfb-below-header-display":"","ast-hfb-mobile-header-display":"","site-post-title":"","ast-breadcrumbs-content":"","ast-featured-img":"","footer-sml-layout":"","theme-transparent-header-meta":"","adv-header-id-meta":"","stick-header-meta":"","header-above-stick-meta":"","header-main-stick-meta":"","header-below-stick-meta":"","astra-migrate-meta-layouts":"default","ast-page-background-enabled":"default","ast-page-background-meta":{"desktop":{"background-color":"var(--ast-global-color-4)","background-image":"","background-repeat":"repeat","background-position":"center center","background-size":"auto","background-attachment":"scroll","background-type":"","background-media":"","overlay-type":"","overlay-color":"","overlay-opacity":"","overlay-gradient":""},"tablet":{"background-color":"","background-image":"","background-repeat":"repeat","background-position":"center center","background-size":"auto","background-attachment":"scroll","background-type":"","background-media":"","overlay-type":"","overlay-color":"","overlay-opacity":"","overlay-gradient":""},"mobile":{"background-color":"","background-image":"","background-repeat":"repeat","background-position":"center center","background-size":"auto","background-attachment":"scroll","background-type":"","background-media":"","overlay-type":"","overlay-color":"","overlay-opacity":"","overlay-gradient":""}},"ast-content-background-meta":{"desktop":{"background-color":"var(--ast-global-color-5)","background-image":"","background-repeat":"repeat","background-position":"center center","background-size":"auto","background-attachment":"scroll","background-type":"","background-media":"","overlay-type":"","overlay-color":"","overlay-opacity":"","overlay-gradient":""},"tablet":{"background-color":"var(--ast-global-color-5)","background-image":"","background-repeat":"repeat","background-position":"center center","background-size":"auto","background-attachment":"scroll","background-type":"","background-media":"","overlay-type":"","overlay-color":"","overlay-opacity":"","overlay-gradient":""},"mobile":{"background-color":"var(--ast-global-color-5)","background-image":"","background-repeat":"repeat","background-position":"center center","background-size":"auto","background-attachment":"scroll","background-type":"","background-media":"","overlay-type":"","overlay-color":"","overlay-opacity":"","overlay-gradient":""}},"footnotes":""},"categories":[8],"tags":[15580,3496,5738,17403],"class_list":["post-54712","post","type-post","status-publish","format-standard","has-post-thumbnail","hentry","category-noticias","tag-rodrigoabdala","tag-delegacion-bienestar-puebla","tag-huejotzingo","tag-tepeaca-acajete"],"_links":{"self":[{"href":"https:\/\/losperiodistas.com.mx\/portal\/wp-json\/wp\/v2\/posts\/54712","targetHints":{"allow":["GET"]}}],"collection":[{"href":"https:\/\/losperiodistas.com.mx\/portal\/wp-json\/wp\/v2\/posts"}],"about":[{"href":"https:\/\/losperiodistas.com.mx\/portal\/wp-json\/wp\/v2\/types\/post"}],"author":[{"embeddable":true,"href":"https:\/\/losperiodistas.com.mx\/portal\/wp-json\/wp\/v2\/users\/1"}],"replies":[{"embeddable":true,"href":"https:\/\/losperiodistas.com.mx\/portal\/wp-json\/wp\/v2\/comments?post=54712"}],"version-history":[{"count":1,"href":"https:\/\/losperiodistas.com.mx\/portal\/wp-json\/wp\/v2\/posts\/54712\/revisions"}],"predecessor-version":[{"id":54714,"href":"https:\/\/losperiodistas.com.mx\/portal\/wp-json\/wp\/v2\/posts\/54712\/revisions\/54714"}],"wp:featuredmedia":[{"embeddable":true,"href":"https:\/\/losperiodistas.com.mx\/portal\/wp-json\/wp\/v2\/media\/54713"}],"wp:attachment":[{"href":"https:\/\/losperiodistas.com.mx\/portal\/wp-json\/wp\/v2\/media?parent=54712"}],"wp:term":[{"taxonomy":"category","embeddable":true,"href":"https:\/\/losperiodistas.com.mx\/portal\/wp-json\/wp\/v2\/categories?post=54712"},{"taxonomy":"post_tag","embeddable":true,"href":"https:\/\/losperiodistas.com.mx\/portal\/wp-json\/wp\/v2\/tags?post=54712"}],"curies":[{"name":"wp","href":"https:\/\/api.w.org\/{rel}","templated":true}]}}