{"id":54707,"date":"2023-07-14T09:37:50","date_gmt":"2023-07-14T14:37:50","guid":{"rendered":"http:\/\/losperiodistas.com.mx\/portal\/?p=54707"},"modified":"2023-07-14T09:37:52","modified_gmt":"2023-07-14T14:37:52","slug":"la-18-oriente-poniente-se-suma-a-las-calles-que-se-intervienen-en-el-centro-historico-de-puebla","status":"publish","type":"post","link":"https:\/\/losperiodistas.com.mx\/portal\/la-18-oriente-poniente-se-suma-a-las-calles-que-se-intervienen-en-el-centro-historico-de-puebla\/","title":{"rendered":"La 18 Oriente-Poniente se suma a las calles que se intervienen en el Centro Hist\u00f3rico de Puebla"},"content":{"rendered":"\n<ul class=\"has-medium-font-size wp-block-list\"><li>Con una inversi\u00f3n de 20 millones de pesos se rehabilitar\u00e1 la carpeta asf\u00e1ltica con adoqu\u00edn as\u00ed como la red de drenaje, agua potable y alcantarillado.<\/li><\/ul>\n\n\n\n<figure class=\"wp-block-image size-large is-style-default\"><img fetchpriority=\"high\" decoding=\"async\" width=\"1024\" height=\"682\" src=\"https:\/\/losperiodistas.com.mx\/portal\/wp-content\/uploads\/2023\/07\/WhatsApp-Image-2023-07-13-at-10.47.14-1024x682.jpeg\" alt=\"\" class=\"wp-image-54708\" srcset=\"https:\/\/losperiodistas.com.mx\/portal\/wp-content\/uploads\/2023\/07\/WhatsApp-Image-2023-07-13-at-10.47.14-1024x682.jpeg 1024w, https:\/\/losperiodistas.com.mx\/portal\/wp-content\/uploads\/2023\/07\/WhatsApp-Image-2023-07-13-at-10.47.14-300x200.jpeg 300w, https:\/\/losperiodistas.com.mx\/portal\/wp-content\/uploads\/2023\/07\/WhatsApp-Image-2023-07-13-at-10.47.14-768x512.jpeg 768w, https:\/\/losperiodistas.com.mx\/portal\/wp-content\/uploads\/2023\/07\/WhatsApp-Image-2023-07-13-at-10.47.14.jpeg 1280w\" sizes=\"(max-width: 1024px) 100vw, 1024px\" \/><figcaption>Ayuntamiento Puebla<\/figcaption><\/figure>\n\n\n\n<p class=\"has-vivid-red-color has-text-color has-medium-font-size\"><strong>COMUNICADO<\/strong><\/p>\n\n\n\n<p>Como parte de los trabajos de rehabilitaci\u00f3n de las calles de la zona norte del Centro Hist\u00f3rico, el Ayuntamiento de Puebla -presidido por Eduardo Rivera P\u00e9rez- anunci\u00f3 la ampliaci\u00f3n de las obras a la 18 Oriente-Poniente, as\u00ed como el cambio de derrotero de algunas rutas a partir de este jueves 13 de julio.<\/p>\n\n\n\n<p>En rueda de prensa, Ad\u00e1n Dom\u00ednguez S\u00e1nchez, Gerente Municipal, explic\u00f3 que la inversi\u00f3n para esta obra ser\u00e1 de 20 millones de pesos que contemplan la rehabilitaci\u00f3n de la carpeta asf\u00e1ltica con adoqu\u00edn junto con la intervenci\u00f3n a la red de drenaje, agua potable y alcantarillado, por lo que en los trabajos existe coordinaci\u00f3n y cooperaci\u00f3n con la Secretar\u00eda de Movilidad y Transporte del Gobierno del Estado (SMT) y de Agua de Puebla.<\/p>\n\n\n\n<p>En ese sentido, Fernando \u00c1vila Garc\u00eda, Director de Transporte de la SMT, inform\u00f3 que, derivado de esta intervenci\u00f3n, un aproximado de 30 rutas cambiar\u00e1n su derrotero en el sentido poniente a oriente siendo \u00e9ste a partir de la 17 Norte y 18 Poniente, dando vuelta a la izquierda en la 11 Norte, continuando por H\u00e9roes de Nacozari para seguir a la derecha en la 9 Norte, luego por 28 Poniente y 3 Norte a la izquierda en la 20 Oriente, a la derecha en la 2 Norte y a la izquierda en la 18 Oriente para continuar con el trayecto habitual; por lo que Rub\u00ed V\u00e1zquez Cruz, Subsecretaria de Movilidad y Seguridad Vial, inst\u00f3 a las y los usuarios a respetar las paradas autorizadas.<\/p>\n\n\n\n<p>Por su parte, Edgar V\u00e9lez Tirado, Secretario de Movilidad e Infraestructura, detall\u00f3 que entre los trabajos que se consideran en esta vialidad incluyen el cambio de 967 metros de tuber\u00eda de 24 pulgadas, la colocaci\u00f3n de 544.76 metros de tuber\u00eda de polietileno de alta densidad, la instalaci\u00f3n de mil 20 metros de tuber\u00eda corrugada de polietileno, la construcci\u00f3n de 23 pozos de visita, la disposici\u00f3n de mil 512 metros de tuber\u00eda de densidad hidr\u00e1ulica y el cambio de 170 tomas domiciliarias, teniendo como objetivo concluir en el mismo per\u00edodo que las otras calles que se est\u00e1n interviniendo en la zona norte del Centro Hist\u00f3rico.<\/p>\n\n\n\n<p>Finalmente, Berenice Vidal Castel\u00e1n, Gerente del Centro Hist\u00f3rico y Patrimonio Cultural, comunic\u00f3 que los avances en la 10, 12, 14 y 16 Oriente-Poniente son de un 85 por ciento en la intervenci\u00f3n de drenaje y agua potable, as\u00ed como de un 40 por ciento en la restituci\u00f3n de la carpeta asf\u00e1ltica, cumpliendo los tiempos acordados en un principio, siendo muestra del compromiso de la administraci\u00f3n municipal con las y los poblanos.<\/p>\n\n\n\n<p>Al anuncio de esta ampliaci\u00f3n tambi\u00e9n asisti\u00f3 Mar\u00eda del Rayo Ram\u00edrez Polo, Directora de Tr\u00e1nsito de la Secretar\u00eda de Seguridad Ciudadana.<\/p>\n","protected":false},"excerpt":{"rendered":"<p>Con una inversi\u00f3n de 20 millones de pesos se rehabilitar\u00e1 la carpeta asf\u00e1ltica con adoqu\u00edn as\u00ed como la red de [&hellip;]<\/p>\n","protected":false},"author":1,"featured_media":54709,"comment_status":"open","ping_status":"open","sticky":false,"template":"","format":"standard","meta":{"site-sidebar-layout":"default","site-content-layout":"","ast-site-content-layout":"default","site-content-style":"default","site-sidebar-style":"default","ast-global-header-display":"","ast-banner-title-visibility":"","ast-main-header-display":"","ast-hfb-above-header-display":"","ast-hfb-below-header-display":"","ast-hfb-mobile-header-display":"","site-post-title":"","ast-breadcrumbs-content":"","ast-featured-img":"","footer-sml-layout":"","theme-transparent-header-meta":"","adv-header-id-meta":"","stick-header-meta":"","header-above-stick-meta":"","header-main-stick-meta":"","header-below-stick-meta":"","astra-migrate-meta-layouts":"default","ast-page-background-enabled":"default","ast-page-background-meta":{"desktop":{"background-color":"var(--ast-global-color-4)","background-image":"","background-repeat":"repeat","background-position":"center center","background-size":"auto","background-attachment":"scroll","background-type":"","background-media":"","overlay-type":"","overlay-color":"","overlay-opacity":"","overlay-gradient":""},"tablet":{"background-color":"","background-image":"","background-repeat":"repeat","background-position":"center center","background-size":"auto","background-attachment":"scroll","background-type":"","background-media":"","overlay-type":"","overlay-color":"","overlay-opacity":"","overlay-gradient":""},"mobile":{"background-color":"","background-image":"","background-repeat":"repeat","background-position":"center center","background-size":"auto","background-attachment":"scroll","background-type":"","background-media":"","overlay-type":"","overlay-color":"","overlay-opacity":"","overlay-gradient":""}},"ast-content-background-meta":{"desktop":{"background-color":"var(--ast-global-color-5)","background-image":"","background-repeat":"repeat","background-position":"center center","background-size":"auto","background-attachment":"scroll","background-type":"","background-media":"","overlay-type":"","overlay-color":"","overlay-opacity":"","overlay-gradient":""},"tablet":{"background-color":"var(--ast-global-color-5)","background-image":"","background-repeat":"repeat","background-position":"center center","background-size":"auto","background-attachment":"scroll","background-type":"","background-media":"","overlay-type":"","overlay-color":"","overlay-opacity":"","overlay-gradient":""},"mobile":{"background-color":"var(--ast-global-color-5)","background-image":"","background-repeat":"repeat","background-position":"center center","background-size":"auto","background-attachment":"scroll","background-type":"","background-media":"","overlay-type":"","overlay-color":"","overlay-opacity":"","overlay-gradient":""}},"footnotes":""},"categories":[8],"tags":[],"class_list":["post-54707","post","type-post","status-publish","format-standard","has-post-thumbnail","hentry","category-noticias"],"_links":{"self":[{"href":"https:\/\/losperiodistas.com.mx\/portal\/wp-json\/wp\/v2\/posts\/54707","targetHints":{"allow":["GET"]}}],"collection":[{"href":"https:\/\/losperiodistas.com.mx\/portal\/wp-json\/wp\/v2\/posts"}],"about":[{"href":"https:\/\/losperiodistas.com.mx\/portal\/wp-json\/wp\/v2\/types\/post"}],"author":[{"embeddable":true,"href":"https:\/\/losperiodistas.com.mx\/portal\/wp-json\/wp\/v2\/users\/1"}],"replies":[{"embeddable":true,"href":"https:\/\/losperiodistas.com.mx\/portal\/wp-json\/wp\/v2\/comments?post=54707"}],"version-history":[{"count":1,"href":"https:\/\/losperiodistas.com.mx\/portal\/wp-json\/wp\/v2\/posts\/54707\/revisions"}],"predecessor-version":[{"id":54710,"href":"https:\/\/losperiodistas.com.mx\/portal\/wp-json\/wp\/v2\/posts\/54707\/revisions\/54710"}],"wp:featuredmedia":[{"embeddable":true,"href":"https:\/\/losperiodistas.com.mx\/portal\/wp-json\/wp\/v2\/media\/54709"}],"wp:attachment":[{"href":"https:\/\/losperiodistas.com.mx\/portal\/wp-json\/wp\/v2\/media?parent=54707"}],"wp:term":[{"taxonomy":"category","embeddable":true,"href":"https:\/\/losperiodistas.com.mx\/portal\/wp-json\/wp\/v2\/categories?post=54707"},{"taxonomy":"post_tag","embeddable":true,"href":"https:\/\/losperiodistas.com.mx\/portal\/wp-json\/wp\/v2\/tags?post=54707"}],"curies":[{"name":"wp","href":"https:\/\/api.w.org\/{rel}","templated":true}]}}