{"id":54702,"date":"2023-07-14T08:48:55","date_gmt":"2023-07-14T13:48:55","guid":{"rendered":"http:\/\/losperiodistas.com.mx\/portal\/?p=54702"},"modified":"2023-07-14T08:48:57","modified_gmt":"2023-07-14T13:48:57","slug":"opinion-todo-por-no-leer-a-los-clasicos-proceso","status":"publish","type":"post","link":"https:\/\/losperiodistas.com.mx\/portal\/opinion-todo-por-no-leer-a-los-clasicos-proceso\/","title":{"rendered":"Opini\u00f3n | Todo por no leer a los cl\u00e1sicos | Proceso"},"content":{"rendered":"\n<p class=\"has-light-green-cyan-background-color has-background has-medium-font-size\"><strong>Para AMLO hab\u00eda sido f\u00e1cil atacar a sus adversarios hombres. Lo hac\u00eda de manera magistral y ejemplar. Todo ha cambiado. Si bien pudiera estar en aptitud de quitarse los golpes, ya no est\u00e1 en posibilidad de darlos y, mucho menos, de noquear. Lo m\u00e1s grave: no sabe c\u00f3mo enfrentar a las mujeres.<\/strong><\/p>\n\n\n\n<div class=\"wp-block-image is-style-default\"><figure class=\"aligncenter size-full\"><img fetchpriority=\"high\" decoding=\"async\" width=\"685\" height=\"385\" src=\"https:\/\/losperiodistas.com.mx\/portal\/wp-content\/uploads\/2023\/07\/f685x385-176163_213856_5182.jpg\" alt=\"\" class=\"wp-image-54703\" srcset=\"https:\/\/losperiodistas.com.mx\/portal\/wp-content\/uploads\/2023\/07\/f685x385-176163_213856_5182.jpg 685w, https:\/\/losperiodistas.com.mx\/portal\/wp-content\/uploads\/2023\/07\/f685x385-176163_213856_5182-300x169.jpg 300w\" sizes=\"(max-width: 685px) 100vw, 685px\" \/><figcaption>X\u00f3chitl G\u00e1lvez. Ataques desde Palacio Nacional. Foto: Miguel Dimayuga<\/figcaption><\/figure><\/div>\n\n\n\n<p class=\"has-vivid-red-color has-text-color has-medium-font-size\"><strong>ELISUR ARTEAGA NAVA \/ OPINI\u00d3N \/ PROCESO<\/strong><\/p>\n\n\n\n<p><strong>Ciudad de M\u00e9xico (Proceso).&#8211;<\/strong>&nbsp;Pausanias, el viajero que visit\u00f3 Grecia en el siglo segundo de nuestra era, refiere una historia singular:&nbsp;<\/p>\n\n\n\n<p>\u201c \u2026 Telesila \u2026 reuniendo todas las armas que hab\u00edan sido dejadas en las casas y las de los santuarios, arm\u00f3 a las mujeres que estaban en la flor de la edad, y despu\u00e9s de armarlas las apost\u00f3 en el lugar por donde sab\u00eda que los enemigos atacar\u00edan. Cuando los lacedemonios estuvieron cerca, las mujeres no se asustaron de los gritos de guerra, si no que, recibi\u00e9ndolos a pie firme, lucharon valientemente. Entonces, los lacedemonios, pensando que, si mataban a las mujeres, tendr\u00edan un \u00e9xito odioso, y que si fracasaban, tendr\u00edan una derrota vergonzosa, se retiraron ante las mujeres.\u201d (Descripci\u00f3n de Grecia, Gredos, libro II, 20, 9).<\/p>\n\n\n\n<p class=\"has-cyan-bluish-gray-background-color has-background\"><strong>NOTICIAS RELACIONADAS<\/strong><\/p>\n\n\n\n<ul class=\"wp-block-list\"><li><a href=\"https:\/\/www.proceso.com.mx\/nacional\/politica\/2023\/7\/13\/en-nuevo-leon-xochitl-galvez-rechaza-movimiento-ciudadano-como-plan-310700.html\">En Nuevo Le\u00f3n, X\u00f3chitl G\u00e1lvez rechaza a Movimiento Ciudadano como Plan B<\/a><\/li><li><a href=\"https:\/\/www.proceso.com.mx\/nacional\/2023\/7\/12\/hasta-su-gobierno-nos-contrata-responde-xochitl-galvez-amlo-310614.html\">\u201cHasta su gobierno nos contrata\u201d, responde X\u00f3chitl G\u00e1lvez a AMLO<\/a><\/li><li><a href=\"https:\/\/www.proceso.com.mx\/nacional\/2023\/7\/12\/amlo-reta-claudio-x-gonzalez-que-investigue-contratos-de-xochitl-galvez-en-sexenio-de-fox-310571.html\">AMLO reta a Claudio X. Gonz\u00e1lez; que investigue contratos de X\u00f3chitl G\u00e1lvez en sexenio de Fox<\/a><\/li><\/ul>\n\n\n\n<p>En la estrategia militar se habla de que la mejor defensa es el ataque. Esa es la regla general; por serlo, reconoce excepciones. AMLO, que se jacta de saberlo todo, incluso de lo que traman sus adversarios, y que es dado a atacar, no lo sab\u00eda. Supuso que la regla era de validez universal. Ahora, en su intimidad, con dolor, con toda seguridad se ha dado cuenta de su error. Con terror, debe de estar reconociendo su precipitaci\u00f3n irreflexiva y doli\u00e9ndose de ella. Demasiado tarde.<\/p>\n\n\n\n<p>Hasta ahora, para AMLO hab\u00eda sido f\u00e1cil atacar a sus adversarios hombres. El ataque es lo que va con su naturaleza. Lo hac\u00eda de manera magistral y ejemplar. Todos compadecimos a Diego Fern\u00e1ndez de Cevallos y a Ricardo Anaya despu\u00e9s de ver la \u201crevolcada de perro bailar\u00edn\u201d que les dio. No les quedaron ganas de volver a enfrentarlo.&nbsp;<\/p>\n\n\n\n<p>Todo ha cambiado. Despu\u00e9s de subirse tantas veces al ring, AMLO ya no tiene los reflejos de hace cinco a\u00f1os, cuando par\u00f3 en seco los golpes de Diego Fern\u00e1ndez e ignor\u00f3 la apuesta que le lanz\u00f3 Ricardo Anaya. Si bien pudiera estar en aptitud de quitarse los golpes, ya no est\u00e1 en posibilidad de darlos y, mucho menos, de noquear. Lo m\u00e1s grave: no sabe c\u00f3mo enfrentar a las mujeres.&nbsp;<\/p>\n\n\n\n<p>En el caso de la se\u00f1ora X\u00f3chitl G\u00e1lvez se equivoc\u00f3 doblemente; crey\u00f3 que era una tullida y, en tiempos de un feminismo generalizado, la atac\u00f3 como si fuera hombre. Ah\u00ed est\u00e1n las consecuencias: destap\u00f3 a quien, a no dudarlo, ser\u00e1 su sucesora y a la que le entregar\u00e1 la banda presidencial.&nbsp;<\/p>\n\n\n\n<p>Lo que AMLO ha dicho respecto de la se\u00f1ora G\u00e1lvez, ella lo ha manejado como un ataque por ser mujer. No le falta raz\u00f3n. \u00c9l no entiende que cualquier cosa que diga o que haga relacionado con ella, ser\u00e1 considerado como proveniente de un machista, prepotente y antifeminista.<\/p>\n\n\n\n<p>Tan inclinado a atacar, no sabe c\u00f3mo hacerlo con la se\u00f1ora G\u00e1lvez. Al parecer no tendr\u00e1 tiempo para aprenderlo. Los d\u00edas corren en su contra; ya no podr\u00e1 atacarla a partir del momento en que inicie formalmente el proceso electoral. \u201cLos mirones son de palo\u201d.<\/p>\n\n\n\n<figure class=\"wp-block-image is-style-default\"><img decoding=\"async\" src=\"https:\/\/www.proceso.com.mx\/u\/fotografias\/m\/2023\/7\/10\/f768x400-177271_221174_5227.jpg\" alt=\"\"\/><figcaption>AMLO. \u00abLos d\u00edas corren en su contra\u00bb. Foto: Germ\u00e1n Canseco<\/figcaption><\/figure>\n\n\n\n<p>AMLO ha negado que la se\u00f1ora G\u00e1lvez tenga ascendencia ind\u00edgena; ella le va a matar el gallo en la mano en el momento en que, estando en el Estado de Hidalgo o en los debates, se dirija a sus hermanos de raza en otom\u00ed. El que sus asesores de campa\u00f1a promocionen su candidatura reproduciendo una parte de su discurso hablando en ese idioma, ser\u00e1 un torpedo que d\u00e9 en la l\u00ednea de flotaci\u00f3n del candidato de Morena. Hacerlo ser\u00eda un ment\u00eds rotundo y definitivo a lo afirmado por AMLO en el sentido de que ella no es ind\u00edgena.&nbsp;<\/p>\n\n\n\n<p>AMLO presume de que sab\u00eda que la se\u00f1ora X\u00f3chitl G\u00e1lvez era la se\u00f1alada, supuestamente, por el dedo de Claudio X. Gonz\u00e1lez para ser candidata de la alianza opositora. Miente. Est\u00e1 blofeando; no le crean. No esperaba esa noticia, por m\u00e1s que diga que ya estaba enterado con anticipaci\u00f3n. \u00c9l esperaba que fuera Santiago Creel el candidato. Como se ha dicho hasta el cansancio: el destapador de la se\u00f1ora G\u00e1lvez fue el propio AMLO, por sus torpezas.&nbsp;<\/p>\n\n\n\n<p>Marcelo, m\u00e1s que atacar a la se\u00f1ora G\u00e1lvez, debe dedicarse a se\u00f1alar problemas y a formular propuestas, v\u00edas de soluci\u00f3n y nuevas alternativas. Si pretende tener algunas posibilidades de \u00e9xito frente a la se\u00f1ora X\u00f3chitl, lo m\u00e1s pronto posible debe pintar una raya que lo desmarque de AMLO.&nbsp;<\/p>\n\n\n\n<p>AMLO olvid\u00f3 la frase atribuida a Napole\u00f3n: \u201c\u2026Las batallas contra las mujeres son las \u00fanicas que se ganan huyendo de ellas\u201d. Apostaba a que una mujer fuera presidenta de la Rep\u00fablica. Al parecer acert\u00f3 en cuanto al sexo, pero err\u00f3 en cuanto al nombre.&nbsp;<\/p>\n\n\n\n<p>La se\u00f1ora X\u00f3chitl se debe cuidar de no violar la Ley como lo est\u00e1n haciendo las \u201ccorcholatas\u201d de AMLO. La presidenta del INE estar\u00e1 muy dispuesta a dar curso a posibles denuncias en su contra provenientes de AMLO o de Morena. Sin haber violado la Ley, por su presencia ante las puertas de Palacio Nacional y por sus intentos de intervenir en las ma\u00f1aneras, ya es acusada de actos de precampa\u00f1a.&nbsp;<\/p>\n\n\n\n<p>Llegado el momento ser\u00e1 necesario cuestionar ante el INE la legalidad de quien el dedo de AMLO se\u00f1ale como su sucesor. No faltar\u00e1n razones; son graves y reiteradas las violaciones a la Constituci\u00f3n y a la ley electoral de parte de quien resulte candidato de Morena. Es previsible que los se\u00f1alamientos sean desestimados. En el caso de que el candidato de Morena se declare triunfador, ser\u00e1 el Tribunal Electoral del Poder Judicial de la Federaci\u00f3n quien diga la \u00faltima palabra. La elecci\u00f3n se judicializar\u00e1.<\/p>\n\n\n\n<p>Fuente: <a href=\"https:\/\/www.proceso.com.mx\/opinion\/2023\/7\/14\/todo-por-no-leer-los-clasicos-310708.html\">https:\/\/www.proceso.com.mx\/opinion\/2023\/7\/14\/todo-por-no-leer-los-clasicos-310708.html<\/a><\/p>\n","protected":false},"excerpt":{"rendered":"<p>Para AMLO hab\u00eda sido f\u00e1cil atacar a sus adversarios hombres. Lo hac\u00eda de manera magistral y ejemplar. Todo ha cambiado. [&hellip;]<\/p>\n","protected":false},"author":1,"featured_media":54703,"comment_status":"open","ping_status":"open","sticky":false,"template":"","format":"standard","meta":{"site-sidebar-layout":"default","site-content-layout":"","ast-site-content-layout":"default","site-content-style":"default","site-sidebar-style":"default","ast-global-header-display":"","ast-banner-title-visibility":"","ast-main-header-display":"","ast-hfb-above-header-display":"","ast-hfb-below-header-display":"","ast-hfb-mobile-header-display":"","site-post-title":"","ast-breadcrumbs-content":"","ast-featured-img":"","footer-sml-layout":"","theme-transparent-header-meta":"","adv-header-id-meta":"","stick-header-meta":"","header-above-stick-meta":"","header-main-stick-meta":"","header-below-stick-meta":"","astra-migrate-meta-layouts":"default","ast-page-background-enabled":"default","ast-page-background-meta":{"desktop":{"background-color":"var(--ast-global-color-4)","background-image":"","background-repeat":"repeat","background-position":"center center","background-size":"auto","background-attachment":"scroll","background-type":"","background-media":"","overlay-type":"","overlay-color":"","overlay-opacity":"","overlay-gradient":""},"tablet":{"background-color":"","background-image":"","background-repeat":"repeat","background-position":"center center","background-size":"auto","background-attachment":"scroll","background-type":"","background-media":"","overlay-type":"","overlay-color":"","overlay-opacity":"","overlay-gradient":""},"mobile":{"background-color":"","background-image":"","background-repeat":"repeat","background-position":"center center","background-size":"auto","background-attachment":"scroll","background-type":"","background-media":"","overlay-type":"","overlay-color":"","overlay-opacity":"","overlay-gradient":""}},"ast-content-background-meta":{"desktop":{"background-color":"var(--ast-global-color-5)","background-image":"","background-repeat":"repeat","background-position":"center center","background-size":"auto","background-attachment":"scroll","background-type":"","background-media":"","overlay-type":"","overlay-color":"","overlay-opacity":"","overlay-gradient":""},"tablet":{"background-color":"var(--ast-global-color-5)","background-image":"","background-repeat":"repeat","background-position":"center center","background-size":"auto","background-attachment":"scroll","background-type":"","background-media":"","overlay-type":"","overlay-color":"","overlay-opacity":"","overlay-gradient":""},"mobile":{"background-color":"var(--ast-global-color-5)","background-image":"","background-repeat":"repeat","background-position":"center center","background-size":"auto","background-attachment":"scroll","background-type":"","background-media":"","overlay-type":"","overlay-color":"","overlay-opacity":"","overlay-gradient":""}},"footnotes":""},"categories":[8],"tags":[199,17402,14772],"class_list":["post-54702","post","type-post","status-publish","format-standard","has-post-thumbnail","hentry","category-noticias","tag-amlo","tag-elisur-arteaga-nava","tag-xochitl-galvez"],"_links":{"self":[{"href":"https:\/\/losperiodistas.com.mx\/portal\/wp-json\/wp\/v2\/posts\/54702","targetHints":{"allow":["GET"]}}],"collection":[{"href":"https:\/\/losperiodistas.com.mx\/portal\/wp-json\/wp\/v2\/posts"}],"about":[{"href":"https:\/\/losperiodistas.com.mx\/portal\/wp-json\/wp\/v2\/types\/post"}],"author":[{"embeddable":true,"href":"https:\/\/losperiodistas.com.mx\/portal\/wp-json\/wp\/v2\/users\/1"}],"replies":[{"embeddable":true,"href":"https:\/\/losperiodistas.com.mx\/portal\/wp-json\/wp\/v2\/comments?post=54702"}],"version-history":[{"count":1,"href":"https:\/\/losperiodistas.com.mx\/portal\/wp-json\/wp\/v2\/posts\/54702\/revisions"}],"predecessor-version":[{"id":54704,"href":"https:\/\/losperiodistas.com.mx\/portal\/wp-json\/wp\/v2\/posts\/54702\/revisions\/54704"}],"wp:featuredmedia":[{"embeddable":true,"href":"https:\/\/losperiodistas.com.mx\/portal\/wp-json\/wp\/v2\/media\/54703"}],"wp:attachment":[{"href":"https:\/\/losperiodistas.com.mx\/portal\/wp-json\/wp\/v2\/media?parent=54702"}],"wp:term":[{"taxonomy":"category","embeddable":true,"href":"https:\/\/losperiodistas.com.mx\/portal\/wp-json\/wp\/v2\/categories?post=54702"},{"taxonomy":"post_tag","embeddable":true,"href":"https:\/\/losperiodistas.com.mx\/portal\/wp-json\/wp\/v2\/tags?post=54702"}],"curies":[{"name":"wp","href":"https:\/\/api.w.org\/{rel}","templated":true}]}}