{"id":54698,"date":"2023-07-14T08:28:40","date_gmt":"2023-07-14T13:28:40","guid":{"rendered":"http:\/\/losperiodistas.com.mx\/portal\/?p=54698"},"modified":"2023-07-14T08:28:42","modified_gmt":"2023-07-14T13:28:42","slug":"los-miura-protagonizan-un-ultimo-encierro-de-san-fermin-vistoso-y-noble-con-tres-toros-adelantados-rtve","status":"publish","type":"post","link":"https:\/\/losperiodistas.com.mx\/portal\/los-miura-protagonizan-un-ultimo-encierro-de-san-fermin-vistoso-y-noble-con-tres-toros-adelantados-rtve\/","title":{"rendered":"Los Miura protagonizan un \u00faltimo encierro de San Ferm\u00edn vistoso y noble con tres toros adelantados | Rtve"},"content":{"rendered":"\n<p class=\"has-background has-medium-font-size\" style=\"background-color:#f34040\">Cinco corredores han sido trasladados\u00a0al Complejo Hospitalario de Navarra, ninguno con herida por asta<\/p>\n\n\n\n<figure class=\"wp-block-image size-large is-style-default\"><img fetchpriority=\"high\" decoding=\"async\" width=\"1024\" height=\"574\" src=\"https:\/\/losperiodistas.com.mx\/portal\/wp-content\/uploads\/2023\/07\/Captura-de-Pantalla-2023-07-14-a-las-7.19.07-1024x574.jpg\" alt=\"\" class=\"wp-image-54700\" srcset=\"https:\/\/losperiodistas.com.mx\/portal\/wp-content\/uploads\/2023\/07\/Captura-de-Pantalla-2023-07-14-a-las-7.19.07-1024x574.jpg 1024w, https:\/\/losperiodistas.com.mx\/portal\/wp-content\/uploads\/2023\/07\/Captura-de-Pantalla-2023-07-14-a-las-7.19.07-300x168.jpg 300w, https:\/\/losperiodistas.com.mx\/portal\/wp-content\/uploads\/2023\/07\/Captura-de-Pantalla-2023-07-14-a-las-7.19.07-768x431.jpg 768w, https:\/\/losperiodistas.com.mx\/portal\/wp-content\/uploads\/2023\/07\/Captura-de-Pantalla-2023-07-14-a-las-7.19.07-1536x862.jpg 1536w, https:\/\/losperiodistas.com.mx\/portal\/wp-content\/uploads\/2023\/07\/Captura-de-Pantalla-2023-07-14-a-las-7.19.07-2048x1149.jpg 2048w\" sizes=\"(max-width: 1024px) 100vw, 1024px\" \/><\/figure>\n\n\n\n<p><a href=\"https:\/\/www.rtve.es\/play\/videos\/sanfermines\/ultimo-encierro-san-fermin-2023-miura\/6934668\/\">https:\/\/www.rtve.es\/play\/videos\/sanfermines\/ultimo-encierro-san-fermin-2023-miura\/6934668\/<\/a><\/p>\n\n\n\n<p><\/p>\n\n\n\n<p class=\"has-vivid-red-color has-text-color has-medium-font-size\"><strong>SILVIA QU\u00cdLEZ \/ RTVE<\/strong><\/p>\n\n\n\n<p>El octavo encierro de San Ferm\u00edn 2023, protagonizado por la&nbsp;<strong>legendaria ganader\u00eda de Miura, ha sido muy vistoso y r\u00e1pido, con numerosas ca\u00eddas<\/strong>, sobre todo a la altura de la calle Mercaderes con Estafeta, donde tres toros se han adelantado con un manso. Los bravos han completado el recorrido en dos minutos y veintid\u00f3s segundos con un comportamiento muy noble.<\/p>\n\n\n\n<p>Cinco corredores han sido trasladados al Complejo Hospitalario de Navarra con traumatismos, ninguno con herida por asta de toro. Dos contusionados desde la cuesta de Santo Domingo, uno con politraumatismos y otro con traumatismo craneoencef\u00e1lico, desde Mercaderes ha sido trasladado un herido con contusi\u00f3n tor\u00e1cica y desde el tramo del Ayuntamiento otro lesionado con una luxaci\u00f3n de hombro. Otro corredor herido con una hemorragia masiva por una ca\u00edda ha sido atendido en la enfermer\u00eda de la plaza de toros.\u00a0<img decoding=\"async\" src=\"https:\/\/img2.rtve.es\/a\/6934717?w=1600&amp;preview=1689315490158.jpg\" alt=\"Las Ma\u00f1anas de RNE - Octavo encierro de los Sanfermines 2023 - Escuchar ahora\">Las Ma\u00f1anas de RNE &#8211; Octavo encierro de los Sanfermines 2023 &#8211; Escuchar ahora<a href=\"https:\/\/www.rtve.es\/play\/audios\/sanfermines-en-rne\/octavo-encierro-sanfermines-2023\/6934717\/\">https:\/\/www.rtve.es\/play\/audios\/sanfermines-en-rne\/octavo-encierro-sanfermines-2023\/6934717\/<\/a><\/p>\n\n\n\n<p>La torada\u00a0de Miura ha\u00a0tardado\u00a0<strong>dos minutos y 22 segundos en terminar el recorrido en la plaza<\/strong>\u00a0de toros de Pamplona. Precisamente, esta ganader\u00eda\u00a0marc\u00f3 un tiempo r\u00e9cord de dos minutos y cinco segundos en 2015, el m\u00e1s r\u00e1pido al menos desde 1980.<\/p>\n\n\n\n<p class=\"has-cyan-bluish-gray-background-color has-background\"><a href=\"https:\/\/www.rtve.es\/noticias\/20230714\/san-fermin-2023-octavo-encierro-mejores-imagenes-fotos\/2451670.shtml\"><strong>Las mejores im\u00e1genes del octavo encierro de San Ferm\u00edn 2023: vertiginoso y limpio<\/strong><\/a><\/p>\n\n\n\n<p>Solo&nbsp;<strong>dos corredores siguen ingresados en el Complejo Hospitalario de Navarra<\/strong>, el corneado del tercer encierro de los Cebada Gago y el mozo que al d\u00eda siguiente sufri\u00f3 fracturas costales en la carrera de los Fuente Ymbro.<\/p>\n\n\n\n<p>Con temperatura todav\u00eda fresca en una jornada en la que Pamplona est\u00e1 en alerta naranja por calor y m\u00e1s personas en las calles por la llegada del fin de semana, se ha celebrado el esperado encierro de la ganader\u00eda de Lora del R\u00edo.<\/p>\n\n\n\n<p>Tras los tradicionales c\u00e1nticos a San Ferm\u00edn, dedicados en esta ocasi\u00f3n a uno de sus impulsores, recientemente fallecido, ha arrancado puntual a las 8 de la ma\u00f1ana la carrera que ha dejado, al menos, seis trasladados al Hospital Universitario de Navarra por contusiones y heridas.<\/p>\n\n\n\n<h3 class=\"wp-block-heading\"><strong>Tensi\u00f3n en el callej\u00f3n de la plaza<\/strong><\/h3>\n\n\n\n<p>Los toros han salido muy agrupados de los corrales de&nbsp;Santo Domingo, donde los mozos han podido correr delante de uno de ellos que ha abierto la manada. Los tres primeros, sin todav\u00eda separarse de sus hermanos, han ido cogiendo posici\u00f3n en cabeza con uno de los mansos y han formado un grupo.<\/p>\n\n\n\n<p>En los tramos de Ayuntamiento y Mercaderes, los bravos se han estirado poco a poco, hasta llegar a la curva con Estafeta, que han cogido sin ca\u00eddas, pero que ha hecho que el grupo se separa en dos, con los tres primeros toros negros a mayor velocidad y cogiendo distancia al resto.<\/p>\n\n\n\n<p class=\"has-text-align-left\">En el\u00a0<strong>inicio de la Estafeta, la manada se ha partido en dos<\/strong>, y de esta forma, con tres toros en la cabeza y otros tres agrupados con cabestros, se han visto tanto ca\u00eddas como bonitas carreras.\u00a0Los de Miura han subido la calle Estafeta sin grandes sustos, pero al llegar a los tramos de Telef\u00f3nica y Callej\u00f3n, pegados a la derecha, se han producido momentos de peligro con varias personas ca\u00eddas junto al vallado y con los astados pasando por al lado.<\/p>\n\n\n\n<p class=\"has-text-align-left\"><img decoding=\"async\" src=\"https:\/\/img2.rtve.es\/v\/6934732?w=1600&amp;preview=1689316062191.jpg\" alt=\"Octavo encierro de San Ferm\u00edn, con la ganader\u00eda de los Miura: mira la carrera comentada y a c\u00e1mara lenta\"><a href=\"https:\/\/www.rtve.es\/play\/videos\/sanfermines\/octavo-encierro-san-fermin-ganaderia-miura-mira-carrera-comentada-camra-lenta\/6934732\/\">https:\/\/www.rtve.es\/noticias\/20230714\/octavo-encierro-san-fermin-2023-cronica\/2451948.shtml<\/a><\/p>\n\n\n\n<p class=\"has-text-align-left\">Octavo encierro de San Ferm\u00edn a c\u00e1mara lenta<\/p>\n\n\n\n<p>https:\/\/secure-embed.rtve.es\/drmn\/embed\/video\/6934732 <img decoding=\"async\" src=\"https:\/\/img2.rtve.es\/css\/rtve.commons\/rtve.header.footer\/i\/logoRTVEes.png\" alt=\"\"><a href=\"https:\/\/www.rtve.es\/play\/videos\/sanfermines\/octavo-encierro-san-fermin-ganaderia-miura-mira-carrera-comentada-camra-lenta\/6934732\/\"> <strong>Octavo encierro de San Ferm\u00edn a c\u00e1mara lenta<\/strong><\/a><\/p>\n\n\n\n<p>A partir de este momento se han vivido dos encierros paralelos, con tres toros cada uno, perfectamente agrupados y con un comportamiento noble, sin mirar a los lados ni arremeter contra los corredores.<\/p>\n\n\n\n<p>En la bajada al callej\u00f3n de la plaza se ha producido uno de los momentos de m\u00e1s peligro cuando&nbsp;<strong>uno de los toros ha empujado con la pala de su pit\u00f3n la espalda de una corredora<\/strong>.<\/p>\n\n\n\n<p>Los primeros toros han completado el recorrido en poco m\u00e1s de dos minutos y lo que ha hecho que se alargara hasta los dos minutos y veintid\u00f3s segundos ha sido la posterior entrada de sus hermanos a los corrales de la Monumental.<\/p>\n\n\n\n<h3 class=\"wp-block-heading\"><strong>Los Miura, leyenda viva<\/strong><\/h3>\n\n\n\n<p>La manada de toros que ha corrido este encierro est\u00e1 formada por tres toros de pelo negro, &#8216;Far\u00e1ndolo&#8217; (n\u00ba27, 630 kg), &#8216;Papelero&#8217; (n\u00ba29, 635 kg) y &#8216;Almagre\u00f1o&#8217; (n\u00ba37, 590 kg) y otros tres c\u00e1rdenos (gris ceniza), &#8216;Reinasolo&#8217; (n\u00ba 10, 615 kg), &#8216;Panadero&#8217; (n\u00ba42, 625 kg) y &#8216;Famoso (n\u00ba 61, 565 kg).<\/p>\n\n\n\n<p>Los\u00a0<strong>astados de Miura hicieron tambi\u00e9n en 2022 un encierro veloz y muy limpio<\/strong>\u00a0que tardaron en completar dos minutos y 16 segundos con un comportamiento muy noble y dejaron seis corredores trasladados al hospital, uno de ellos por asta de toro, aunque leve.<\/p>\n\n\n\n<p class=\"has-cyan-bluish-gray-background-color has-background\"><a href=\"https:\/\/www.rtve.es\/noticias\/20220714\/octavo-encierro-san-fermin\/2388500.shtml\"><strong>Los Miura cierran San Ferm\u00edn con un octavo encierro veloz y muy limpio<\/strong><\/a><\/p>\n\n\n\n<p>La ganader\u00eda Miura, la&nbsp;m\u00e1s antigua en manos de sus fundadores, con m\u00e1s de 175 a\u00f1os de tradici\u00f3n, es uno&nbsp;de los hierros m\u00e1s veteranos en los Sanfermines y&nbsp;este 2023 cumplen su encierro n\u00famero 55 en Pamplona.&nbsp;<\/p>\n\n\n\n<p>Los astados, que pastan en la finca Zahariche de\u00a0Lora del R\u00edo (Sevilla), son adem\u00e1s desde hace a\u00f1os el broche de oro en el \u00faltimo encierro de San Ferm\u00edn, previo al &#8216;Pobre de m\u00ed&#8217;. Su comportamiento\u00a0y procedencia (encaste Cabrera), la hacen \u00fanica. Tienen una especial habilidad en la orientaci\u00f3n y aprenden r\u00e1pido, lo que los hace especialmente peligrosos en los \u00faltimos tramos del encierro.<\/p>\n\n\n\n<p class=\"has-cyan-bluish-gray-background-color has-background\"><a href=\"https:\/\/www.rtve.es\/noticias\/20230703\/miura-ganaderia-octavo-encierro-2023\/2450974.shtml\"><strong>Miura: colof\u00f3n de leyenda<\/strong><em>RAFA GARC\u00cdA GARC\u00cdA DE LA TORRE (CLAR\u00cdN &#8211; RNE)<\/em><\/a><\/p>\n\n\n\n<p>Este a\u00f1o van a lidiarlos el manchego Rub\u00e9n Pinar, el franc\u00e9s Juan Leal y el venezolano Jes\u00fas Enrique Colombo. En 2022 permitieron el triunfo a Antonio Ferrera en su corrida en solitario.<\/p>\n\n\n\n<p>Fuente: <a href=\"https:\/\/www.rtve.es\/noticias\/20230714\/octavo-encierro-san-fermin-2023-cronica\/2451948.shtml\">https:\/\/www.rtve.es\/noticias\/20230714\/octavo-encierro-san-fermin-2023-cronica\/2451948.shtml<\/a><\/p>\n","protected":false},"excerpt":{"rendered":"<p>Cinco corredores han sido trasladados\u00a0al Complejo Hospitalario de Navarra, ninguno con herida por asta https:\/\/www.rtve.es\/play\/videos\/sanfermines\/ultimo-encierro-san-fermin-2023-miura\/6934668\/ SILVIA QU\u00cdLEZ \/ RTVE El [&hellip;]<\/p>\n","protected":false},"author":1,"featured_media":54700,"comment_status":"open","ping_status":"open","sticky":false,"template":"","format":"standard","meta":{"site-sidebar-layout":"default","site-content-layout":"","ast-site-content-layout":"default","site-content-style":"default","site-sidebar-style":"default","ast-global-header-display":"","ast-banner-title-visibility":"","ast-main-header-display":"","ast-hfb-above-header-display":"","ast-hfb-below-header-display":"","ast-hfb-mobile-header-display":"","site-post-title":"","ast-breadcrumbs-content":"","ast-featured-img":"","footer-sml-layout":"","theme-transparent-header-meta":"","adv-header-id-meta":"","stick-header-meta":"","header-above-stick-meta":"","header-main-stick-meta":"","header-below-stick-meta":"","astra-migrate-meta-layouts":"default","ast-page-background-enabled":"default","ast-page-background-meta":{"desktop":{"background-color":"var(--ast-global-color-4)","background-image":"","background-repeat":"repeat","background-position":"center center","background-size":"auto","background-attachment":"scroll","background-type":"","background-media":"","overlay-type":"","overlay-color":"","overlay-opacity":"","overlay-gradient":""},"tablet":{"background-color":"","background-image":"","background-repeat":"repeat","background-position":"center center","background-size":"auto","background-attachment":"scroll","background-type":"","background-media":"","overlay-type":"","overlay-color":"","overlay-opacity":"","overlay-gradient":""},"mobile":{"background-color":"","background-image":"","background-repeat":"repeat","background-position":"center center","background-size":"auto","background-attachment":"scroll","background-type":"","background-media":"","overlay-type":"","overlay-color":"","overlay-opacity":"","overlay-gradient":""}},"ast-content-background-meta":{"desktop":{"background-color":"var(--ast-global-color-5)","background-image":"","background-repeat":"repeat","background-position":"center center","background-size":"auto","background-attachment":"scroll","background-type":"","background-media":"","overlay-type":"","overlay-color":"","overlay-opacity":"","overlay-gradient":""},"tablet":{"background-color":"var(--ast-global-color-5)","background-image":"","background-repeat":"repeat","background-position":"center center","background-size":"auto","background-attachment":"scroll","background-type":"","background-media":"","overlay-type":"","overlay-color":"","overlay-opacity":"","overlay-gradient":""},"mobile":{"background-color":"var(--ast-global-color-5)","background-image":"","background-repeat":"repeat","background-position":"center center","background-size":"auto","background-attachment":"scroll","background-type":"","background-media":"","overlay-type":"","overlay-color":"","overlay-opacity":"","overlay-gradient":""}},"footnotes":""},"categories":[8],"tags":[17401,17291],"class_list":["post-54698","post","type-post","status-publish","format-standard","has-post-thumbnail","hentry","category-noticias","tag-miura","tag-san-fermin-2023"],"_links":{"self":[{"href":"https:\/\/losperiodistas.com.mx\/portal\/wp-json\/wp\/v2\/posts\/54698","targetHints":{"allow":["GET"]}}],"collection":[{"href":"https:\/\/losperiodistas.com.mx\/portal\/wp-json\/wp\/v2\/posts"}],"about":[{"href":"https:\/\/losperiodistas.com.mx\/portal\/wp-json\/wp\/v2\/types\/post"}],"author":[{"embeddable":true,"href":"https:\/\/losperiodistas.com.mx\/portal\/wp-json\/wp\/v2\/users\/1"}],"replies":[{"embeddable":true,"href":"https:\/\/losperiodistas.com.mx\/portal\/wp-json\/wp\/v2\/comments?post=54698"}],"version-history":[{"count":1,"href":"https:\/\/losperiodistas.com.mx\/portal\/wp-json\/wp\/v2\/posts\/54698\/revisions"}],"predecessor-version":[{"id":54701,"href":"https:\/\/losperiodistas.com.mx\/portal\/wp-json\/wp\/v2\/posts\/54698\/revisions\/54701"}],"wp:featuredmedia":[{"embeddable":true,"href":"https:\/\/losperiodistas.com.mx\/portal\/wp-json\/wp\/v2\/media\/54700"}],"wp:attachment":[{"href":"https:\/\/losperiodistas.com.mx\/portal\/wp-json\/wp\/v2\/media?parent=54698"}],"wp:term":[{"taxonomy":"category","embeddable":true,"href":"https:\/\/losperiodistas.com.mx\/portal\/wp-json\/wp\/v2\/categories?post=54698"},{"taxonomy":"post_tag","embeddable":true,"href":"https:\/\/losperiodistas.com.mx\/portal\/wp-json\/wp\/v2\/tags?post=54698"}],"curies":[{"name":"wp","href":"https:\/\/api.w.org\/{rel}","templated":true}]}}