{"id":54695,"date":"2023-07-14T08:08:51","date_gmt":"2023-07-14T13:08:51","guid":{"rendered":"http:\/\/losperiodistas.com.mx\/portal\/?p=54695"},"modified":"2023-07-14T08:08:53","modified_gmt":"2023-07-14T13:08:53","slug":"invita-cultura-a-grupos-dancisticos-a-participar-en-el-huey-atlixcayotl-2023","status":"publish","type":"post","link":"https:\/\/losperiodistas.com.mx\/portal\/invita-cultura-a-grupos-dancisticos-a-participar-en-el-huey-atlixcayotl-2023\/","title":{"rendered":"Invita Cultura a grupos danc\u00edsticos a participar en el Huey Atlixc\u00e1yotl 2023"},"content":{"rendered":"\n<p><em>Aquellos interesados podr\u00e1n postularse de manera virtual hasta el jueves 20 de julio, o de forma presencial a m\u00e1s tardar el mi\u00e9rcoles 19<\/em><\/p>\n\n\n\n<p class=\"has-medium-font-size\"><em>&#8211; Los bailes y danzas seleccionados ser\u00e1n dados a conocer el lunes 24 del mismo mes<\/em><\/p>\n\n\n\n<figure class=\"wp-block-image size-large is-style-default\"><img fetchpriority=\"high\" decoding=\"async\" width=\"1024\" height=\"1018\" src=\"https:\/\/losperiodistas.com.mx\/portal\/wp-content\/uploads\/2023\/07\/Captura-de-Pantalla-2023-07-14-a-las-7.04.54-1024x1018.jpg\" alt=\"\" class=\"wp-image-54696\" srcset=\"https:\/\/losperiodistas.com.mx\/portal\/wp-content\/uploads\/2023\/07\/Captura-de-Pantalla-2023-07-14-a-las-7.04.54-1024x1018.jpg 1024w, https:\/\/losperiodistas.com.mx\/portal\/wp-content\/uploads\/2023\/07\/Captura-de-Pantalla-2023-07-14-a-las-7.04.54-300x298.jpg 300w, https:\/\/losperiodistas.com.mx\/portal\/wp-content\/uploads\/2023\/07\/Captura-de-Pantalla-2023-07-14-a-las-7.04.54-150x150.jpg 150w, https:\/\/losperiodistas.com.mx\/portal\/wp-content\/uploads\/2023\/07\/Captura-de-Pantalla-2023-07-14-a-las-7.04.54-768x764.jpg 768w, https:\/\/losperiodistas.com.mx\/portal\/wp-content\/uploads\/2023\/07\/Captura-de-Pantalla-2023-07-14-a-las-7.04.54-1536x1527.jpg 1536w, https:\/\/losperiodistas.com.mx\/portal\/wp-content\/uploads\/2023\/07\/Captura-de-Pantalla-2023-07-14-a-las-7.04.54-2048x2036.jpg 2048w\" sizes=\"(max-width: 1024px) 100vw, 1024px\" \/><\/figure>\n\n\n\n<p><\/p>\n\n\n\n<p class=\"has-vivid-red-color has-text-color has-medium-font-size\"><strong>COMUNICADO<\/strong><\/p>\n\n\n\n<p><strong>CIUDAD DE PUEBLA, Pue.-<\/strong>&nbsp;El gobierno presente de Sergio Salom\u00f3n, a trav\u00e9s de la Secretar\u00eda de Cultura y en conjunto con el Ayuntamiento de Atlixco y el Patronato del Festival \u201cHuey Atlixc\u00e1yotl\u201d, invita a grupos de danza y baile \u00e9tnico de las regiones de la entidad a participar en la 58 edici\u00f3n de dicha festividad, que ser\u00e1 realizada los d\u00edas 21, 22, 23 y 24 de septiembre del presente a\u00f1o.<\/p>\n\n\n\n<p>Las agrupaciones interesadas deber\u00e1n llenar el registro de inscripci\u00f3n (disponible en el sitio web&nbsp;<a href=\"https:\/\/bit.ly\/hueyatlixcayotl\">https:\/\/bit.ly\/hueyatlixcayotl<\/a>) hasta las 12:00 horas del jueves 20 de julio; o bien, acudir a las oficinas de la Direcci\u00f3n de Artes Pl\u00e1sticas y Esc\u00e9nicas de la dependencia (7 Oriente 15, Centro Hist\u00f3rico) a m\u00e1s tardar el mi\u00e9rcoles 19 del mismo mes, de 10:00 a 15:00 horas.<\/p>\n\n\n\n<p>Algunos de los requisitos para postularse son: solicitud de participaci\u00f3n firmada por el presidente municipal de su demarcaci\u00f3n; carta que designe al representante del grupo y nombre completo del mismo; y resumen, n\u00famero de participantes, lugar de origen, videos y fotograf\u00edas de la danza o baile a presentar.<\/p>\n\n\n\n<p>Un comit\u00e9 especializado tomar\u00e1 en cuenta la investigaci\u00f3n etnol\u00f3gica y etnogeogr\u00e1fica, regi\u00f3n, vestuario, coreograf\u00eda y originalidad de los grupos para seleccionar a los participantes. Dichos resultados ser\u00e1n dados a conocer el 24 de julio a trav\u00e9s de la p\u00e1gina oficial (<a href=\"http:\/\/sc.puebla.gob.mx\/\">sc.puebla.gob.mx\/<\/a>) y redes sociales de la Secretar\u00eda de Cultura.<\/p>\n\n\n\n<p>Para m\u00e1s informaci\u00f3n, dudas o aclaraciones, las y los interesados pueden comunicarse al correo\u00a0<a href=\"mailto:danza.cultura@puebla.gob.mx\">danza.cultura@puebla.gob.mx<\/a>\u00a0o al tel\u00e9fono 22 26 88 48 21, as\u00ed como a las redes sociales de la dependencia: Secretar\u00eda de Cultura Puebla (Facebook) y @CulturaGobPue (Twitter).<\/p>\n\n\n\n<p>Fuente: <a href=\"https:\/\/www.puebla.gob.mx\/index.php\/noticias\/item\/12810-invita-cultura-a-grupos-dancisticos-a-participar-en-el-huey-atlixcayotl-2023\">https:\/\/www.puebla.gob.mx\/index.php\/noticias\/item\/12810-invita-cultura-a-grupos-dancisticos-a-participar-en-el-huey-atlixcayotl-2023<\/a><\/p>\n","protected":false},"excerpt":{"rendered":"<p>Aquellos interesados podr\u00e1n postularse de manera virtual hasta el jueves 20 de julio, o de forma presencial a m\u00e1s tardar [&hellip;]<\/p>\n","protected":false},"author":1,"featured_media":54696,"comment_status":"open","ping_status":"open","sticky":false,"template":"","format":"standard","meta":{"site-sidebar-layout":"default","site-content-layout":"","ast-site-content-layout":"default","site-content-style":"default","site-sidebar-style":"default","ast-global-header-display":"","ast-banner-title-visibility":"","ast-main-header-display":"","ast-hfb-above-header-display":"","ast-hfb-below-header-display":"","ast-hfb-mobile-header-display":"","site-post-title":"","ast-breadcrumbs-content":"","ast-featured-img":"","footer-sml-layout":"","theme-transparent-header-meta":"","adv-header-id-meta":"","stick-header-meta":"","header-above-stick-meta":"","header-main-stick-meta":"","header-below-stick-meta":"","astra-migrate-meta-layouts":"default","ast-page-background-enabled":"default","ast-page-background-meta":{"desktop":{"background-color":"var(--ast-global-color-4)","background-image":"","background-repeat":"repeat","background-position":"center center","background-size":"auto","background-attachment":"scroll","background-type":"","background-media":"","overlay-type":"","overlay-color":"","overlay-opacity":"","overlay-gradient":""},"tablet":{"background-color":"","background-image":"","background-repeat":"repeat","background-position":"center center","background-size":"auto","background-attachment":"scroll","background-type":"","background-media":"","overlay-type":"","overlay-color":"","overlay-opacity":"","overlay-gradient":""},"mobile":{"background-color":"","background-image":"","background-repeat":"repeat","background-position":"center center","background-size":"auto","background-attachment":"scroll","background-type":"","background-media":"","overlay-type":"","overlay-color":"","overlay-opacity":"","overlay-gradient":""}},"ast-content-background-meta":{"desktop":{"background-color":"var(--ast-global-color-5)","background-image":"","background-repeat":"repeat","background-position":"center center","background-size":"auto","background-attachment":"scroll","background-type":"","background-media":"","overlay-type":"","overlay-color":"","overlay-opacity":"","overlay-gradient":""},"tablet":{"background-color":"var(--ast-global-color-5)","background-image":"","background-repeat":"repeat","background-position":"center center","background-size":"auto","background-attachment":"scroll","background-type":"","background-media":"","overlay-type":"","overlay-color":"","overlay-opacity":"","overlay-gradient":""},"mobile":{"background-color":"var(--ast-global-color-5)","background-image":"","background-repeat":"repeat","background-position":"center center","background-size":"auto","background-attachment":"scroll","background-type":"","background-media":"","overlay-type":"","overlay-color":"","overlay-opacity":"","overlay-gradient":""}},"footnotes":""},"categories":[8],"tags":[6092,17400],"class_list":["post-54695","post","type-post","status-publish","format-standard","has-post-thumbnail","hentry","category-noticias","tag-gobierno-de-puebla","tag-huey-atlixcayotl-2023"],"_links":{"self":[{"href":"https:\/\/losperiodistas.com.mx\/portal\/wp-json\/wp\/v2\/posts\/54695","targetHints":{"allow":["GET"]}}],"collection":[{"href":"https:\/\/losperiodistas.com.mx\/portal\/wp-json\/wp\/v2\/posts"}],"about":[{"href":"https:\/\/losperiodistas.com.mx\/portal\/wp-json\/wp\/v2\/types\/post"}],"author":[{"embeddable":true,"href":"https:\/\/losperiodistas.com.mx\/portal\/wp-json\/wp\/v2\/users\/1"}],"replies":[{"embeddable":true,"href":"https:\/\/losperiodistas.com.mx\/portal\/wp-json\/wp\/v2\/comments?post=54695"}],"version-history":[{"count":1,"href":"https:\/\/losperiodistas.com.mx\/portal\/wp-json\/wp\/v2\/posts\/54695\/revisions"}],"predecessor-version":[{"id":54697,"href":"https:\/\/losperiodistas.com.mx\/portal\/wp-json\/wp\/v2\/posts\/54695\/revisions\/54697"}],"wp:featuredmedia":[{"embeddable":true,"href":"https:\/\/losperiodistas.com.mx\/portal\/wp-json\/wp\/v2\/media\/54696"}],"wp:attachment":[{"href":"https:\/\/losperiodistas.com.mx\/portal\/wp-json\/wp\/v2\/media?parent=54695"}],"wp:term":[{"taxonomy":"category","embeddable":true,"href":"https:\/\/losperiodistas.com.mx\/portal\/wp-json\/wp\/v2\/categories?post=54695"},{"taxonomy":"post_tag","embeddable":true,"href":"https:\/\/losperiodistas.com.mx\/portal\/wp-json\/wp\/v2\/tags?post=54695"}],"curies":[{"name":"wp","href":"https:\/\/api.w.org\/{rel}","templated":true}]}}