{"id":54692,"date":"2023-07-14T07:41:50","date_gmt":"2023-07-14T12:41:50","guid":{"rendered":"http:\/\/losperiodistas.com.mx\/portal\/?p=54692"},"modified":"2023-07-14T07:41:52","modified_gmt":"2023-07-14T12:41:52","slug":"covian-alza-la-mano-para-la-alcaldia-de-puebla","status":"publish","type":"post","link":"https:\/\/losperiodistas.com.mx\/portal\/covian-alza-la-mano-para-la-alcaldia-de-puebla\/","title":{"rendered":"Covi\u00e1n alza la mano para la Alcald\u00eda de Puebla"},"content":{"rendered":"\n<p class=\"has-medium-font-size\">*Actualmente es Coordinador Municipal de una Fundaci\u00f3n del MC<\/p>\n\n\n\n<figure class=\"wp-block-image size-large is-style-default\"><img fetchpriority=\"high\" decoding=\"async\" width=\"1024\" height=\"685\" src=\"https:\/\/losperiodistas.com.mx\/portal\/wp-content\/uploads\/2023\/07\/EDUARDO-COVIA\u0301N-1024x685.jpeg\" alt=\"\" class=\"wp-image-54693\" srcset=\"https:\/\/losperiodistas.com.mx\/portal\/wp-content\/uploads\/2023\/07\/EDUARDO-COVIA\u0301N-1024x685.jpeg 1024w, https:\/\/losperiodistas.com.mx\/portal\/wp-content\/uploads\/2023\/07\/EDUARDO-COVIA\u0301N-300x201.jpeg 300w, https:\/\/losperiodistas.com.mx\/portal\/wp-content\/uploads\/2023\/07\/EDUARDO-COVIA\u0301N-768x514.jpeg 768w, https:\/\/losperiodistas.com.mx\/portal\/wp-content\/uploads\/2023\/07\/EDUARDO-COVIA\u0301N-1536x1027.jpeg 1536w, https:\/\/losperiodistas.com.mx\/portal\/wp-content\/uploads\/2023\/07\/EDUARDO-COVIA\u0301N-2048x1370.jpeg 2048w\" sizes=\"(max-width: 1024px) 100vw, 1024px\" \/><\/figure>\n\n\n\n<p><\/p>\n\n\n\n<p><\/p>\n\n\n\n<p class=\"has-vivid-red-color has-text-color\" style=\"font-size:26px\"><strong><em>Por Ra\u00fal Torres Salmer\u00f3n<\/em><\/strong><\/p>\n\n\n\n<p>La lucha pol\u00edtica por Puebla Capital apenas empieza. Los analistas mencionan a algunos. Los morenos filtran nombres y la coalici\u00f3n PAN, PRI, PRD, maneja varios nombres.<\/p>\n\n\n\n<p>Por Movimiento Ciudadano (MC), se apunta Eduardo Covi\u00e1n Carrizales, quien en una reuni\u00f3n con columnistas en el Hotel Posada San Pedro, habla de sus aspiraciones, sus definiciones, su pasado pol\u00edtico, su familia y sus planes para Puebla Capital.<\/p>\n\n\n\n<p>Covi\u00e1n Carrizales, quien ya fue Regidor en dos ocasiones y fungi\u00f3 como Secretario de Movilidad Municipal, alza la mano para la candidatura del MC a la Alcald\u00eda de Puebla Capital. Las siguientes son sus expresiones:&nbsp;<\/p>\n\n\n\n<p>-Tengo el nombramiento de Coordinador Municipal en Puebla Capital de la Fundaci\u00f3n Municipios en Movimiento del MC, a cargo de Jos\u00e9 Manuel del R\u00edo Virgen.<\/p>\n\n\n\n<p>-Una encuesta me coloca con 7 puntos porcentuales debajo del PAN y MORENA, sin embargo, conf\u00eda que a finales del a\u00f1o logre superar los 2 d\u00edgitos y ser m\u00e1s competitivo.<\/p>\n\n\n\n<p>-Buscamos acercar m\u00e1s a la gente y sus verdaderas necesidades a las plataformas pol\u00edticas como MC. Por ahora, se desarrollan e implementan proyectos que beneficien a las localidades y MC se distingue por ser abierto a la participaci\u00f3n con el 50 por ciento de sus candidaturas a la sociedad civil, algo que no hacen otros partidos pol\u00edticos.<\/p>\n\n\n\n<p>-Puebla Capital es una de las ciudades m\u00e1s importantes del pa\u00eds y debe solucionarse la distribuci\u00f3n del agua potable, el cuidado del medio ambiente, la prestaci\u00f3n de servicios p\u00fablicos de calidad y especial atenci\u00f3n a otros temas fundamentales como la seguridad p\u00fablica, el transporte y la movilidad, para que los poblanos cuenten con una mejor calidad de vida. La inseguridad p\u00fablica genera una baja participaci\u00f3n ciudadana.<\/p>\n\n\n\n<p>-Estos problemas no se han atendido con seriedad, por lo que a\u00fan se tiene la oportunidad de convertir a la ciudad en un modelo sustentable. Hace falta una visi\u00f3n a largo y mediano plazo.<\/p>\n\n\n\n<p>-Estamos por cumplir 500 a\u00f1os como ciudad. Nadie se ha preocupado por ello. Puebla es una ciudad importante. A ocho a\u00f1os de su aniversario m\u00e1s importante, no hay nada. No hay un di\u00e1logo entre todos los sectores para celebrar esa fecha como debe ser. Debe haber una gran fiesta y desde ahora debe planificarse.<\/p>\n\n\n\n<p>-M\u00e1s all\u00e1 de un tema pol\u00edtico de privatizar o remunicipalizar, deben investigarse las causas que originan escasez de agua, algo que no se ha tratado. El problema del agua debe resolverse entre Puebla y Tlaxcala y 30 municipios de ambos estados.<\/p>\n\n\n\n<p>-Debe atenderse la movilidad, con nuevas formas y mejorando las ya existentes. El manejo del transporte p\u00fablico es un asunto donde el Ayuntamiento debe intervenir. Deben recuperase los espacios p\u00fablicos para los m\u00e1s j\u00f3venes.<\/p>\n\n\n\n<p>-Los servicios p\u00fablicos deben ser iguales para todos, especialmente los asentamientos alejados y pobres del Municipio. Existe una desigualdad enorme y tiene que cerrarse esa brecha. Es tal desigualdad que colonias del sur y juntas auxiliares no tienen una calidad de los servicios. Las autoridades no han hecho nada y ello causa poca participaci\u00f3n de la gente.<\/p>\n\n\n\n<p>-El Estado de Puebla es la \u00fanica entidad del pa\u00eds que no cuenta con una Ley de Participaci\u00f3n Ciudadana, entonces no existen mecanismos de participaci\u00f3n. Es urgente aprobarla.<\/p>\n\n\n\n<p>-Tengo 45 a\u00f1os de edad, soltero, dos divorcios, sin hijos. Empec\u00e9 mi carrera pol\u00edtica en el PAN, a los 17 a\u00f1os entr\u00e9 a Acci\u00f3n Juvenil y fui l\u00edder de esa agrupaci\u00f3n, fui Regidor de 2001 a 2004 en el Ayuntamiento de Luis Paredes y me toc\u00f3 ser el suplente del alcalde por un espacio de un mes a los 26 a\u00f1os.<\/p>\n\n\n\n<p>-Establec\u00ed mi negocio de seguros y volv\u00ed a ser Regidor con la morenista Claudia Rivera Vivanco en 2018. Al a\u00f1o siguiente ped\u00ed licencia y me nombraron Secretario de Movilidad Municipal. No me afili\u00e9 a MORENA.<\/p>\n\n\n\n<p>-Desde 2022 soy militante activo de Movimiento Ciudadano. He platicado con Luis Donaldo Colosio y Samuel Garc\u00eda en Nuevo Le\u00f3n, los mejores cuadros que tienen.<\/p>\n\n\n\n<p>Seg\u00fan C % E, Campaigns % Elections M\u00e9xico de Alejandro Rodr\u00edguez, hoy d\u00eda como candidato de MC a la Alcald\u00eda de Puebla Capital, tiene el 7 por ciento, mientras Jos\u00e9 Chedraui el 34 por ciento con Morena, Verde y PT y Mario Riestra con 39 por ciento por el PRI, PAN y PRD.<\/p>\n\n\n\n<p>En fin, como dice la copla flamenca:<\/p>\n\n\n\n<p>Esperar y no venir,<\/p>\n\n\n\n<p>querer y que no te quieran,<\/p>\n\n\n\n<p>tener sue\u00f1o y no dormir,<\/p>\n\n\n\n<p>cu\u00e1l ser\u00e1 mayor pena<\/p>\n\n\n\n<p>para el que sepa sentir.<\/p>\n\n\n\n<p>raultorress@hotmail.com<\/p>\n","protected":false},"excerpt":{"rendered":"<p>*Actualmente es Coordinador Municipal de una Fundaci\u00f3n del MC Por Ra\u00fal Torres Salmer\u00f3n La lucha pol\u00edtica por Puebla Capital apenas [&hellip;]<\/p>\n","protected":false},"author":1,"featured_media":54693,"comment_status":"open","ping_status":"open","sticky":false,"template":"","format":"standard","meta":{"site-sidebar-layout":"default","site-content-layout":"","ast-site-content-layout":"default","site-content-style":"default","site-sidebar-style":"default","ast-global-header-display":"","ast-banner-title-visibility":"","ast-main-header-display":"","ast-hfb-above-header-display":"","ast-hfb-below-header-display":"","ast-hfb-mobile-header-display":"","site-post-title":"","ast-breadcrumbs-content":"","ast-featured-img":"","footer-sml-layout":"","theme-transparent-header-meta":"","adv-header-id-meta":"","stick-header-meta":"","header-above-stick-meta":"","header-main-stick-meta":"","header-below-stick-meta":"","astra-migrate-meta-layouts":"default","ast-page-background-enabled":"default","ast-page-background-meta":{"desktop":{"background-color":"var(--ast-global-color-4)","background-image":"","background-repeat":"repeat","background-position":"center center","background-size":"auto","background-attachment":"scroll","background-type":"","background-media":"","overlay-type":"","overlay-color":"","overlay-opacity":"","overlay-gradient":""},"tablet":{"background-color":"","background-image":"","background-repeat":"repeat","background-position":"center center","background-size":"auto","background-attachment":"scroll","background-type":"","background-media":"","overlay-type":"","overlay-color":"","overlay-opacity":"","overlay-gradient":""},"mobile":{"background-color":"","background-image":"","background-repeat":"repeat","background-position":"center center","background-size":"auto","background-attachment":"scroll","background-type":"","background-media":"","overlay-type":"","overlay-color":"","overlay-opacity":"","overlay-gradient":""}},"ast-content-background-meta":{"desktop":{"background-color":"var(--ast-global-color-5)","background-image":"","background-repeat":"repeat","background-position":"center center","background-size":"auto","background-attachment":"scroll","background-type":"","background-media":"","overlay-type":"","overlay-color":"","overlay-opacity":"","overlay-gradient":""},"tablet":{"background-color":"var(--ast-global-color-5)","background-image":"","background-repeat":"repeat","background-position":"center center","background-size":"auto","background-attachment":"scroll","background-type":"","background-media":"","overlay-type":"","overlay-color":"","overlay-opacity":"","overlay-gradient":""},"mobile":{"background-color":"var(--ast-global-color-5)","background-image":"","background-repeat":"repeat","background-position":"center center","background-size":"auto","background-attachment":"scroll","background-type":"","background-media":"","overlay-type":"","overlay-color":"","overlay-opacity":"","overlay-gradient":""}},"footnotes":""},"categories":[8,19],"tags":[17399,2320,9709],"class_list":["post-54692","post","type-post","status-publish","format-standard","has-post-thumbnail","hentry","category-noticias","category-sin-limites-2","tag-eduardo-covian-carrizales","tag-movimiento-ciudadano","tag-puebla-2024"],"_links":{"self":[{"href":"https:\/\/losperiodistas.com.mx\/portal\/wp-json\/wp\/v2\/posts\/54692","targetHints":{"allow":["GET"]}}],"collection":[{"href":"https:\/\/losperiodistas.com.mx\/portal\/wp-json\/wp\/v2\/posts"}],"about":[{"href":"https:\/\/losperiodistas.com.mx\/portal\/wp-json\/wp\/v2\/types\/post"}],"author":[{"embeddable":true,"href":"https:\/\/losperiodistas.com.mx\/portal\/wp-json\/wp\/v2\/users\/1"}],"replies":[{"embeddable":true,"href":"https:\/\/losperiodistas.com.mx\/portal\/wp-json\/wp\/v2\/comments?post=54692"}],"version-history":[{"count":1,"href":"https:\/\/losperiodistas.com.mx\/portal\/wp-json\/wp\/v2\/posts\/54692\/revisions"}],"predecessor-version":[{"id":54694,"href":"https:\/\/losperiodistas.com.mx\/portal\/wp-json\/wp\/v2\/posts\/54692\/revisions\/54694"}],"wp:featuredmedia":[{"embeddable":true,"href":"https:\/\/losperiodistas.com.mx\/portal\/wp-json\/wp\/v2\/media\/54693"}],"wp:attachment":[{"href":"https:\/\/losperiodistas.com.mx\/portal\/wp-json\/wp\/v2\/media?parent=54692"}],"wp:term":[{"taxonomy":"category","embeddable":true,"href":"https:\/\/losperiodistas.com.mx\/portal\/wp-json\/wp\/v2\/categories?post=54692"},{"taxonomy":"post_tag","embeddable":true,"href":"https:\/\/losperiodistas.com.mx\/portal\/wp-json\/wp\/v2\/tags?post=54692"}],"curies":[{"name":"wp","href":"https:\/\/api.w.org\/{rel}","templated":true}]}}