{"id":54689,"date":"2023-07-14T07:30:25","date_gmt":"2023-07-14T12:30:25","guid":{"rendered":"http:\/\/losperiodistas.com.mx\/portal\/?p=54689"},"modified":"2023-07-14T07:30:27","modified_gmt":"2023-07-14T12:30:27","slug":"cancelan-a-amlo-ine-ordena-a-presidente-no-hablar-de-xochitl-galvez-en-las-mananeras-el-financiero","status":"publish","type":"post","link":"https:\/\/losperiodistas.com.mx\/portal\/cancelan-a-amlo-ine-ordena-a-presidente-no-hablar-de-xochitl-galvez-en-las-mananeras-el-financiero\/","title":{"rendered":"\u00a1Cancelan a AMLO! INE ordena a presidente no hablar de X\u00f3chitl G\u00e1lvez en las ma\u00f1aneras | El Financiero"},"content":{"rendered":"\n<h2 class=\"has-pale-cyan-blue-background-color has-background has-medium-font-size wp-block-heading\">El INE orden\u00f3 a AMLO abstenerse de hablar de X\u00f3chitl G\u00e1lvez, esto luego de que el presidente revelara las empresas a nombre de la aspirante a la presidencia 2024.<\/h2>\n\n\n\n<figure class=\"wp-block-image size-large is-style-default\"><img fetchpriority=\"high\" decoding=\"async\" width=\"1024\" height=\"575\" src=\"https:\/\/losperiodistas.com.mx\/portal\/wp-content\/uploads\/2023\/07\/Captura-de-Pantalla-2023-07-14-a-las-6.25.36-1024x575.jpg\" alt=\"\" class=\"wp-image-54690\" srcset=\"https:\/\/losperiodistas.com.mx\/portal\/wp-content\/uploads\/2023\/07\/Captura-de-Pantalla-2023-07-14-a-las-6.25.36-1024x575.jpg 1024w, https:\/\/losperiodistas.com.mx\/portal\/wp-content\/uploads\/2023\/07\/Captura-de-Pantalla-2023-07-14-a-las-6.25.36-300x168.jpg 300w, https:\/\/losperiodistas.com.mx\/portal\/wp-content\/uploads\/2023\/07\/Captura-de-Pantalla-2023-07-14-a-las-6.25.36-768x431.jpg 768w, https:\/\/losperiodistas.com.mx\/portal\/wp-content\/uploads\/2023\/07\/Captura-de-Pantalla-2023-07-14-a-las-6.25.36-1536x862.jpg 1536w, https:\/\/losperiodistas.com.mx\/portal\/wp-content\/uploads\/2023\/07\/Captura-de-Pantalla-2023-07-14-a-las-6.25.36.jpg 1838w\" sizes=\"(max-width: 1024px) 100vw, 1024px\" \/><figcaption>El INE orden\u00f3 a AMLO abstenerse de hablar de X\u00f3chitl G\u00e1lvez (izquierda) en las ma\u00f1aneras (Fotos: Cuartoscuro)<\/figcaption><\/figure>\n\n\n\n<p class=\"has-vivid-red-color has-text-color has-medium-font-size\"><strong>DIANA BEN\u00cdTEZ \/ EL FINANCIERO<\/strong><\/p>\n\n\n\n<p>El Instituto Nacional Electoral (INE) orden\u00f3 al presidente Andr\u00e9s Manuel L\u00f3pez Obrador abstenerse de hacer comentarios sobre X\u00f3chitl G\u00e1lvez, aspirante del Frente Amplio por M\u00e9xico (PAN, PRI, PRD), durante su conferencia matutina, en atenci\u00f3n a una queja ingresada por la senadora.<\/p>\n\n\n\n<p>Durante la sesi\u00f3n extraordinaria de esta tarde, la Comisi\u00f3n de Quejas aprob\u00f3 el proyecto propuesto por la Unidad T\u00e9cnica de lo Contencioso, pues se determin\u00f3 que son sus comentarios el Ejecutivo federal ha incurrido en vulnerar los principios de neutralidad y equidad.https:\/\/imasdk.googleapis.com\/js\/core\/bridge3.581.0_en.html#goog_219905685<\/p>\n\n\n\n<p>La consejera Claudia Zavala, presidenta de la comisi\u00f3n, resalt\u00f3 que el INE ya ha dado claridad al mandatario sobre lo que puede y no decir en su Ma\u00f1anera.<\/p>\n\n\n\n<p>\u201cCuando tuvimos una reuni\u00f3n con el Presidente de la Rep\u00fablica nos se\u00f1al\u00f3 que le di\u00e9ramos claridad respecto de lo que no ten\u00eda que hacer para que se guardara el orden constitucional, y hemos sido enf\u00e1ticos, me parece que s\u00ed hay claridad, los se\u00f1alamientos que puede verter el Presidente en La Ma\u00f1anera no deben estar relacionados ni a favor ni en contra\u201d.<\/p>\n\n\n\n<p>Adem\u00e1s, record\u00f3 que \u00e9l mismo propuso a Morena un modelo para el proceso interno, que incluye que \u00e9l no pueda hacer expresiones ni positivas ni negativas respecto de sus corcholatas presidenciables, acci\u00f3n que deber\u00eda replicar para los aspirantes de la oposici\u00f3n.<\/p>\n\n\n\n<p>Con ello, se orden\u00f3 al Presidente eliminar o modificar las conferencias de prensa en las que ha hecho menci\u00f3n de la senadora, y que se abstenga de emitir manifestaciones como las denunciadas<\/p>\n\n\n\n<p>El Presidente ha acumulado ocho conferencia matutinas en las que hace menci\u00f3n de la aspirante presidencial, a la que se\u00f1ala de ser una candidata de la \u201coligarqu\u00eda\u201d, surgida de la pr\u00e1ctica del \u201cdedazo\u201d, que es un \u201cglobo que quieren inflar\u201d y de ganar ser\u00eda una \u201cpelele\u201d porque estar\u00eda sometida a intereses particulares.<\/p>\n\n\n\n<p>Fuente: <a href=\"https:\/\/www.elfinanciero.com.mx\/nacional\/2023\/07\/13\/ine-ordena-a-amlo-abstenerse-de-hablar-de-xochitl-galvez\/\">https:\/\/www.elfinanciero.com.mx\/nacional\/2023\/07\/13\/ine-ordena-a-amlo-abstenerse-de-hablar-de-xochitl-galvez\/<\/a><\/p>\n","protected":false},"excerpt":{"rendered":"<p>El INE orden\u00f3 a AMLO abstenerse de hablar de X\u00f3chitl G\u00e1lvez, esto luego de que el presidente revelara las empresas [&hellip;]<\/p>\n","protected":false},"author":1,"featured_media":54690,"comment_status":"open","ping_status":"open","sticky":false,"template":"","format":"standard","meta":{"site-sidebar-layout":"default","site-content-layout":"","ast-site-content-layout":"default","site-content-style":"default","site-sidebar-style":"default","ast-global-header-display":"","ast-banner-title-visibility":"","ast-main-header-display":"","ast-hfb-above-header-display":"","ast-hfb-below-header-display":"","ast-hfb-mobile-header-display":"","site-post-title":"","ast-breadcrumbs-content":"","ast-featured-img":"","footer-sml-layout":"","theme-transparent-header-meta":"","adv-header-id-meta":"","stick-header-meta":"","header-above-stick-meta":"","header-main-stick-meta":"","header-below-stick-meta":"","astra-migrate-meta-layouts":"default","ast-page-background-enabled":"default","ast-page-background-meta":{"desktop":{"background-color":"var(--ast-global-color-4)","background-image":"","background-repeat":"repeat","background-position":"center center","background-size":"auto","background-attachment":"scroll","background-type":"","background-media":"","overlay-type":"","overlay-color":"","overlay-opacity":"","overlay-gradient":""},"tablet":{"background-color":"","background-image":"","background-repeat":"repeat","background-position":"center center","background-size":"auto","background-attachment":"scroll","background-type":"","background-media":"","overlay-type":"","overlay-color":"","overlay-opacity":"","overlay-gradient":""},"mobile":{"background-color":"","background-image":"","background-repeat":"repeat","background-position":"center center","background-size":"auto","background-attachment":"scroll","background-type":"","background-media":"","overlay-type":"","overlay-color":"","overlay-opacity":"","overlay-gradient":""}},"ast-content-background-meta":{"desktop":{"background-color":"var(--ast-global-color-5)","background-image":"","background-repeat":"repeat","background-position":"center center","background-size":"auto","background-attachment":"scroll","background-type":"","background-media":"","overlay-type":"","overlay-color":"","overlay-opacity":"","overlay-gradient":""},"tablet":{"background-color":"var(--ast-global-color-5)","background-image":"","background-repeat":"repeat","background-position":"center center","background-size":"auto","background-attachment":"scroll","background-type":"","background-media":"","overlay-type":"","overlay-color":"","overlay-opacity":"","overlay-gradient":""},"mobile":{"background-color":"var(--ast-global-color-5)","background-image":"","background-repeat":"repeat","background-position":"center center","background-size":"auto","background-attachment":"scroll","background-type":"","background-media":"","overlay-type":"","overlay-color":"","overlay-opacity":"","overlay-gradient":""}},"footnotes":""},"categories":[8],"tags":[17226,885,14772],"class_list":["post-54689","post","type-post","status-publish","format-standard","has-post-thumbnail","hentry","category-noticias","tag-frente-amplio-por-mexico","tag-ine","tag-xochitl-galvez"],"_links":{"self":[{"href":"https:\/\/losperiodistas.com.mx\/portal\/wp-json\/wp\/v2\/posts\/54689","targetHints":{"allow":["GET"]}}],"collection":[{"href":"https:\/\/losperiodistas.com.mx\/portal\/wp-json\/wp\/v2\/posts"}],"about":[{"href":"https:\/\/losperiodistas.com.mx\/portal\/wp-json\/wp\/v2\/types\/post"}],"author":[{"embeddable":true,"href":"https:\/\/losperiodistas.com.mx\/portal\/wp-json\/wp\/v2\/users\/1"}],"replies":[{"embeddable":true,"href":"https:\/\/losperiodistas.com.mx\/portal\/wp-json\/wp\/v2\/comments?post=54689"}],"version-history":[{"count":1,"href":"https:\/\/losperiodistas.com.mx\/portal\/wp-json\/wp\/v2\/posts\/54689\/revisions"}],"predecessor-version":[{"id":54691,"href":"https:\/\/losperiodistas.com.mx\/portal\/wp-json\/wp\/v2\/posts\/54689\/revisions\/54691"}],"wp:featuredmedia":[{"embeddable":true,"href":"https:\/\/losperiodistas.com.mx\/portal\/wp-json\/wp\/v2\/media\/54690"}],"wp:attachment":[{"href":"https:\/\/losperiodistas.com.mx\/portal\/wp-json\/wp\/v2\/media?parent=54689"}],"wp:term":[{"taxonomy":"category","embeddable":true,"href":"https:\/\/losperiodistas.com.mx\/portal\/wp-json\/wp\/v2\/categories?post=54689"},{"taxonomy":"post_tag","embeddable":true,"href":"https:\/\/losperiodistas.com.mx\/portal\/wp-json\/wp\/v2\/tags?post=54689"}],"curies":[{"name":"wp","href":"https:\/\/api.w.org\/{rel}","templated":true}]}}