{"id":54686,"date":"2023-07-14T07:21:50","date_gmt":"2023-07-14T12:21:50","guid":{"rendered":"http:\/\/losperiodistas.com.mx\/portal\/?p=54686"},"modified":"2023-07-14T07:21:52","modified_gmt":"2023-07-14T12:21:52","slug":"llevamos-19-anos-de-juicios-y-atentados-afirma-lydia-cacho-tras-detencion-de-adolfo-karam-oem","status":"publish","type":"post","link":"https:\/\/losperiodistas.com.mx\/portal\/llevamos-19-anos-de-juicios-y-atentados-afirma-lydia-cacho-tras-detencion-de-adolfo-karam-oem\/","title":{"rendered":"&#8216;Llevamos 19 a\u00f1os de juicios y atentados&#8217;, afirma Lydia Cacho tras detenci\u00f3n de Adolfo Karam | OEM"},"content":{"rendered":"\n<h3 class=\"has-light-green-cyan-background-color has-background has-medium-font-size wp-block-heading\">El exfuncionario poblano fue detenido en el estado de Veracruz, acusado por el delito de tortura en contra de la periodista<\/h3>\n\n\n\n<figure class=\"wp-block-image size-full is-style-default\"><img fetchpriority=\"high\" decoding=\"async\" width=\"768\" height=\"479\" src=\"https:\/\/losperiodistas.com.mx\/portal\/wp-content\/uploads\/2023\/07\/Lydia-Cacho-denunciara-haber-sido-vi\u0301ctima-de-tortura-por-la-publicacio\u0301n-de-su-libro-Los-demonios-del-ede\u0301n.jpeg\" alt=\"\" class=\"wp-image-54687\" srcset=\"https:\/\/losperiodistas.com.mx\/portal\/wp-content\/uploads\/2023\/07\/Lydia-Cacho-denunciara-haber-sido-vi\u0301ctima-de-tortura-por-la-publicacio\u0301n-de-su-libro-Los-demonios-del-ede\u0301n.jpeg 768w, https:\/\/losperiodistas.com.mx\/portal\/wp-content\/uploads\/2023\/07\/Lydia-Cacho-denunciara-haber-sido-vi\u0301ctima-de-tortura-por-la-publicacio\u0301n-de-su-libro-Los-demonios-del-ede\u0301n-300x187.jpeg 300w\" sizes=\"(max-width: 768px) 100vw, 768px\" \/><figcaption>Foto: Cuartoscuro<\/figcaption><\/figure>\n\n\n\n<p>GUILLERMO PICHARDO \/ EL SOL DE PUEBLA<\/p>\n\n\n\n<p>Luego de que la ma\u00f1ana de este jueves se diera a conocer la detenci\u00f3n en Veracruz de&nbsp;<strong><a href=\"https:\/\/www.elsoldepuebla.com.mx\/policiaca\/adolfo-karam-beltran-es-detenido-en-veracruz-10370171.html\" target=\"_blank\" rel=\"noreferrer noopener\">Adolfo Karam<\/a><\/strong>, exsecretario de&nbsp;<strong>Seguridad P\u00fablica de Puebla<\/strong>&nbsp;durante la administraci\u00f3n de&nbsp;<strong>Mario Mar\u00edn<\/strong>, acusado del delito de&nbsp;<strong>tortura&nbsp;<\/strong>en contra de la periodista&nbsp;<strong>Lydia Cacho Ribeiro&nbsp;<\/strong>en 2005, la tambi\u00e9n escritora comparti\u00f3 una&nbsp;<strong>postura&nbsp;<\/strong>en video en sus&nbsp;<strong>redes sociales<\/strong>.<\/p>\n\n\n\n<p>Y es que luego de que\u00a0<strong>Cacho\u00a0<\/strong>denunciara haber sido\u00a0<strong>v\u00edctima\u00a0<\/strong>de este\u00a0<strong>delito\u00a0<\/strong>por la publicaci\u00f3n de su libro<strong><em>\u00a0\u201cLos demonios del Ed\u00e9n\u201d<\/em><\/strong>, en el que acusaba una presunta\u00a0<strong>red explotaci\u00f3n sexual infantil<\/strong>,<strong>\u00a0lavado de dinero<\/strong>\u00a0y\u00a0<strong>tr\u00e1fico de influencias<\/strong>, los presuntos responsables, que por varios a\u00f1os lograron\u00a0<strong>evadir la justicia<\/strong>, han sido puestos tras las\u00a0<strong>rejas<\/strong>.<\/p>\n\n\n\n<h2 class=\"wp-block-heading\"><strong>Reafirma Cacho lucha contra tratantes de menores<\/strong><\/h2>\n\n\n\n<p>Fue a trav\u00e9s de la red social de&nbsp;<strong>Twitter&nbsp;<\/strong>donde la&nbsp;<strong>activista&nbsp;<\/strong>comparti\u00f3 un hilo de tres&nbsp;<strong>publicaciones&nbsp;<\/strong>luego de que se diera a conocer la&nbsp;<strong>noticia<\/strong>, en el primero de los&nbsp;<strong>tweets&nbsp;<\/strong>record\u00f3 que public\u00f3 su&nbsp;<strong>obra&nbsp;<\/strong>en el mismo a\u00f1o que comenzaron las&nbsp;<strong>agresiones&nbsp;<\/strong>en su contra, pues manejaba&nbsp;<strong>nombres&nbsp;<\/strong>y&nbsp;<strong>apellidos&nbsp;<\/strong>de quienes se\u00f1alaba, lo que la ha mantenido 19 a\u00f1os&nbsp;<strong>encarcelando&nbsp;<\/strong>a cada uno de ellos.<\/p>\n\n\n\n<ul class=\"wp-block-list\"><li><strong>Leer m\u00e1s:&nbsp;<a href=\"https:\/\/www.elsoldepuebla.com.mx\/policiaca\/mario-marin-gana-amparo-para-que-juez-reponga-el-proceso-de-sentencia-10084285.html\">Mario Mar\u00edn gana amparo para que juez reponga el proceso de sentencia<\/a><\/strong><\/li><\/ul>\n\n\n\n<p><img decoding=\"async\" src=\"https:\/\/www.elsoldepuebla.com.mx\/incoming\/9s3nk2-adolfo-karam.jpg\/ALTERNATES\/FREE_160\/adolfo%20karam.jpg\" alt=\"\"><\/p>\n\n\n\n<h4 class=\"wp-block-heading\">Foto: Twitter @KARAM1963<\/h4>\n\n\n\n<p>Por su parte, en su&nbsp;<strong>video<\/strong>, aunque no menciona ning\u00fan&nbsp;<strong>nombre<\/strong>, asegura que en 2019 el&nbsp;<strong>grupo de pederastas<\/strong>,&nbsp;<strong>tratantes de ni\u00f1as y ni\u00f1os<\/strong>,&nbsp;<strong>pol\u00edticos<\/strong>,&nbsp;<strong>polic\u00edas&nbsp;<\/strong>y&nbsp;<strong>protectores de estas redes<\/strong>, enviaron a&nbsp;<strong>sicarios&nbsp;<\/strong>a&nbsp;<strong>vengarse&nbsp;<\/strong>porque sigue insistiendo en&nbsp;<strong>encarcelar a los funcionarios p\u00fablicos y criminales<\/strong>&nbsp;que compran, venden y explotan sexualmente a ni\u00f1a y ni\u00f1os e incluso reafirma que est\u00e1&nbsp;<strong>documentado en su libro<\/strong>.<\/p>\n\n\n\n<p>Recuerda que fue&nbsp;<strong>torturada,&nbsp;<\/strong>pues afirma que<strong>&nbsp;buscaban eliminarla<\/strong>, adem\u00e1s de que se\u00f1ala que<strong>&nbsp;creyeron que desde el exilio decidir\u00eda no seguir adelante<\/strong>, lo cual no sucedi\u00f3, pues mantiene su&nbsp;<strong>lucha&nbsp;<\/strong>hasta la&nbsp;<strong>actualidad,&nbsp;<\/strong>adem\u00e1s de reiterar que&nbsp;<strong><em>\u201clos funcionarios p\u00fablicos no deber\u00edan defender a la delincuencia organizada, deber\u00edan de proteger a nuestras ni\u00f1as y ni\u00f1os\u201d<\/em><\/strong>.<\/p>\n\n\n\n<p>En un par de tweets m\u00e1s, la periodista afirm\u00f3 que<strong>&nbsp;ha vivido 19 a\u00f1os de su vida entre juicios y atentados<\/strong>, por lo que reconoci\u00f3 a<strong>&nbsp;organizaciones civiles<\/strong>&nbsp;en pro de la&nbsp;<strong>libertad de expresi\u00f3n&nbsp;<\/strong>como<strong>&nbsp;Art\u00edculo 19<\/strong>, pues sin su apoyo afirma que&nbsp;<strong><em>\u201cestar\u00eda muerta\u201d<\/em><\/strong>, adem\u00e1s de que las&nbsp;<strong>personas&nbsp;<\/strong>que la quieren han evitado que se encuentre&nbsp;<strong>devastada, sola y triste<\/strong>, adem\u00e1s de apuntar,<strong><em>&nbsp;\u201cnunca es demasiado tarde para seguir\u201d&nbsp;<\/em><\/strong>y sentenciar que no se arrepiente de su&nbsp;<strong>trabajo<\/strong>.<\/p>\n\n\n\n<ul class=\"wp-block-list\"><li><strong>Leer m\u00e1s:\u00a0<a href=\"https:\/\/www.elsoldepuebla.com.mx\/local\/amparo-de-mario-marin-con-el-que-busca-su-libertad-se-resolvera-este-jueves-10078349.html\">Amparo de Mario Mar\u00edn con el que busca su libertad se resolver\u00e1 este jueves<\/a><\/strong><\/li><\/ul>\n\n\n\n<figure class=\"wp-block-embed is-type-rich is-provider-twitter wp-block-embed-twitter\"><div class=\"wp-block-embed__wrapper\">\nhttps:\/\/twitter.com\/lydiacachosi\/status\/1679596863694032901?ref_src=twsrc%5Etfw%7Ctwcamp%5Etweetembed%7Ctwterm%5E1679596863694032901%7Ctwgr%5Ef7a3679e7f54324d62966f1307099bf11be34cb0%7Ctwcon%5Es1_c10&#038;ref_url=https%3A%2F%2Fwww.elsoldepuebla.com.mx%2Flocal%2Flydia-cacho-tras-detencion-de-adolfo-karam-llevamos-19-anos-de-juicios-y-atentados-10373114.html\n<\/div><\/figure>\n\n\n\n<figure class=\"wp-block-embed is-type-rich is-provider-twitter wp-block-embed-twitter\"><div class=\"wp-block-embed__wrapper\">\nhttps:\/\/twitter.com\/lydiacachosi\/status\/1679627020345438214?ref_src=twsrc%5Etfw%7Ctwcamp%5Etweetembed%7Ctwterm%5E1679627020345438214%7Ctwgr%5Ef7a3679e7f54324d62966f1307099bf11be34cb0%7Ctwcon%5Es1_c10&#038;ref_url=https%3A%2F%2Fwww.elsoldepuebla.com.mx%2Flocal%2Flydia-cacho-tras-detencion-de-adolfo-karam-llevamos-19-anos-de-juicios-y-atentados-10373114.html\n<\/div><\/figure>\n\n\n\n<h2 class=\"wp-block-heading\"><strong>Adolfo Karam y su participaci\u00f3n en el caso Lydia Cacho<\/strong><\/h2>\n\n\n\n<p>Todo comenz\u00f3 en octubre del 2003 cuando un grupo de&nbsp;<strong>mujeres y ni\u00f1as<\/strong>&nbsp;procedieron legalmente en contra de<strong>&nbsp;Jean Succar Kuri<\/strong>&nbsp;por los&nbsp;<strong>delitos de violaci\u00f3n, abuso sexual de menores y pornograf\u00eda infantil<\/strong>, tras lo que fue liberada una&nbsp;<strong>orden de aprehensi\u00f3n<\/strong>, sin embargo, el se\u00f1alado logr\u00f3&nbsp;<strong>darse a la fuga<\/strong>&nbsp;y fue entonces cuando Cacho Riveiro recibi\u00f3 las primeras amenazas de muerte, por lo que interpuso la denuncia correspondiente, pero las v\u00edctimas tambi\u00e9n fueron perseguidas.<\/p>\n\n\n\n<p>Posteriormente, en 2004, el&nbsp;<strong>empresario hotelero<\/strong>&nbsp;logr\u00f3 ser detenido en<strong>&nbsp;Arizona, Estados Unidos<\/strong>, para en 2006 ser&nbsp;<strong>extraditado&nbsp;<\/strong>con la finalidad de que cumpla&nbsp;<strong>una condena de 112 a\u00f1os de prisi\u00f3n<\/strong>, no sin que antes fuera publicada en 2005 la&nbsp;<strong>investigaci\u00f3n period\u00edstica de Lydia Cacho<\/strong>, en un formato de libro, en el cual tambi\u00e9n deja al descubierto&nbsp;<strong>actos de corrupci\u00f3n policiaca<\/strong>.<\/p>\n\n\n\n<p>Dentro de los&nbsp;<strong>nombres&nbsp;<\/strong>mencionados figura el de&nbsp;<strong>Kamel Nacif<\/strong>, quien incluso lleg\u00f3 a declarar ante los medios que&nbsp;<strong>pagaba la defensa de Succar<\/strong>, luego de lo que el 16 de diciembre de 2005,&nbsp;<strong>Lydia Cacho&nbsp;<\/strong>fue detenida y&nbsp;<strong>torturada&nbsp;<\/strong>por un grupo de&nbsp;<strong>polic\u00edas judiciales<\/strong>&nbsp;que la trasladaron por tierra de&nbsp;<strong>Quintana Roo&nbsp;<\/strong>a&nbsp;<strong>Puebla<\/strong>, lo que activ\u00f3 una&nbsp;<strong>red de periodistas&nbsp;<\/strong>para proteger su vida.<\/p>\n\n\n\n<ul class=\"wp-block-list\"><li><strong>Leer m\u00e1s:&nbsp;<a href=\"https:\/\/www.elsoldepuebla.com.mx\/policiaca\/desechan-tercera-orden-de-aprehension-contra-veronica-implicada-en-caso-lydia-cacho-10077674.html\">Desechan tercera orden de aprehensi\u00f3n contra Ver\u00f3nica, implicada en caso Lydia Cacho<\/a><\/strong><\/li><\/ul>\n\n\n\n<p><img decoding=\"async\" src=\"https:\/\/www.elsoldepuebla.com.mx\/doble-via\/spl8jc-en-enero-de-2019-el-estado-mexicano-ofrecio-una-disculpa-publica..jpg\/ALTERNATES\/FREE_160\/En%20enero%20de%202019,%20el%20Estado%20mexicano%20ofreci%C3%B3%20una%20disculpa%20p%C3%BAblica..jpg\" alt=\"\"><\/p>\n\n\n\n<h4 class=\"wp-block-heading\">En enero de 2019, el Estado mexicano ofreci\u00f3 una disculpa p\u00fablica. Foto: Cuartoscuro<\/h4>\n\n\n\n<p>Tras lograrse obtener las&nbsp;<strong>grabaciones telef\u00f3nicas de Casa Puebla<\/strong>, entonces residencia oficial del gobernador del estado, fueron descubiertas<strong>&nbsp;llamadas entre los judiciales asignados al caso<\/strong>, el entonces gobernador&nbsp;<strong>Mario Mar\u00edn&nbsp;<\/strong>y la entonces&nbsp;<strong>Procuradora de Justicia, Blanca Laura Villeda<\/strong>, siendo&nbsp;<strong>\u201cJuanito\u201d Nakad Bayeh&nbsp;<\/strong>el encargado de las&nbsp;<strong>amenazas de golpes y violaci\u00f3n<\/strong>&nbsp;contra Cacho en la&nbsp;<strong>c\u00e1rcel<\/strong>.<\/p>\n\n\n\n<p>En aquel enonces,&nbsp;<strong>Hugo Adolfo Karam&nbsp;<\/strong>fung\u00eda como director de la&nbsp;<strong>Polic\u00eda Judicial de Puebla<\/strong>, adem\u00e1s de que manten\u00eda una r\u00edspida relaci\u00f3n con la titular de la&nbsp;<strong>instituci\u00f3n procuradora de justicia<\/strong>, por lo que&nbsp;<strong>Cacho Riberio<\/strong>&nbsp;lo acusa de ser quien se encarg\u00f3 de<strong>&nbsp;dirigir las acciones de los polic\u00edas ministariales<\/strong>&nbsp;que se encargaron de su&nbsp;<strong>detenci\u00f3n y traslado a suelo poblano<\/strong>, aun por encima de la procuradora.<\/p>\n\n\n\n<p>Por su parte&nbsp;<strong>Nacif&nbsp;<\/strong>ten\u00eda maquilas en el&nbsp;<strong>penal de San Miguel<\/strong>, por lo que el&nbsp;<strong>21 de diciembre de 2005<\/strong>,&nbsp;<strong>Lydia Cacho&nbsp;<\/strong>recibi\u00f3 el&nbsp;<strong>auto de formal prisi\u00f3n&nbsp;<\/strong>por los delitos de&nbsp;<strong>Difamaci\u00f3n y Calumnia<\/strong>, aunque d\u00edas despu\u00e9s&nbsp;<strong>el delito fue eliminado<\/strong>&nbsp;por falta de elementos y la defensa de la periodista logr\u00f3 trasladar el juicio a Quintana Roo e incluso la misma grabaci\u00f3n telef\u00f3nica muestra llamadas con el presidente del Tribunal Superior de Justicia para negociar una fianza.<\/p>\n\n\n\n<ul class=\"wp-block-list\"><li><strong>Leer m\u00e1s:&nbsp;<a href=\"https:\/\/www.elsoldepuebla.com.mx\/policiaca\/logra-amparo-excomandante-implicada-en-caso-lydia-cacho-9348561.html\">Logra amparo excomandante implicada en caso Lydia Cacho<\/a><\/strong><\/li><\/ul>\n\n\n\n<p><img decoding=\"async\" src=\"https:\/\/www.elsoldepuebla.com.mx\/doble-via\/l4rm9m-fue-el-11-de-abril-de-2019-cuando-el-primer-tribunal-colegiado-del-vigesimo-septimo-distrito-con-sede-en-cancun-giro-un-orden-de-aprehension-contra-marin-torres.jpg\/ALTERNATES\/FREE_160\/fue%20el%2011%20de%20abril%20de%202019%20cuando%20el%20Primer%20Tribunal%20Colegiado%20del%20Vig%C3%A9simo%20S%C3%A9ptimo%20Distrito%20con%20sede%20en%20Canc%C3%BAn,%20gir%C3%B3%20un%20orden%20de%20aprehensi%C3%B3n%20contra%20Mar%C3%ADn%20Torres.jpg\" alt=\"\"><\/p>\n\n\n\n<h4 class=\"wp-block-heading\">Fue el 11 de abril de 2019 cuando el Primer Tribunal Colegiado del Vig\u00e9simo S\u00e9ptimo Distrito con sede en Canc\u00fan, gir\u00f3 un orden de aprehensi\u00f3n contra Mar\u00edn Torres. Foto: Cuartoscuro<\/h4>\n\n\n\n<p>Pero la cumbre del caso se dio el 14 de febrero de 2006, cuando el diario<strong>&nbsp;La Jornada&nbsp;<\/strong>y la periodista&nbsp;<strong>Carmen Aristegui<\/strong>&nbsp;hicieron p\u00fablica una serie de&nbsp;<strong>llamadas telef\u00f3nicas entre Kamel Nacif y Mario Mar\u00edn,&nbsp;<\/strong>en las que agradece su intervenci\u00f3n con la&nbsp;<strong>detenci\u00f3n de la periodista<\/strong>&nbsp;al grado que afirma que es<strong><em>&nbsp;\u201cel h\u00e9roe de esta pel\u00edcula\u201d&nbsp;<\/em><\/strong>y es en estas comunicaciones donde nace el sobre del<strong><em>&nbsp;\u201cg\u00f3ber precioso\u201d&nbsp;<\/em><\/strong>para el poblano.<\/p>\n\n\n\n<p>Tras darse a conocer estos&nbsp;<strong>audios<\/strong>, en marzo del 2006&nbsp;<strong>Cacho&nbsp;<\/strong>interpuso una&nbsp;<strong>denuncia&nbsp;<\/strong>en contra del mandatario, la&nbsp;<strong>procuradora<\/strong>, los polic\u00edas&nbsp;<strong>judiciales<\/strong>, la juez penal&nbsp;<strong>Rosa Celia P\u00e9rez<\/strong>,&nbsp;<strong>Kamel Nacif<\/strong>,&nbsp;<strong>\u201cJuanito\u201d Naked<\/strong>&nbsp;y quien resulte responsable, bajo los&nbsp;<strong>delitos de abuso de autoridad, cohecho, ejercicio indebido del Servicio P\u00fablico, tr\u00e1fico de influencias, colusi\u00f3n de servidores p\u00fablicos, tortura, tentativa de violaci\u00f3n y lo que resulte<\/strong>.<\/p>\n\n\n\n<p>Fue hasta que el&nbsp;<strong>juez de lo penal en el Distrito Federal&nbsp;<\/strong>sobresee la causa penal por&nbsp;<strong>difamaci\u00f3n&nbsp;<\/strong>contra&nbsp;<strong>Lydia Cacho<\/strong>&nbsp;que la sentencia qued\u00f3&nbsp;<strong>ejecutoriada el 2 de enero de 2007<\/strong>, por lo que qued\u00f3&nbsp;<strong>libre de todo cargo penal&nbsp;<\/strong>y meses despu\u00e9s el 30 de noviembre de 2007, un grupo de ministros de la Suprema Corte de Justicia exoneraron a Mar\u00edn al considerar que no hubo conspiraci\u00f3n.<\/p>\n\n\n\n<ul class=\"wp-block-list\"><li><strong>Leer m\u00e1s:\u00a0<a href=\"https:\/\/www.elsoldepuebla.com.mx\/policiaca\/caso-lydia-cacho-podria-quedar-libre-ex-ministerial-involucrado-senalado-por-tortura-9303264.html\">Caso Lydia Cacho: Podr\u00eda quedar libre ex ministerial involucrado se\u00f1alado por tortura<\/a><\/strong><\/li><\/ul>\n\n\n\n<figure class=\"wp-block-embed is-type-video is-provider-youtube wp-block-embed-youtube wp-embed-aspect-16-9 wp-has-aspect-ratio\"><div class=\"wp-block-embed__wrapper\">\n<iframe title=\"Detiene FGR a Mario Mar\u00edn en Acapulco\" width=\"500\" height=\"281\" src=\"https:\/\/www.youtube.com\/embed\/IIuxrX24avU?feature=oembed\" frameborder=\"0\" allow=\"accelerometer; autoplay; clipboard-write; encrypted-media; gyroscope; picture-in-picture; web-share\" referrerpolicy=\"strict-origin-when-cross-origin\" allowfullscreen><\/iframe>\n<\/div><\/figure>\n\n\n\n<p><\/p>\n\n\n\n<p>En agosto de 2018, el&nbsp;<strong>Comit\u00e9 de Derechos Humanos de la Organizaci\u00f3n de las Naciones Unidas&nbsp;<\/strong>resolvi\u00f3 la existencia de<strong>&nbsp;violaciones a los derechos humanos de la periodista<\/strong>, por lo que pidieron&nbsp;<strong><em>\u201cprocesar, juzgar y castigar con penas adecuadas a las personas halladas responsables de las violaciones cometidas\u201d<\/em><\/strong>&nbsp;e incluso en&nbsp;<strong>enero de 2019, el Estado mexicano ofreci\u00f3 una disculpa p\u00fablica<\/strong>.<\/p>\n\n\n\n<p>Finalmente, fue el\u00a0<strong>11 de abril de 2019\u00a0<\/strong>cuando el\u00a0<strong>Primer Tribunal Colegiado del Vig\u00e9simo S\u00e9ptimo Distrito con sede en Canc\u00fan, gir\u00f3 un orden de aprehensi\u00f3n contra Mar\u00edn Torres, Kamel Nacif, Hugo Adolfo Karam, Juan S\u00e1nchez Moreno y Juan Nakad<\/strong>, de los cuales la mayor\u00eda se encuentra detenidos, siendo\u00a0<strong>Karam\u00a0<\/strong>el \u00faltimo apresado, mientras que\u00a0<strong>Nacif\u00a0<\/strong>sigue sin ser localizado.<\/p>\n\n\n\n<p>Fuente: <a href=\"https:\/\/www.elsoldepuebla.com.mx\/local\/lydia-cacho-tras-detencion-de-adolfo-karam-llevamos-19-anos-de-juicios-y-atentados-10373114.html\">https:\/\/www.elsoldepuebla.com.mx\/local\/lydia-cacho-tras-detencion-de-adolfo-karam-llevamos-19-anos-de-juicios-y-atentados-10373114.html<\/a><\/p>\n","protected":false},"excerpt":{"rendered":"<p>El exfuncionario poblano fue detenido en el estado de Veracruz, acusado por el delito de tortura en contra de la [&hellip;]<\/p>\n","protected":false},"author":1,"featured_media":54687,"comment_status":"open","ping_status":"open","sticky":false,"template":"","format":"standard","meta":{"site-sidebar-layout":"default","site-content-layout":"","ast-site-content-layout":"default","site-content-style":"default","site-sidebar-style":"default","ast-global-header-display":"","ast-banner-title-visibility":"","ast-main-header-display":"","ast-hfb-above-header-display":"","ast-hfb-below-header-display":"","ast-hfb-mobile-header-display":"","site-post-title":"","ast-breadcrumbs-content":"","ast-featured-img":"","footer-sml-layout":"","theme-transparent-header-meta":"","adv-header-id-meta":"","stick-header-meta":"","header-above-stick-meta":"","header-main-stick-meta":"","header-below-stick-meta":"","astra-migrate-meta-layouts":"default","ast-page-background-enabled":"default","ast-page-background-meta":{"desktop":{"background-color":"var(--ast-global-color-4)","background-image":"","background-repeat":"repeat","background-position":"center center","background-size":"auto","background-attachment":"scroll","background-type":"","background-media":"","overlay-type":"","overlay-color":"","overlay-opacity":"","overlay-gradient":""},"tablet":{"background-color":"","background-image":"","background-repeat":"repeat","background-position":"center center","background-size":"auto","background-attachment":"scroll","background-type":"","background-media":"","overlay-type":"","overlay-color":"","overlay-opacity":"","overlay-gradient":""},"mobile":{"background-color":"","background-image":"","background-repeat":"repeat","background-position":"center center","background-size":"auto","background-attachment":"scroll","background-type":"","background-media":"","overlay-type":"","overlay-color":"","overlay-opacity":"","overlay-gradient":""}},"ast-content-background-meta":{"desktop":{"background-color":"var(--ast-global-color-5)","background-image":"","background-repeat":"repeat","background-position":"center center","background-size":"auto","background-attachment":"scroll","background-type":"","background-media":"","overlay-type":"","overlay-color":"","overlay-opacity":"","overlay-gradient":""},"tablet":{"background-color":"var(--ast-global-color-5)","background-image":"","background-repeat":"repeat","background-position":"center center","background-size":"auto","background-attachment":"scroll","background-type":"","background-media":"","overlay-type":"","overlay-color":"","overlay-opacity":"","overlay-gradient":""},"mobile":{"background-color":"var(--ast-global-color-5)","background-image":"","background-repeat":"repeat","background-position":"center center","background-size":"auto","background-attachment":"scroll","background-type":"","background-media":"","overlay-type":"","overlay-color":"","overlay-opacity":"","overlay-gradient":""}},"footnotes":""},"categories":[8],"tags":[206,6176,204,13807],"class_list":["post-54686","post","type-post","status-publish","format-standard","has-post-thumbnail","hentry","category-noticias","tag-adolfo-karam","tag-los-demonios-del-eden","tag-lydia-cacho","tag-mario-marin"],"_links":{"self":[{"href":"https:\/\/losperiodistas.com.mx\/portal\/wp-json\/wp\/v2\/posts\/54686","targetHints":{"allow":["GET"]}}],"collection":[{"href":"https:\/\/losperiodistas.com.mx\/portal\/wp-json\/wp\/v2\/posts"}],"about":[{"href":"https:\/\/losperiodistas.com.mx\/portal\/wp-json\/wp\/v2\/types\/post"}],"author":[{"embeddable":true,"href":"https:\/\/losperiodistas.com.mx\/portal\/wp-json\/wp\/v2\/users\/1"}],"replies":[{"embeddable":true,"href":"https:\/\/losperiodistas.com.mx\/portal\/wp-json\/wp\/v2\/comments?post=54686"}],"version-history":[{"count":1,"href":"https:\/\/losperiodistas.com.mx\/portal\/wp-json\/wp\/v2\/posts\/54686\/revisions"}],"predecessor-version":[{"id":54688,"href":"https:\/\/losperiodistas.com.mx\/portal\/wp-json\/wp\/v2\/posts\/54686\/revisions\/54688"}],"wp:featuredmedia":[{"embeddable":true,"href":"https:\/\/losperiodistas.com.mx\/portal\/wp-json\/wp\/v2\/media\/54687"}],"wp:attachment":[{"href":"https:\/\/losperiodistas.com.mx\/portal\/wp-json\/wp\/v2\/media?parent=54686"}],"wp:term":[{"taxonomy":"category","embeddable":true,"href":"https:\/\/losperiodistas.com.mx\/portal\/wp-json\/wp\/v2\/categories?post=54686"},{"taxonomy":"post_tag","embeddable":true,"href":"https:\/\/losperiodistas.com.mx\/portal\/wp-json\/wp\/v2\/tags?post=54686"}],"curies":[{"name":"wp","href":"https:\/\/api.w.org\/{rel}","templated":true}]}}