{"id":54683,"date":"2023-07-14T07:12:46","date_gmt":"2023-07-14T12:12:46","guid":{"rendered":"http:\/\/losperiodistas.com.mx\/portal\/?p=54683"},"modified":"2023-07-14T07:12:48","modified_gmt":"2023-07-14T12:12:48","slug":"adolfo-karam-de-una-vida-de-lujos-a-su-detencion-por-tortura-a-lydia-cacho-e-consulta","status":"publish","type":"post","link":"https:\/\/losperiodistas.com.mx\/portal\/adolfo-karam-de-una-vida-de-lujos-a-su-detencion-por-tortura-a-lydia-cacho-e-consulta\/","title":{"rendered":"Adolfo Karam: de una vida de lujos a su detenci\u00f3n por tortura a Lydia Cacho | E-Consulta"},"content":{"rendered":"\n<p class=\"has-background has-medium-font-size\" style=\"background-color:#f52828\"><strong>El exfuncionario desempe\u00f1\u00f3 diversos cargos en la extinta Polic\u00eda Federal y Polic\u00eda Judicial de Puebla<\/strong><\/p>\n\n\n\n<p><\/p>\n\n\n\n<figure class=\"wp-block-image size-full is-style-default\"><img fetchpriority=\"high\" decoding=\"async\" width=\"640\" height=\"425\" src=\"https:\/\/losperiodistas.com.mx\/portal\/wp-content\/uploads\/2023\/07\/adolfo_karam_de_una_vida_de_lujos_a_su_detencion_por_tortura_a_lydia_cacho.jpg\" alt=\"\" class=\"wp-image-54684\" srcset=\"https:\/\/losperiodistas.com.mx\/portal\/wp-content\/uploads\/2023\/07\/adolfo_karam_de_una_vida_de_lujos_a_su_detencion_por_tortura_a_lydia_cacho.jpg 640w, https:\/\/losperiodistas.com.mx\/portal\/wp-content\/uploads\/2023\/07\/adolfo_karam_de_una_vida_de_lujos_a_su_detencion_por_tortura_a_lydia_cacho-300x199.jpg 300w\" sizes=\"(max-width: 640px) 100vw, 640px\" \/><figcaption>Foto \/ Especial<\/figcaption><\/figure>\n\n\n\n<p class=\"has-vivid-red-color has-text-color has-medium-font-size\"><strong>ARTURO GUTI\u00c9RREZ \/ E-CONSULTA<\/strong><\/p>\n\n\n\n<p>Despu\u00e9s de una vida llena de lujos, viajes por Europa y diversas playas de M\u00e9xico, as\u00ed como tener aspiraciones de convertirse en Procurador de Justicia en Puebla, hoy,&nbsp;<a href=\"https:\/\/www.e-consulta.com\/nota\/2023-07-13\/seguridad\/adolfo-karam-beltran-detenido-en-veracruz-por-caso-lydia-cacho\" target=\"_blank\" rel=\"noreferrer noopener\"><strong>Hugo Adolfo Karam Beltr\u00e1n<\/strong>&nbsp;<\/a>enfrenta a las autoridades federales por presuntamente haber&nbsp;<strong>planeado y ordenado<\/strong>&nbsp;la detenci\u00f3n as\u00ed como los actos de tortura cometidos en agravio de&nbsp;<strong>Lydia Cacho Ribeiro<\/strong>, en 2005, luego de que la periodista revel\u00f3 una red de pornograf\u00eda infantil y pederastia.<\/p>\n\n\n\n<p>Karam Beltr\u00e1n, quien en la actualidad se dedicaba a brindar asesor\u00edas en temas de seguridad e incluso se certific\u00f3 ante la&nbsp;<strong>academia Nacional de FBI<\/strong>, en M\u00e9xico, forj\u00f3 su oscuro pasado en la extinta Polic\u00eda Judicial de Puebla, donde se gan\u00f3 el mote de \u201c<strong>El Jefe Karam<\/strong>\u201d.<\/p>\n\n\n\n<p><strong>Te recomendamos:&nbsp;<\/strong><a href=\"https:\/\/www.e-consulta.com\/nota\/2023-07-13\/seguridad\/caso-marco-aurelio-en-2020-presunto-asesino-fue-detenido-y-liberado\" target=\"_blank\" rel=\"noreferrer noopener\"><strong>Caso Marco Aurelio: en 2020 presunto asesino fue detenido y liberado<\/strong><\/a><\/p>\n\n\n\n<p>En 2005, tras las supuestas \u00f3rdenes de\u00a0<a href=\"https:\/\/www.e-consulta.com\/nota\/2019-05-01\/politica\/en-junio-se-define-amparo-para-adolfo-karam-y-mario-marin\" target=\"_blank\" rel=\"noreferrer noopener\">Mario Mario Mar\u00edn Torres<\/a>, Karam plane\u00f3 y ejecut\u00f3 la\u00a0<strong>detenci\u00f3n de Lydia Cacho<\/strong>. Sin embargo, tras ser liberada, la periodista y autora del libro \u201c<strong>Los Demonios del Ed\u00e9n<\/strong>\u201d, acus\u00f3 a Adolfo de torturarla y \u00e9l renunci\u00f3 a su cargo.<small>Nota relacionada:<\/small><\/p>\n\n\n\n<p>Despu\u00e9s se desempe\u00f1\u00f3 como\u00a0<strong>subsecretario de Transporte,<\/strong>\u00a0pero en 2006 pidi\u00f3 licencia en el cargo e incluso se neg\u00f3 a aceptar su presunta responsabilidad en los hechos. As\u00ed, poco a poco se fue esfumando su sue\u00f1o de convertirse en procurador de justicia del estado.<\/p>\n\n\n\n<p>Para 2012, el hoy detenido fungi\u00f3 como&nbsp;<strong>diputado suplente de Javier L\u00f3pez Zavala<\/strong><strong>&nbsp;en&nbsp;<\/strong>la LXII Legislatura. Despu\u00e9s, a pesar de los se\u00f1alamientos en su contra, se dedic\u00f3 a dar asesor\u00edas de seguridad, incluso<strong>&nbsp;presum<\/strong><strong>\u00eda<\/strong><strong>&nbsp;sus lujos y viajes&nbsp;<\/strong><strong>por Europa<\/strong>&nbsp;y a diversas playas de M\u00e9xico.<\/p>\n\n\n\n<p>No obstante, en marzo de 2020\u00a0<strong>la Unidad de Inteligencia Financiera (UIF) orden\u00f3 congelar las cuentas\u00a0<\/strong>de Adolfo Karam Beltr\u00e1n, quien intent\u00f3 defenderse con diversos amparos para que quedara sin efecto la orden de aprehensi\u00f3n en su contra por el caso de tortura contra Lydia Cacho Ribeiro, pero le fueron negados.<small>Nota relacionada:<\/small><\/p>\n\n\n\n<p>Y este 13 de julio, agentes de la Fiscal\u00eda General de la Rep\u00fablica (FGR) fueron los encargados de ubicar y detener en Boca del R\u00edo, Veracruz, al exdirector de la ya desaparecida Polic\u00eda Judicial.<\/p>\n\n\n\n<p>Fuente: <a href=\"https:\/\/www.e-consulta.com\/nota\/2023-07-13\/seguridad\/adolfo-karam-de-una-vida-de-lujos-su-detencion-por-tortura-lydia-cacho\">https:\/\/www.e-consulta.com\/nota\/2023-07-13\/seguridad\/adolfo-karam-de-una-vida-de-lujos-su-detencion-por-tortura-lydia-cacho<\/a><\/p>\n","protected":false},"excerpt":{"rendered":"<p>El exfuncionario desempe\u00f1\u00f3 diversos cargos en la extinta Polic\u00eda Federal y Polic\u00eda Judicial de Puebla ARTURO GUTI\u00c9RREZ \/ E-CONSULTA Despu\u00e9s [&hellip;]<\/p>\n","protected":false},"author":1,"featured_media":54684,"comment_status":"open","ping_status":"open","sticky":false,"template":"","format":"standard","meta":{"site-sidebar-layout":"default","site-content-layout":"","ast-site-content-layout":"default","site-content-style":"default","site-sidebar-style":"default","ast-global-header-display":"","ast-banner-title-visibility":"","ast-main-header-display":"","ast-hfb-above-header-display":"","ast-hfb-below-header-display":"","ast-hfb-mobile-header-display":"","site-post-title":"","ast-breadcrumbs-content":"","ast-featured-img":"","footer-sml-layout":"","theme-transparent-header-meta":"","adv-header-id-meta":"","stick-header-meta":"","header-above-stick-meta":"","header-main-stick-meta":"","header-below-stick-meta":"","astra-migrate-meta-layouts":"default","ast-page-background-enabled":"default","ast-page-background-meta":{"desktop":{"background-color":"var(--ast-global-color-4)","background-image":"","background-repeat":"repeat","background-position":"center center","background-size":"auto","background-attachment":"scroll","background-type":"","background-media":"","overlay-type":"","overlay-color":"","overlay-opacity":"","overlay-gradient":""},"tablet":{"background-color":"","background-image":"","background-repeat":"repeat","background-position":"center center","background-size":"auto","background-attachment":"scroll","background-type":"","background-media":"","overlay-type":"","overlay-color":"","overlay-opacity":"","overlay-gradient":""},"mobile":{"background-color":"","background-image":"","background-repeat":"repeat","background-position":"center center","background-size":"auto","background-attachment":"scroll","background-type":"","background-media":"","overlay-type":"","overlay-color":"","overlay-opacity":"","overlay-gradient":""}},"ast-content-background-meta":{"desktop":{"background-color":"var(--ast-global-color-5)","background-image":"","background-repeat":"repeat","background-position":"center center","background-size":"auto","background-attachment":"scroll","background-type":"","background-media":"","overlay-type":"","overlay-color":"","overlay-opacity":"","overlay-gradient":""},"tablet":{"background-color":"var(--ast-global-color-5)","background-image":"","background-repeat":"repeat","background-position":"center center","background-size":"auto","background-attachment":"scroll","background-type":"","background-media":"","overlay-type":"","overlay-color":"","overlay-opacity":"","overlay-gradient":""},"mobile":{"background-color":"var(--ast-global-color-5)","background-image":"","background-repeat":"repeat","background-position":"center center","background-size":"auto","background-attachment":"scroll","background-type":"","background-media":"","overlay-type":"","overlay-color":"","overlay-opacity":"","overlay-gradient":""}},"footnotes":""},"categories":[8],"tags":[17398],"class_list":["post-54683","post","type-post","status-publish","format-standard","has-post-thumbnail","hentry","category-noticias","tag-adolfo-karam-beltran"],"_links":{"self":[{"href":"https:\/\/losperiodistas.com.mx\/portal\/wp-json\/wp\/v2\/posts\/54683","targetHints":{"allow":["GET"]}}],"collection":[{"href":"https:\/\/losperiodistas.com.mx\/portal\/wp-json\/wp\/v2\/posts"}],"about":[{"href":"https:\/\/losperiodistas.com.mx\/portal\/wp-json\/wp\/v2\/types\/post"}],"author":[{"embeddable":true,"href":"https:\/\/losperiodistas.com.mx\/portal\/wp-json\/wp\/v2\/users\/1"}],"replies":[{"embeddable":true,"href":"https:\/\/losperiodistas.com.mx\/portal\/wp-json\/wp\/v2\/comments?post=54683"}],"version-history":[{"count":1,"href":"https:\/\/losperiodistas.com.mx\/portal\/wp-json\/wp\/v2\/posts\/54683\/revisions"}],"predecessor-version":[{"id":54685,"href":"https:\/\/losperiodistas.com.mx\/portal\/wp-json\/wp\/v2\/posts\/54683\/revisions\/54685"}],"wp:featuredmedia":[{"embeddable":true,"href":"https:\/\/losperiodistas.com.mx\/portal\/wp-json\/wp\/v2\/media\/54684"}],"wp:attachment":[{"href":"https:\/\/losperiodistas.com.mx\/portal\/wp-json\/wp\/v2\/media?parent=54683"}],"wp:term":[{"taxonomy":"category","embeddable":true,"href":"https:\/\/losperiodistas.com.mx\/portal\/wp-json\/wp\/v2\/categories?post=54683"},{"taxonomy":"post_tag","embeddable":true,"href":"https:\/\/losperiodistas.com.mx\/portal\/wp-json\/wp\/v2\/tags?post=54683"}],"curies":[{"name":"wp","href":"https:\/\/api.w.org\/{rel}","templated":true}]}}