{"id":54680,"date":"2023-07-14T07:02:51","date_gmt":"2023-07-14T12:02:51","guid":{"rendered":"http:\/\/losperiodistas.com.mx\/portal\/?p=54680"},"modified":"2023-07-14T07:02:55","modified_gmt":"2023-07-14T12:02:55","slug":"dia-de-la-bastilla-una-breve-historia-de-la-fiesta-nacional-del-14-de-julio-en-francia-france-24","status":"publish","type":"post","link":"https:\/\/losperiodistas.com.mx\/portal\/dia-de-la-bastilla-una-breve-historia-de-la-fiesta-nacional-del-14-de-julio-en-francia-france-24\/","title":{"rendered":"D\u00eda de la Bastilla: una breve historia de la fiesta nacional del 14 de julio en Francia | France 24"},"content":{"rendered":"\n<p class=\"has-pale-cyan-blue-background-color has-background has-medium-font-size\">Francia celebra su fiesta nacional todos los a\u00f1os con fuegos artificiales, conciertos y un extravagante desfile militar por los Campos El\u00edseos en presencia del presidente, un grupo de pol\u00edticos y a menudo un jefe de estado extranjero como invitado de honor. La fecha del 14 de julio, conmemora dos eventos importantes en la historia de Francia. France 24 echa un vistazo a los or\u00edgenes de la festividad y qu\u00e9 esperar en ese d\u00eda.<\/p>\n\n\n\n<figure class=\"wp-block-image size-large is-style-default\"><img fetchpriority=\"high\" decoding=\"async\" width=\"1024\" height=\"579\" src=\"https:\/\/losperiodistas.com.mx\/portal\/wp-content\/uploads\/2023\/07\/Captura-de-Pantalla-2023-07-14-a-las-5.57.30-1024x579.jpg\" alt=\"\" class=\"wp-image-54681\" srcset=\"https:\/\/losperiodistas.com.mx\/portal\/wp-content\/uploads\/2023\/07\/Captura-de-Pantalla-2023-07-14-a-las-5.57.30-1024x579.jpg 1024w, https:\/\/losperiodistas.com.mx\/portal\/wp-content\/uploads\/2023\/07\/Captura-de-Pantalla-2023-07-14-a-las-5.57.30-300x170.jpg 300w, https:\/\/losperiodistas.com.mx\/portal\/wp-content\/uploads\/2023\/07\/Captura-de-Pantalla-2023-07-14-a-las-5.57.30-768x434.jpg 768w, https:\/\/losperiodistas.com.mx\/portal\/wp-content\/uploads\/2023\/07\/Captura-de-Pantalla-2023-07-14-a-las-5.57.30-1536x868.jpg 1536w, https:\/\/losperiodistas.com.mx\/portal\/wp-content\/uploads\/2023\/07\/Captura-de-Pantalla-2023-07-14-a-las-5.57.30.jpg 1960w\" sizes=\"(max-width: 1024px) 100vw, 1024px\" \/><figcaption>El equipo de vuelo acrob\u00e1tico de \u00e9lite franc\u00e9s \u00abPatrouille de France\u00bb (PAF) suelta humo con los colores de la bandera francesa mientras realiza un sobrevuelo durante el desfile militar del D\u00eda de la Bastilla en la avenida de los Campos El\u00edseos de Par\u00eds el 14 de julio de 2022.\u00a0AFP &#8211; LUDOVIC MARIN<\/figcaption><\/figure>\n\n\n\n<p class=\"has-vivid-red-color has-text-color has-medium-font-size\"><strong>FRANCE 24<\/strong><\/p>\n\n\n\n<h2 class=\"wp-block-heading\"><strong>\u00bfQu\u00e9 es significativo sobre el 14 de julio?<\/strong><\/h2>\n\n\n\n<p>El \u201c<a href=\"https:\/\/www.france24.com\/es\/tag\/d%C3%ADa-de-la-bastilla\/\">D\u00eda de la Bastilla<\/a>\u201d se conoce en&nbsp;<a href=\"https:\/\/www.france24.com\/es\/tag\/francia\/\">Francia<\/a>&nbsp;simplemente como \u201cel Catorce de Julio\u201d, en referencia a la fecha en la que se celebra. El 14 de julio se convirti\u00f3 en una festividad nacional oficial en 1880 para conmemorar puntos de inflexi\u00f3n clave en la historia de Francia.<\/p>\n\n\n\n<p>La Revoluci\u00f3n Francesa comenz\u00f3 oficialmente el 5 de mayo de 1789, cuando el rey Luis XVI convoc\u00f3 una reuni\u00f3n de los Estados Generales para recaudar m\u00e1s dinero despu\u00e9s de haber recaudado lo que pudo en impuestos. Pero la reuni\u00f3n r\u00e1pidamente se convirti\u00f3 en un debate sobre el reparto de influencia pol\u00edtica y las malas condiciones de vida que sufr\u00eda el pueblo de&nbsp;<a href=\"https:\/\/www.france24.com\/es\/tag\/francia\/\">Francia<\/a>, mientras el rey llevaba un estilo de vida opulento en el castillo de Versalles fuera de&nbsp;<a href=\"https:\/\/www.france24.com\/es\/tag\/par%C3%ADs\/\">Par\u00eds<\/a>.<\/p>\n\n\n\n<p>El 14 de julio de ese a\u00f1o, una multitud parisina -hambrienta debido a una mala cosecha y enfadada con el rey y el gobierno por su sufrimiento- asalt\u00f3 la prisi\u00f3n de la Bastilla, que se hab\u00eda convertido en un s\u00edmbolo del poder absoluto ejercido por el monarca al confinar all\u00ed a muchos de sus oponentes. La multitud liber\u00f3 a unos pocos prisioneros y se apoder\u00f3 de grandes cantidades de armas, en lo que fue una primera victoria para el pueblo sobre el \u201cAntiguo r\u00e9gimen\u201d (l\u2019Ancien R\u00e9gime), la monarqu\u00eda francesa que se remontaba alrededor del siglo XVI.<\/p>\n\n\n\n<p>La&nbsp;<a href=\"https:\/\/www.conseil-constitutionnel.fr\/sites\/default\/files\/as\/root\/bank_mm\/espagnol\/es_ddhc.pdf\" target=\"_blank\" rel=\"noreferrer noopener\">Declaraci\u00f3n de los Derechos del Hombre y del Ciudadano<\/a>, promulgada ese mismo verano, ped\u00eda el establecimiento de ciertos derechos \u201cnaturales e inalienables\u201d, incluyendo la libertad, la resistencia a la opresi\u00f3n y la igualdad ante la ley. Despu\u00e9s de ratificar el texto en octubre y verse sometido a una creciente presi\u00f3n por parte del pueblo, el rey Luis XVI y su esposa Mar\u00eda Antonieta abandonaron Versalles y se trasladaron a Par\u00eds.<\/p>\n\n\n\n<p>Estos fueron momentos decisivos en la Revoluci\u00f3n Francesa (1789-1799), que recre\u00f3 a Francia como una rep\u00fablica popular fundada en los principios de la libertad individual y la ciudadan\u00eda responsable codificados por el famoso lema \u201cLibertad, Igualdad, Fraternidad\u201d, que sigue siendo el lema de Francia en la actualidad.<\/p>\n\n\n\n<p>La Fiesta de la Federaci\u00f3n (la F\u00eate de la F\u00e9d\u00e9ration) al a\u00f1o siguiente &#8211; el 14 de julio de 1790 &#8211; reuni\u00f3 a 300 000 personas en un anfiteatro construido especialmente para el evento en las afueras de Par\u00eds, para celebrar el aniversario de la toma de la Bastilla y los logros de la Revoluci\u00f3n Francesa, marcando la primera vez que se celebraba la fiesta nacional de Francia.<\/p>\n\n\n\n<p>Luis XVI y Mar\u00eda Antonieta murieron guillotinados en 1793, poniendo fin de manera decisiva a la monarqu\u00eda.<\/p>\n\n\n\n<h2 class=\"wp-block-heading\"><strong>\u00bfQu\u00e9 sucede en Francia el 14 de Julio?<\/strong><\/h2>\n\n\n\n<p>La fiesta nacional de Francia se celebra hoy con una serie de eventos a lo largo del d\u00eda. La mayor\u00eda de las principales celebraciones televisadas tienen lugar en Par\u00eds, pero las ciudades y pueblos de todo el pa\u00eds tambi\u00e9n organizan una variedad de celebraciones locales.<\/p>\n\n\n\n<p><strong>10 a. m. hora local: El desfile militar<\/strong><\/p>\n\n\n\n<p>Una parte clave de las celebraciones es el desfile militar de Francia, que se convirti\u00f3 en parte de las celebraciones oficiales por decreto cuando el 14 de julio se instaur\u00f3 como festividad nacional en 1880.<\/p>\n\n\n\n<p>El evento muestra a miles de militares y polic\u00edas, cientos de caballos &nbsp;y casi 500 veh\u00edculos desfilando por la avenida de los Campos El\u00edseos de Par\u00eds, desde el&nbsp;<a href=\"https:\/\/www.france24.com\/es\/tag\/arco-del-triunfo\/\">Arco del Triunfo<\/a>&nbsp;hasta la Plaza de la Concordia. Adem\u00e1s, docenas de aviones realizan un sobrevuelo militar de la capital mientras dejan una estela de los colores de la bandera francesa: azul, blanco y rojo.<\/p>\n\n\n\n<figure class=\"wp-block-image is-style-default\"><img decoding=\"async\" src=\"https:\/\/s.france24.com\/media\/display\/c490baee-21cc-11ee-b1b8-005056a90284\/000_32ED8MP.jpg\" alt=\"El equipo de vuelo acrob\u00e1tico de \u00e9lite franc\u00e9s &quot;Patrouille de France&quot; (PAF) suelta humo con los colores de la bandera francesa mientras realiza un sobrevuelo durante el desfile militar del D\u00eda de la Bastilla en la avenida de los Campos El\u00edseos de Par\u00eds el 14 de julio de 2022.\"\/><figcaption>El equipo de vuelo acrob\u00e1tico de \u00e9lite franc\u00e9s \u00abPatrouille de France\u00bb (PAF) suelta humo con los colores de la bandera francesa mientras realiza un sobrevuelo durante el desfile militar del D\u00eda de la Bastilla en la avenida de los Campos El\u00edseos de Par\u00eds el 14 de julio de 2022.&nbsp;AFP &#8211; LUDOVIC MARIN<\/figcaption><\/figure>\n\n\n\n<p>El actual presidente de la Rep\u00fablica Francesa asiste al desfile justo con pol\u00edticos de alto rango y a menudo un jefe de estado extranjero como invitado de honor. Los miembros del p\u00fablico pueden ver el desfile en vivo por televisi\u00f3n o asistir en persona ocupando uno de los grader\u00edos de espectadores a lo largo de la avenida.<\/p>\n\n\n\n<p>Adem\u00e1s de mostrar el poder militar de Francia, el evento es una ocasi\u00f3n para honrar a ciertas personas y causas, y para fortalecer los lazos diplom\u00e1ticos. A menudo se invita a tropas de otras naciones a unirse al desfile como gesto de amistad y alianza, o para conmemorar ocasiones hist\u00f3ricas.<\/p>\n\n\n\n<p>Para conmemorar el centenario de la entrada de Estados Unidos en la&nbsp;<a href=\"https:\/\/www.france24.com\/es\/tag\/primera-guerra-mundial\/\">Primera Guerra Mundial<\/a>, tropas estadounidenses participaron en 2017. Ese mismo a\u00f1o, el presidente&nbsp;<a href=\"https:\/\/www.france24.com\/es\/tag\/emmanuel-macron\/\">Emmanuel Macron<\/a>&nbsp;invit\u00f3 al expresidente estadounidense&nbsp;<a href=\"https:\/\/www.france24.com\/es\/tag\/donald-trump\/\">Donald Trump<\/a>&nbsp;como invitado de honor. Seg\u00fan informes, Trump qued\u00f3 tan impresionado con el desfile que orden\u00f3 al Pent\u00e1gono que organizara un evento similar en Estados Unidos.<\/p>\n\n\n\n<p>En 2020, el desfile se redujo dr\u00e1sticamente debido a la pandemia de Covid-19. Al a\u00f1o siguiente, se invit\u00f3 a trabajadores sanitarios franceses a participar para honrar su arduo trabajo durante la crisis.<\/p>\n\n\n\n<p>En 2022, tropas de nueve pa\u00edses de Europa Oriental abrieron el desfile en se\u00f1al de solidaridad con&nbsp;<a href=\"https:\/\/www.france24.com\/es\/tag\/ucrania\/\">Ucrania<\/a>, donde&nbsp;<a href=\"https:\/\/www.france24.com\/es\/tag\/rusia\/\">Rusia<\/a>&nbsp;hab\u00eda lanzado una invasi\u00f3n a gran escala en febrero anterior.<\/p>\n\n\n\n<p>El primer ministro indio,&nbsp;<a href=\"https:\/\/www.france24.com\/es\/tag\/narendra-modi\/\">Narendra Modi<\/a>, asistir\u00e1 al desfile de 2023 como invitado de honor de Macron. Tambi\u00e9n se unir\u00e1 al desfile una delegaci\u00f3n de las fuerzas armadas indias.<\/p>\n\n\n\n<figure class=\"wp-block-image is-style-default\"><img decoding=\"async\" src=\"https:\/\/s.france24.com\/media\/display\/a69a2718-21cd-11ee-98b9-005056bfb2b6\/000_1IQ6IQ.jpg\" alt=\"Miembros de la Guardia Republicana francesa (Garde Republicaine) participan en el desfile militar anual del D\u00eda de la Bastilla por la avenida de los Campos El\u00edseos, en Par\u00eds, el 14 de julio de 2019.\"\/><figcaption>Miembros de la Guardia Republicana francesa (Garde Republicaine) participan en el desfile militar anual del D\u00eda de la Bastilla por la avenida de los Campos El\u00edseos, en Par\u00eds, el 14 de julio de 2019.&nbsp;AFP &#8211; PHILIPPE LOPEZ<\/figcaption><\/figure>\n\n\n\n<p><strong>Discurso televisado del presidente de la Rep\u00fablica<\/strong><\/p>\n\n\n\n<p>El presidente Val\u00e9ry Giscard d\u2019Estaing introdujo la costumbre de que el jefe de estado franc\u00e9s pronunciara un discurso televisado el 14 de julio en la d\u00e9cada de 1970. El evento se convirti\u00f3 en una tradici\u00f3n pol\u00edtica, similar al discurso presidencial anual televisado que se pronuncia desde el Palacio del El\u00edseo el 31 de diciembre.<\/p>\n\n\n\n<p>La tradici\u00f3n se extingui\u00f3 en cierta medida bajo la presidencia de&nbsp;<a href=\"https:\/\/www.france24.com\/es\/tag\/nicolas-sarkozy\/\">Nicolas Sarkozy<\/a>, quien no pronunci\u00f3 el discurso tradicional del&nbsp;<a href=\"https:\/\/www.france24.com\/es\/tag\/d%C3%ADa-de-la-bastilla\/\">D\u00eda de la Bastilla<\/a>&nbsp;durante sus cinco a\u00f1os de mandato.<\/p>\n\n\n\n<p>Desde que Macron asumi\u00f3 la presidencia en 2017, solo ha dado dos entrevistas televisadas en la festividad del 14 de julio, en 2020 y 2022. No hay planes de una entrevista en 2023.<\/p>\n\n\n\n<p><strong>9 p. m. hora local: concierto en el Champs de Mars<\/strong><\/p>\n\n\n\n<p>Una tradici\u00f3n relativamente reciente es el Concierto de Par\u00eds de m\u00fasica cl\u00e1sica, que se celebra en el parque situado debajo de la Torre Eiffel, conocido como Champs de Mars.<\/p>\n\n\n\n<p>El concierto de dos horas se celebrar\u00e1 por und\u00e9cimo a\u00f1o consecutivo en 2023, interpretado, como es habitual, por la Orquesta Nacional de Francia, con el coro y la escuela de coro de Radio France.<\/p>\n\n\n\n<p>Este a\u00f1o tambi\u00e9n contar\u00e1 con actuaciones especiales de los cantantes de \u00f3pera Ermonela Jaho, St\u00e9phanie d\u2019Oustrac, Jonas Kaufmann y Ludovic T\u00e9zier, y la violinista Vilde Frang.<\/p>\n\n\n\n<p>El concierto es televisado y los espectadores tambi\u00e9n pueden verlo de forma gratuita en persona desde el parque del Campo de Marte frente a la torre.<\/p>\n\n\n\n<p>Tradicionalmente, el concierto termina con una emotiva versi\u00f3n nacional franc\u00e9s, La Marsellesa, originalmente un llamado a las armas para los soldados que luchaban en la Revoluci\u00f3n Francesa, justo antes de que comience el famoso espect\u00e1culo de fuegos artificiales de la Torre Eiffel. &nbsp;<\/p>\n\n\n\n<figure class=\"wp-block-image is-style-default\"><img decoding=\"async\" src=\"https:\/\/s.france24.com\/media\/display\/7b2de9ac-1b42-11ee-88b6-005056a90284\/000_1V70H8.jpg\" alt=\"Fuegos artificiales sobre la Torre Eiffel con motivo de las celebraciones anuales del D\u00eda de la Bastilla en Par\u00eds, el 14 de julio de 2020. Francia celebra este a\u00f1o una versi\u00f3n reducida de su tradicional desfile del D\u00eda de la Bastilla debido a las medidas de seguridad contra la pandemia de COVID-19 (nuevo coronavirus), y a que las celebraciones del d\u00eda nacional del pa\u00eds incluyen un homenaje a los trabajadores sanitarios y otras personas que luchan contra el brote.\"\/><figcaption>Fuegos artificiales sobre la Torre Eiffel con motivo de las celebraciones anuales del D\u00eda de la Bastilla en Par\u00eds, el 14 de julio de 2020. Francia celebra este a\u00f1o una versi\u00f3n reducida de su tradicional desfile del D\u00eda de la Bastilla debido a las medidas de seguridad contra la pandemia de COVID-19 (nuevo coronavirus), y a que las celebraciones del d\u00eda nacional del pa\u00eds incluyen un homenaje a los trabajadores sanitarios y otras personas que luchan contra el brote.&nbsp;\u00a9 Zakaria Abdelkafi, AFP<\/figcaption><\/figure>\n\n\n\n<p><strong>11 p. m. hora local: fuegos artificiales<\/strong><\/p>\n\n\n\n<p>Quiz\u00e1s la imagen m\u00e1s famosa de las celebraciones del 14 de julio en Francia es la de los fuegos artificiales iluminando el cielo nocturno alrededor de la Torre Eiffel.<\/p>\n\n\n\n<p>La exhibici\u00f3n de 30 minutos comienza justo despu\u00e9s del Concierto de Par\u00eds, con fuegos artificiales acompa\u00f1ados de m\u00fasica contempor\u00e1nea. En los \u00faltimos tambi\u00e9n se han incluido drones iluminados. El tema de la exhibici\u00f3n para 2023 es \u201cLibertad\u201d.<\/p>\n\n\n\n<p>El evento es televisado y los espectadores pueden verlo de forma gratuita desde el Champs de Mars, si hay espacio disponible, ya que las multitudes suelen ser enormes.<\/p>\n\n\n\n<figure class=\"wp-block-embed is-type-rich is-provider-twitter wp-block-embed-twitter\"><div class=\"wp-block-embed__wrapper\">\nhttps:\/\/twitter.com\/LaTourEiffel\/status\/1547706112958296067?ref_src=twsrc%5Etfw%7Ctwcamp%5Etweetembed%7Ctwterm%5E1547706112958296067%7Ctwgr%5E735b21d35b2ee3118609bf42afcf4ab0d58982f2%7Ctwcon%5Es1_c10&#038;ref_url=https%3A%2F%2Fwww.france24.com%2Fes%2Ffrancia%2F20230713-dC3ADa-de-la-bastilla-una-breve-historia-de-la-fiesta-nacional-del-14-de-julio-en-francia\n<\/div><\/figure>\n\n\n\n<p><\/p>\n\n\n\n<p>Para aquellos afortunados que viven en un edificio alto o cerca de una colina, el espect\u00e1culo tambi\u00e9n es visible desde varios puntos alrededor de la capital.<\/p>\n\n\n\n<p><strong>El baile de los bomberos<\/strong><\/p>\n\n\n\n<p>El baile de los bomberos no es parte oficial de las celebraciones del 14 de julio, pero es una instituci\u00f3n.<\/p>\n\n\n\n<p>En las noches del 13 y el 14 de julio, las estaciones de bomberos de toda Francia abren sus puerta y celebran fiestas p\u00fablicas, a menudo con m\u00fasica y un bar en la propia estaci\u00f3n o en el patio de la estaci\u00f3n.<\/p>\n\n\n\n<p>Se dice que la tradici\u00f3n comenz\u00f3 en el distrito de Montmartre en Par\u00eds en 1937, cuando los bomberos que regresaban de participar en el desfile militar fueron seguidos por ciudadanos alegres. En medio de la atm\u00f3sfera festiva, los bomberos abrieron las puertas de la estaci\u00f3n y permitieron el ingreso de los residentes de la ciudad.<\/p>\n\n\n\n<p>Prohibidas durante la Segunda Guerra Mundial, las fiesta se reintrodujeron despu\u00e9s de la liberaci\u00f3n de Francia y se han mantenido como un parte habitual de la fiesta nacional desde entonces.<\/p>\n\n\n\n<p><em>*Texto adaptado del texto\u00a0<a href=\"https:\/\/www.france24.com\/en\/europe\/20230713-bastille-day-a-brief-history-of-france-s-july-14-national-holiday\">original en ingl\u00e9s<\/a><\/em><\/p>\n\n\n\n<p>Fuente: <a href=\"https:\/\/www.france24.com\/es\/francia\/20230713-d%C3%ADa-de-la-bastilla-una-breve-historia-de-la-fiesta-nacional-del-14-de-julio-en-francia\">https:\/\/www.france24.com\/es\/francia\/20230713-d%C3%ADa-de-la-bastilla-una-breve-historia-de-la-fiesta-nacional-del-14-de-julio-en-francia<\/a><\/p>\n","protected":false},"excerpt":{"rendered":"<p>Francia celebra su fiesta nacional todos los a\u00f1os con fuegos artificiales, conciertos y un extravagante desfile militar por los Campos [&hellip;]<\/p>\n","protected":false},"author":1,"featured_media":54681,"comment_status":"open","ping_status":"open","sticky":false,"template":"","format":"standard","meta":{"site-sidebar-layout":"default","site-content-layout":"","ast-site-content-layout":"default","site-content-style":"default","site-sidebar-style":"default","ast-global-header-display":"","ast-banner-title-visibility":"","ast-main-header-display":"","ast-hfb-above-header-display":"","ast-hfb-below-header-display":"","ast-hfb-mobile-header-display":"","site-post-title":"","ast-breadcrumbs-content":"","ast-featured-img":"","footer-sml-layout":"","theme-transparent-header-meta":"","adv-header-id-meta":"","stick-header-meta":"","header-above-stick-meta":"","header-main-stick-meta":"","header-below-stick-meta":"","astra-migrate-meta-layouts":"default","ast-page-background-enabled":"default","ast-page-background-meta":{"desktop":{"background-color":"var(--ast-global-color-4)","background-image":"","background-repeat":"repeat","background-position":"center center","background-size":"auto","background-attachment":"scroll","background-type":"","background-media":"","overlay-type":"","overlay-color":"","overlay-opacity":"","overlay-gradient":""},"tablet":{"background-color":"","background-image":"","background-repeat":"repeat","background-position":"center center","background-size":"auto","background-attachment":"scroll","background-type":"","background-media":"","overlay-type":"","overlay-color":"","overlay-opacity":"","overlay-gradient":""},"mobile":{"background-color":"","background-image":"","background-repeat":"repeat","background-position":"center center","background-size":"auto","background-attachment":"scroll","background-type":"","background-media":"","overlay-type":"","overlay-color":"","overlay-opacity":"","overlay-gradient":""}},"ast-content-background-meta":{"desktop":{"background-color":"var(--ast-global-color-5)","background-image":"","background-repeat":"repeat","background-position":"center center","background-size":"auto","background-attachment":"scroll","background-type":"","background-media":"","overlay-type":"","overlay-color":"","overlay-opacity":"","overlay-gradient":""},"tablet":{"background-color":"var(--ast-global-color-5)","background-image":"","background-repeat":"repeat","background-position":"center center","background-size":"auto","background-attachment":"scroll","background-type":"","background-media":"","overlay-type":"","overlay-color":"","overlay-opacity":"","overlay-gradient":""},"mobile":{"background-color":"var(--ast-global-color-5)","background-image":"","background-repeat":"repeat","background-position":"center center","background-size":"auto","background-attachment":"scroll","background-type":"","background-media":"","overlay-type":"","overlay-color":"","overlay-opacity":"","overlay-gradient":""}},"footnotes":""},"categories":[8],"tags":[11376],"class_list":["post-54680","post","type-post","status-publish","format-standard","has-post-thumbnail","hentry","category-noticias","tag-dia-de-la-bastilla"],"_links":{"self":[{"href":"https:\/\/losperiodistas.com.mx\/portal\/wp-json\/wp\/v2\/posts\/54680","targetHints":{"allow":["GET"]}}],"collection":[{"href":"https:\/\/losperiodistas.com.mx\/portal\/wp-json\/wp\/v2\/posts"}],"about":[{"href":"https:\/\/losperiodistas.com.mx\/portal\/wp-json\/wp\/v2\/types\/post"}],"author":[{"embeddable":true,"href":"https:\/\/losperiodistas.com.mx\/portal\/wp-json\/wp\/v2\/users\/1"}],"replies":[{"embeddable":true,"href":"https:\/\/losperiodistas.com.mx\/portal\/wp-json\/wp\/v2\/comments?post=54680"}],"version-history":[{"count":1,"href":"https:\/\/losperiodistas.com.mx\/portal\/wp-json\/wp\/v2\/posts\/54680\/revisions"}],"predecessor-version":[{"id":54682,"href":"https:\/\/losperiodistas.com.mx\/portal\/wp-json\/wp\/v2\/posts\/54680\/revisions\/54682"}],"wp:featuredmedia":[{"embeddable":true,"href":"https:\/\/losperiodistas.com.mx\/portal\/wp-json\/wp\/v2\/media\/54681"}],"wp:attachment":[{"href":"https:\/\/losperiodistas.com.mx\/portal\/wp-json\/wp\/v2\/media?parent=54680"}],"wp:term":[{"taxonomy":"category","embeddable":true,"href":"https:\/\/losperiodistas.com.mx\/portal\/wp-json\/wp\/v2\/categories?post=54680"},{"taxonomy":"post_tag","embeddable":true,"href":"https:\/\/losperiodistas.com.mx\/portal\/wp-json\/wp\/v2\/tags?post=54680"}],"curies":[{"name":"wp","href":"https:\/\/api.w.org\/{rel}","templated":true}]}}