{"id":54647,"date":"2023-07-13T09:40:30","date_gmt":"2023-07-13T14:40:30","guid":{"rendered":"http:\/\/losperiodistas.com.mx\/portal\/?p=54647"},"modified":"2023-07-13T09:40:32","modified_gmt":"2023-07-13T14:40:32","slug":"alto-al-calor-pongamos-un-freno-al-cambio-climatico","status":"publish","type":"post","link":"https:\/\/losperiodistas.com.mx\/portal\/alto-al-calor-pongamos-un-freno-al-cambio-climatico\/","title":{"rendered":"<strong>Alto al calor: pongamos un freno al cambio clim\u00e1tico<\/strong>"},"content":{"rendered":"\n<p><\/p>\n\n\n\n<p class=\"has-vivid-red-color has-text-color\" style=\"font-size:26px\"><strong><em>Por Fernando Manzanilla Prieto<\/em><\/strong><\/p>\n\n\n\n<p>En los \u00faltimos a\u00f1os, hemos sido testigos de un aumento alarmante en la intensidad y frecuencia de las jornadas de calor en todo el mundo. Estos per\u00edodos de calor extremo no solo afectan nuestra comodidad y bienestar, sino que tambi\u00e9n son un recordatorio directo de los efectos del cambio clim\u00e1tico en nuestro planeta.<\/p>\n\n\n\n<p>De acuerdo con informaci\u00f3n de los Centros Nacionales de Predicci\u00f3n Ambiental de EE.UU., el pasado 4 de julio de este a\u00f1o se registr\u00f3 la temperatura media m\u00e1s alta en la historia del planeta Tierra, desde que hay registros, al alcanzar los 17.18 grados cent\u00edgrados, justo por encima del r\u00e9cord anterior logrado en agosto de 2016 con 16.92 grados cent\u00edgrados.<\/p>\n\n\n\n<p>Desafortunadamente, \u00e9ste no es un hecho aislado, ya que, seg\u00fan especialistas, este r\u00e9cord podr\u00eda romperse varias veces m\u00e1s este a\u00f1o con consecuencias devastadoras, debido a que las altas temperaturas ponen en riesgo la vida de las personas. Se sabe que, desde el mes de marzo a la fecha, tan solo en M\u00e9xico han muerto al menos 112 personas por esta causa.<\/p>\n\n\n\n<p>El propio Servicio Meteorol\u00f3gico Nacional (SMN) ha pronosticado al menos tres meses m\u00e1s con las temperaturas m\u00e1s c\u00e1lidas en el pa\u00eds que el promedio en los \u00faltimos 82 a\u00f1os, en estados del norte y centro.<\/p>\n\n\n\n<p>Las olas de calor suelen estar asociadas con \u00e1reas de alta presi\u00f3n atmosf\u00e9rica que se establecen sobre una regi\u00f3n determinada, as\u00ed como pueden ser exacerbadas por la influencia de fen\u00f3menos como el de El Ni\u00f1o, pero tambi\u00e9n lo est\u00e1n con el cambio clim\u00e1tico, causado principalmente por las actividades humanas que emiten gases de efecto invernadero, como di\u00f3xido de carbono y metano.<\/p>\n\n\n\n<p>Es evidente que debemos tomar medidas urgentes para hacer frente a esta crisis global y proteger el medio ambiente para las generaciones futuras. El primer paso es generar conciencia sobre su impacto en nuestro entorno y realizar medidas que reduzcan nuestra huella de carbono y mitiguen los efectos negativos.<\/p>\n\n\n\n<p>Las actividades humanas, como la quema de combustibles f\u00f3siles y la deforestaci\u00f3n, son las principales causas del cambio clim\u00e1tico. Para frenar este proceso, debemos implementar acciones concretas para reducir nuestras emisiones de gases de efecto invernadero. Esto implica adoptar energ\u00edas renovables, como la solar y la e\u00f3lica, promover el transporte sostenible y realizar cambios en nuestros h\u00e1bitos de consumo para minimizar la producci\u00f3n de residuos.<\/p>\n\n\n\n<p>Tambi\u00e9n debemos prepararnos para los impactos inevitables del cambio clim\u00e1tico. Es fundamental implementar medidas de adaptaci\u00f3n, como el dise\u00f1o de ciudades m\u00e1s resistentes al calor, la promoci\u00f3n de sistemas de riego eficientes y la implementaci\u00f3n de estrategias de gesti\u00f3n del agua. Estas acciones ayudar\u00e1n a minimizar los riesgos y proteger a las comunidades vulnerables.<\/p>\n\n\n\n<p>Pero adem\u00e1s de ello, necesitamos ser conscientes de que la lucha contra el cambio clim\u00e1tico no puede ser llevada a cabo \u00fanicamente por gobiernos y organizaciones internacionales. Todos tenemos un papel importante que desempe\u00f1ar. La educaci\u00f3n ambiental y la participaci\u00f3n ciudadana son fundamentales para lograr un cambio significativo. Es necesario promover la conciencia ambiental desde las etapas tempranas de la educaci\u00f3n, fomentar la investigaci\u00f3n cient\u00edfica y apoyar iniciativas comunitarias que promuevan la sostenibilidad y la resiliencia.<\/p>\n\n\n\n<p>Y es que el cambio clim\u00e1tico es un desaf\u00edo global que requiere una respuesta global. La cooperaci\u00f3n entre pa\u00edses, organizaciones internacionales y la sociedad civil es esencial para abordar este problema. Los acuerdos internacionales, como el Acuerdo de Par\u00eds, brindan un marco para la colaboraci\u00f3n y el intercambio de mejores pr\u00e1cticas.<\/p>\n\n\n\n<p>No pasemos por alto que, si realmente queremos proteger nuestro planeta y garantizar un futuro sostenible, es crucial que emprendamos acciones inmediatas para abordar esta crisis, que cada vez ser\u00e1 m\u00e1s frecuente. Tengamos presente que cada acci\u00f3n cuenta y juntos podemos construir un futuro m\u00e1s seguro y resiliente para las generaciones venideras.<\/p>\n","protected":false},"excerpt":{"rendered":"<p>Por Fernando Manzanilla Prieto En los \u00faltimos a\u00f1os, hemos sido testigos de un aumento alarmante en la intensidad y frecuencia [&hellip;]<\/p>\n","protected":false},"author":1,"featured_media":54648,"comment_status":"open","ping_status":"open","sticky":false,"template":"","format":"standard","meta":{"site-sidebar-layout":"default","site-content-layout":"","ast-site-content-layout":"default","site-content-style":"default","site-sidebar-style":"default","ast-global-header-display":"","ast-banner-title-visibility":"","ast-main-header-display":"","ast-hfb-above-header-display":"","ast-hfb-below-header-display":"","ast-hfb-mobile-header-display":"","site-post-title":"","ast-breadcrumbs-content":"","ast-featured-img":"","footer-sml-layout":"","theme-transparent-header-meta":"","adv-header-id-meta":"","stick-header-meta":"","header-above-stick-meta":"","header-main-stick-meta":"","header-below-stick-meta":"","astra-migrate-meta-layouts":"default","ast-page-background-enabled":"default","ast-page-background-meta":{"desktop":{"background-color":"var(--ast-global-color-4)","background-image":"","background-repeat":"repeat","background-position":"center center","background-size":"auto","background-attachment":"scroll","background-type":"","background-media":"","overlay-type":"","overlay-color":"","overlay-opacity":"","overlay-gradient":""},"tablet":{"background-color":"","background-image":"","background-repeat":"repeat","background-position":"center center","background-size":"auto","background-attachment":"scroll","background-type":"","background-media":"","overlay-type":"","overlay-color":"","overlay-opacity":"","overlay-gradient":""},"mobile":{"background-color":"","background-image":"","background-repeat":"repeat","background-position":"center center","background-size":"auto","background-attachment":"scroll","background-type":"","background-media":"","overlay-type":"","overlay-color":"","overlay-opacity":"","overlay-gradient":""}},"ast-content-background-meta":{"desktop":{"background-color":"var(--ast-global-color-5)","background-image":"","background-repeat":"repeat","background-position":"center center","background-size":"auto","background-attachment":"scroll","background-type":"","background-media":"","overlay-type":"","overlay-color":"","overlay-opacity":"","overlay-gradient":""},"tablet":{"background-color":"var(--ast-global-color-5)","background-image":"","background-repeat":"repeat","background-position":"center center","background-size":"auto","background-attachment":"scroll","background-type":"","background-media":"","overlay-type":"","overlay-color":"","overlay-opacity":"","overlay-gradient":""},"mobile":{"background-color":"var(--ast-global-color-5)","background-image":"","background-repeat":"repeat","background-position":"center center","background-size":"auto","background-attachment":"scroll","background-type":"","background-media":"","overlay-type":"","overlay-color":"","overlay-opacity":"","overlay-gradient":""}},"footnotes":""},"categories":[24,8],"tags":[17390],"class_list":["post-54647","post","type-post","status-publish","format-standard","has-post-thumbnail","hentry","category-fernando-manzanilla","category-noticias","tag-ola-de-calor-mexico"],"_links":{"self":[{"href":"https:\/\/losperiodistas.com.mx\/portal\/wp-json\/wp\/v2\/posts\/54647","targetHints":{"allow":["GET"]}}],"collection":[{"href":"https:\/\/losperiodistas.com.mx\/portal\/wp-json\/wp\/v2\/posts"}],"about":[{"href":"https:\/\/losperiodistas.com.mx\/portal\/wp-json\/wp\/v2\/types\/post"}],"author":[{"embeddable":true,"href":"https:\/\/losperiodistas.com.mx\/portal\/wp-json\/wp\/v2\/users\/1"}],"replies":[{"embeddable":true,"href":"https:\/\/losperiodistas.com.mx\/portal\/wp-json\/wp\/v2\/comments?post=54647"}],"version-history":[{"count":1,"href":"https:\/\/losperiodistas.com.mx\/portal\/wp-json\/wp\/v2\/posts\/54647\/revisions"}],"predecessor-version":[{"id":54649,"href":"https:\/\/losperiodistas.com.mx\/portal\/wp-json\/wp\/v2\/posts\/54647\/revisions\/54649"}],"wp:featuredmedia":[{"embeddable":true,"href":"https:\/\/losperiodistas.com.mx\/portal\/wp-json\/wp\/v2\/media\/54648"}],"wp:attachment":[{"href":"https:\/\/losperiodistas.com.mx\/portal\/wp-json\/wp\/v2\/media?parent=54647"}],"wp:term":[{"taxonomy":"category","embeddable":true,"href":"https:\/\/losperiodistas.com.mx\/portal\/wp-json\/wp\/v2\/categories?post=54647"},{"taxonomy":"post_tag","embeddable":true,"href":"https:\/\/losperiodistas.com.mx\/portal\/wp-json\/wp\/v2\/tags?post=54647"}],"curies":[{"name":"wp","href":"https:\/\/api.w.org\/{rel}","templated":true}]}}