{"id":54644,"date":"2023-07-13T09:37:49","date_gmt":"2023-07-13T14:37:49","guid":{"rendered":"http:\/\/losperiodistas.com.mx\/portal\/?p=54644"},"modified":"2023-07-13T09:37:51","modified_gmt":"2023-07-13T14:37:51","slug":"monologos-de-menade-no-lo-se-rick","status":"publish","type":"post","link":"https:\/\/losperiodistas.com.mx\/portal\/monologos-de-menade-no-lo-se-rick\/","title":{"rendered":"Mon\u00f3logos de M\u00e9nade | \u00a1No lo s\u00e9 Rick\u2026!"},"content":{"rendered":"\n<figure class=\"wp-block-image size-large is-style-default\"><img fetchpriority=\"high\" decoding=\"async\" width=\"1024\" height=\"576\" src=\"https:\/\/losperiodistas.com.mx\/portal\/wp-content\/uploads\/2023\/07\/No-lo-se-Rick-1024x576.jpg\" alt=\"\" class=\"wp-image-54645\" srcset=\"https:\/\/losperiodistas.com.mx\/portal\/wp-content\/uploads\/2023\/07\/No-lo-se-Rick-1024x576.jpg 1024w, https:\/\/losperiodistas.com.mx\/portal\/wp-content\/uploads\/2023\/07\/No-lo-se-Rick-300x169.jpg 300w, https:\/\/losperiodistas.com.mx\/portal\/wp-content\/uploads\/2023\/07\/No-lo-se-Rick-768x432.jpg 768w, https:\/\/losperiodistas.com.mx\/portal\/wp-content\/uploads\/2023\/07\/No-lo-se-Rick.jpg 1200w\" sizes=\"(max-width: 1024px) 100vw, 1024px\" \/><\/figure>\n\n\n\n<p><\/p>\n\n\n\n<p class=\"has-vivid-red-color has-text-color\" style=\"font-size:26px\"><strong><em>Por Itandehui Rodr\u00edguez Mart\u00ednez<\/em><\/strong><\/p>\n\n\n\n<p>@Itandehui_RoMa<\/p>\n\n\n\n<p>\u00bfSer\u00e1 que el Frente Amplio por Puebla logre lo que el Nacional? \u00a1No lo s\u00e9 Rick\u2026! Y es que el \u2018timing\u2019 es malo. UNIDOS y M\u00e9xico Unido, anunciaron una rueda de prensa para hoy en la que dar\u00e1n\/dieron (dependiendo de la hora en la que lean esto) a conocer detalles de su construcci\u00f3n. Hacen esto sin considerar que las condiciones de sus aliados y las propias, son adversas. As\u00ed que digan que muy unidos, muy unidos, muy unidos\u2026 Pues no, verdad.<\/p>\n\n\n\n<p>Las diferencias entre la Presidencia y la Secretar\u00eda General de Acci\u00f3n Nacional, encabezadas por Augusta D\u00edaz de Rivera y Marcos Castro y que ha documentado Rodolfo Ru\u00edz esta semana, pero que son evidentes desde hace varias, dejan en claro que la situaci\u00f3n al interior del PAN es complicada.<\/p>\n\n\n\n<p>Contin\u00faan las bajas en ese partido, el 10 de julio Guillermo Vel\u00e1zquez Guti\u00e9rrez renunci\u00f3 a su militancia en para sumarse con Nacho Mier. Ese movimiento se ve\u00eda venir hace semanas y tampoco es que como que se haya perdido al activo m\u00e1s valioso, pero es uno menos.<\/p>\n\n\n\n<p>Por otro lado, la diputada M\u00f3nica Rodr\u00edguez Della Vecchia exige destapes y a qui\u00e9nes les exige, no tienen la menor intenci\u00f3n de hacerlo pronto.<\/p>\n\n\n\n<p>\u00bfEl PAN llega bien a la conformaci\u00f3n del Frente Amplio por Puebla? \u00a1No lo s\u00e9 Rick\u2026!<\/p>\n\n\n\n<p>Adem\u00e1s est\u00e1 el PRI, con el pleito entre N\u00e9stor Camarillo y Leobardo Soto. N\u00e9stor asegura que Leobardo los traicion\u00f3, pero, habr\u00eda que ver qu\u00e9 fue primero, si el huevo o la gallina. M\u00e1s all\u00e1 de eso, primero tendr\u00edan que ver la paja en el ojo propio.<\/p>\n\n\n\n<p>Todo el PRI tuvo v\u00ednculos, primero con el barbosisimo y hoy con el cespedismo y no estoy juazgando si est\u00e1 bien o mal. Yo creo que la agenda ciudadana debe estar antes que la partidista, pero los estatutos del PRI los proh\u00edben, son perfectamente claros. Isabel Merlo sigue siendo militante y aunque la dirigencia tricolor se lava las manos argumentando que este no es un gobierno electo, sino designado, la secretaria trabaja para un gobierno que opera para Morena.<\/p>\n\n\n\n<p>Por su parte, el dirigente de la CTM no est\u00e1 avanzando con incongruencias. En noviembre de 2018, la Conferederaci\u00f3n a nivel nacional adecu\u00f3 sus estatutos para responder al mandato constitucional sobre libre afiliaci\u00f3n partidista de los trabajadores.<\/p>\n\n\n\n<p>Ante eso, el PRI debi\u00f3 considerar cuidar las formas y el fondo del trato que recib\u00edan los dirigentes y agremiados de la CTM. Ya no estaban obligados a una alianza ciega y eterna.<\/p>\n\n\n\n<p>En aquel mes, en noviembre de 2018, la CTM ratific\u00f3 su participaci\u00f3n directa con el PRI, pero permitiendo a los trabajadores elegir apoyar a otros partidos. Leobardo Soto antes que ser dirigente, es militante y est\u00e1 en su derecho de sumarse a Julio Huerta.<\/p>\n\n\n\n<p>Luego de no haber hecho el esfuerzo por dialogar en privado y salvar la relaci\u00f3n, luego de que el dirigente estatal del PRI decidi\u00f3 lanzarse a un pleito tuitero del que todos salieron mal parados, \u00bfel PRI llega bien a la conformaci\u00f3n del Frente Amplio por Puebla? \u00a1No lo s\u00e9 Rick\u2026!<\/p>\n\n\n\n<p>Y despu\u00e9s, el PRD, con un dirigente que lo \u00fanico que est\u00e1 pensando es en ser \u00e9l el candidato a la gubernatura en 2024. \u00bfLe alcanza? No, pero quiere. Ese partido y sus 27 militantes llevan una agenda clara, se llama \u201cvenimos a conseguir espacios para los Mart\u00ednez, los Rend\u00f3n y los Loyola\u201d y se acab\u00f3. \u00bfEl PRD llega bien a la conformaci\u00f3n del Frente Amplio por Puebla? \u00a1No lo s\u00e9 Rick\u2026!<\/p>\n\n\n\n<p>Hay otro factor a considerar y es que la irrupci\u00f3n de X\u00f3chitl G\u00e1lvez a nivel nacional dio nuevos br\u00edos a la participaci\u00f3n ciudadana, no a la partidista, \u00bfpor qu\u00e9? Porque X\u00f3chitl es una mujer disruptiva al interior de Acci\u00f3n Nacional. \u00bfMilita en el PAN? S\u00ed. \u00bfPertenece a su bancada en el Senado? Por supuesto, pero no se apega a la agenda blanquiazul. Es una feminista a favor del aborto en un partido conservador y como en ese tema, difiere en muchos. Su visi\u00f3n es diferente.<\/p>\n\n\n\n<p>Por eso y porque L\u00f3pez Obrador la sube a medios un d\u00eda s\u00ed y al otro tambi\u00e9n, porque le est\u00e1 haciendo la campa\u00f1a, es que la ciudadan\u00eda la ve como una opci\u00f3n diferente.<\/p>\n\n\n\n<p>Te recomendamos: \u00a1<a href=\"https:\/\/www.apartadomex.com\/virales\/no-te-mueras-internet-amlo-le-canta-a-xochitl-galvez\/14695\/\">No te mueras internet! AMLO le canta a X\u00f3chitl G\u00e1lvez<\/a>.<\/p>\n\n\n\n<p>X\u00f3chitl est\u00e1 \u201cvestida de azul\u201d, pero no tiene ADN panista; adem\u00e1s, L\u00f3pez la est\u00e1 convirtiendo, en el imaginario colectivo, en la antisistema y, pese a la salida de Osorio Chong y anexos del PRI, el presidente est\u00e1 logrando unir a la oposici\u00f3n y desmembrar a la \u201ctercera v\u00eda\u201d con la inminente separaci\u00f3n de los alfaristas y de los activos jaliciences de MC.<\/p>\n\n\n\n<p>En el caso de Puebla, \u00bfX\u00f3chitl ser\u00e1 suficiente para unirlos a todos? \u00a1No lo s\u00e9 Rick\u2026! Las diferencias son profundas y costosas. En Puebla hay un efecto contrario.<\/p>\n\n\n\n<p>Por si fuera poco, como dec\u00eda unas l\u00edneas antes, la irrupci\u00f3n de X\u00f3chitl le dio nuevos br\u00edos a la participaci\u00f3n ciudadana, que, en el caso de Puebla, tiene ya a personajes como Moroni Pineda, repartiendo posiciones.<\/p>\n\n\n\n<p>En el caso de nuestro estado, no hay un Guadalupe Acosta conteniendo los intereses de los miembros de las organizaciones de la sociedad civil. M\u00e1s bien hay un Moroni Pineda incentivando lo contrario.<\/p>\n\n\n\n<p>\u00bfLas organizaciones de la sociedad civil llegan bien a la conformaci\u00f3n del Frente Amplio por Puebla? \u00a1No lo s\u00e9 Rick\u2026!<\/p>\n\n\n\n<p>Veamos qu\u00e9 esfuerzos hacen en lo p\u00fablico, pero no creo que vaya a haber un fen\u00f3meno similar al nacional a nivel local.<\/p>\n\n\n\n<p><\/p>\n","protected":false},"excerpt":{"rendered":"<p>Por Itandehui Rodr\u00edguez Mart\u00ednez @Itandehui_RoMa \u00bfSer\u00e1 que el Frente Amplio por Puebla logre lo que el Nacional? \u00a1No lo s\u00e9 [&hellip;]<\/p>\n","protected":false},"author":1,"featured_media":54645,"comment_status":"open","ping_status":"open","sticky":false,"template":"","format":"standard","meta":{"site-sidebar-layout":"default","site-content-layout":"","ast-site-content-layout":"default","site-content-style":"default","site-sidebar-style":"default","ast-global-header-display":"","ast-banner-title-visibility":"","ast-main-header-display":"","ast-hfb-above-header-display":"","ast-hfb-below-header-display":"","ast-hfb-mobile-header-display":"","site-post-title":"","ast-breadcrumbs-content":"","ast-featured-img":"","footer-sml-layout":"","theme-transparent-header-meta":"","adv-header-id-meta":"","stick-header-meta":"","header-above-stick-meta":"","header-main-stick-meta":"","header-below-stick-meta":"","astra-migrate-meta-layouts":"default","ast-page-background-enabled":"default","ast-page-background-meta":{"desktop":{"background-color":"var(--ast-global-color-4)","background-image":"","background-repeat":"repeat","background-position":"center center","background-size":"auto","background-attachment":"scroll","background-type":"","background-media":"","overlay-type":"","overlay-color":"","overlay-opacity":"","overlay-gradient":""},"tablet":{"background-color":"","background-image":"","background-repeat":"repeat","background-position":"center center","background-size":"auto","background-attachment":"scroll","background-type":"","background-media":"","overlay-type":"","overlay-color":"","overlay-opacity":"","overlay-gradient":""},"mobile":{"background-color":"","background-image":"","background-repeat":"repeat","background-position":"center center","background-size":"auto","background-attachment":"scroll","background-type":"","background-media":"","overlay-type":"","overlay-color":"","overlay-opacity":"","overlay-gradient":""}},"ast-content-background-meta":{"desktop":{"background-color":"var(--ast-global-color-5)","background-image":"","background-repeat":"repeat","background-position":"center center","background-size":"auto","background-attachment":"scroll","background-type":"","background-media":"","overlay-type":"","overlay-color":"","overlay-opacity":"","overlay-gradient":""},"tablet":{"background-color":"var(--ast-global-color-5)","background-image":"","background-repeat":"repeat","background-position":"center center","background-size":"auto","background-attachment":"scroll","background-type":"","background-media":"","overlay-type":"","overlay-color":"","overlay-opacity":"","overlay-gradient":""},"mobile":{"background-color":"var(--ast-global-color-5)","background-image":"","background-repeat":"repeat","background-position":"center center","background-size":"auto","background-attachment":"scroll","background-type":"","background-media":"","overlay-type":"","overlay-color":"","overlay-opacity":"","overlay-gradient":""}},"footnotes":""},"categories":[8,22],"tags":[8711,17389],"class_list":["post-54644","post","type-post","status-publish","format-standard","has-post-thumbnail","hentry","category-noticias","category-opinion-invitada","tag-elecciones-puebla-2024","tag-frente-amplio-por-puebla"],"_links":{"self":[{"href":"https:\/\/losperiodistas.com.mx\/portal\/wp-json\/wp\/v2\/posts\/54644","targetHints":{"allow":["GET"]}}],"collection":[{"href":"https:\/\/losperiodistas.com.mx\/portal\/wp-json\/wp\/v2\/posts"}],"about":[{"href":"https:\/\/losperiodistas.com.mx\/portal\/wp-json\/wp\/v2\/types\/post"}],"author":[{"embeddable":true,"href":"https:\/\/losperiodistas.com.mx\/portal\/wp-json\/wp\/v2\/users\/1"}],"replies":[{"embeddable":true,"href":"https:\/\/losperiodistas.com.mx\/portal\/wp-json\/wp\/v2\/comments?post=54644"}],"version-history":[{"count":1,"href":"https:\/\/losperiodistas.com.mx\/portal\/wp-json\/wp\/v2\/posts\/54644\/revisions"}],"predecessor-version":[{"id":54646,"href":"https:\/\/losperiodistas.com.mx\/portal\/wp-json\/wp\/v2\/posts\/54644\/revisions\/54646"}],"wp:featuredmedia":[{"embeddable":true,"href":"https:\/\/losperiodistas.com.mx\/portal\/wp-json\/wp\/v2\/media\/54645"}],"wp:attachment":[{"href":"https:\/\/losperiodistas.com.mx\/portal\/wp-json\/wp\/v2\/media?parent=54644"}],"wp:term":[{"taxonomy":"category","embeddable":true,"href":"https:\/\/losperiodistas.com.mx\/portal\/wp-json\/wp\/v2\/categories?post=54644"},{"taxonomy":"post_tag","embeddable":true,"href":"https:\/\/losperiodistas.com.mx\/portal\/wp-json\/wp\/v2\/tags?post=54644"}],"curies":[{"name":"wp","href":"https:\/\/api.w.org\/{rel}","templated":true}]}}