{"id":54630,"date":"2023-07-13T08:24:59","date_gmt":"2023-07-13T13:24:59","guid":{"rendered":"http:\/\/losperiodistas.com.mx\/portal\/?p=54630"},"modified":"2023-07-13T08:25:50","modified_gmt":"2023-07-13T13:25:50","slug":"septimo-encierro-de-san-fermin-2023-fugaz-y-tenso-con-la-manada-dividida-de-los-victoriano-del-rio-rtve","status":"publish","type":"post","link":"https:\/\/losperiodistas.com.mx\/portal\/septimo-encierro-de-san-fermin-2023-fugaz-y-tenso-con-la-manada-dividida-de-los-victoriano-del-rio-rtve\/","title":{"rendered":"S\u00e9ptimo encierro de San Ferm\u00edn 2023 fugaz y tenso con la manada dividida de los Victoriano del R\u00edo\u00a0| Rtve"},"content":{"rendered":"\n<p class=\"has-background has-medium-font-size\" style=\"background-color:#f86262\">Cinco corredores han resultado heridos en la carrera, uno por asta de toro en el tramo de Telef\u00f3nica<\/p>\n\n\n\n<p><\/p>\n\n\n\n<figure class=\"wp-block-embed is-type-video is-provider-youtube wp-block-embed-youtube wp-embed-aspect-16-9 wp-has-aspect-ratio\"><div class=\"wp-block-embed__wrapper\">\n<iframe title=\"S\u00c9PTIMO ENCIERRO de San Ferm\u00edn 2023 | Toros de Victoriano del R\u00edo\" width=\"500\" height=\"281\" src=\"https:\/\/www.youtube.com\/embed\/PCVurWJaC5Q?feature=oembed\" frameborder=\"0\" allow=\"accelerometer; autoplay; clipboard-write; encrypted-media; gyroscope; picture-in-picture; web-share\" referrerpolicy=\"strict-origin-when-cross-origin\" allowfullscreen><\/iframe>\n<\/div><\/figure>\n\n\n\n<p><\/p>\n\n\n\n<p class=\"has-vivid-red-color has-text-color has-medium-font-size\"><strong>SILVIA QU\u00cdLEZ \/ RTVE<\/strong><\/p>\n\n\n\n<p>El&nbsp;<strong>s\u00e9ptimo encierro de San Ferm\u00edn 2023 ha sido muy r\u00e1pido<\/strong>, con numerosas ca\u00eddas y la velocidad de los bravos ha hecho que la manada se haya quedado dividida en dos grupos, dejando hueco para las carreras de los mozos, y generando m\u00e1s&nbsp;tensi\u00f3n.<\/p>\n\n\n\n<p>Los astados han&nbsp;completado el recorrido desde los corrales de Santo Domingo a la plaza de toros en&nbsp;<strong>dos minutos y 18 segundos, el tiempo m\u00e1s r\u00e1pido en lo que va de estas fiestas<\/strong>, aunque todav\u00eda lejos de los dos minutos y cinco segundos de los Miura en 2005.<\/p>\n\n\n\n<p>La carrera ha dejado a&nbsp;<strong>cinco mozos heridos, uno de ellos por asta de toro<\/strong>, seg\u00fan el \u00faltimo parte m\u00e9dico de la subdirectora quir\u00fargica del Complejo Hospitalario de Navarra, Marta Mart\u00edn. Dos de ellos han sido trasladados al hospital y los otros tres han sido atendidos por la enfermer\u00eda de la&nbsp;plaza de toros.<img decoding=\"async\" src=\"https:\/\/img2.rtve.es\/a\/6933960?w=1600&amp;preview=1689229086901.jpg\" alt=\"Las Ma\u00f1anas de RNE - S\u00e9ptimo encierro de los Sanfermines 2023 - Escuchar ahora\"><a href=\"https:\/\/www.rtve.es\/play\/audios\/sanfermines-en-rne\/encierro-sanfermines-2023-pamplona\/6933960\/\">02.44 min<\/a>Las Ma\u00f1anas de RNE &#8211; S\u00e9ptimo encierro de los Sanfermines 2023 &#8211; Escuchar ahora<\/p>\n\n\n\n<p>El&nbsp;<strong>herido por asta de toro es R.H. de 58 a\u00f1os, procedente de los Pa\u00edses Bajos<\/strong>,&nbsp;que ha sido trasladado desde el tramo de Telef\u00f3nica con una herida penetrante de car\u00e1cter leve en la regi\u00f3n escrotal, mientras que el otro mozo que ha sido llevado en el hospital es M.C.B., de 20 a\u00f1os, natural de Pamplona que ha sufrido una luxaci\u00f3n en la r\u00f3tula izquierda, aunque en principio de pron\u00f3stico&nbsp;leve.<\/p>\n\n\n\n<p>Aunque el primer parte m\u00e9dico facilitado por este centro alud\u00eda a un tercer corredor trasladado por una contusi\u00f3n en un brazo, finalmente \u00e9ste ha sido evacuado desde el recorrido del encierro al centro Doctor San Mart\u00edn, que centraliza urgencias extrahospitalarias en el tramo de Santo Domingo.<\/p>\n\n\n\n<p>De los encierros anteriores solo quedan dos ingresados, el otro&nbsp;<strong>herido por asta de toro en un brazo en el encierro del 9 de julio que protagonizaron los toros de Cebada Gago y un herido con contusiones<\/strong>&nbsp;que sufri\u00f3 fractura costal en la carrera del d\u00eda siguiente con Fuente Ymbro. Ambos evolucionan favorablemente.<\/p>\n\n\n\n<h3 class=\"wp-block-heading\"><strong>Muy hermanados, en dos grupos<\/strong><\/h3>\n\n\n\n<p>La manada de la ganader\u00eda madrile\u00f1a de Victoriano del R\u00edo, que&nbsp;cumple con esta doce participaciones&nbsp;en los encierros de Pamplona, ha salido de los corrales muy hermanada y arropada por los cabestros, pero pronto se ha estirado y a la altura de la calle Mercaderes&nbsp;<strong>se ha distanciado un primer grupo de astados encabezados por cabestros<\/strong>.&nbsp;<\/p>\n\n\n\n<p>Desde la calle Mercaderes, el&nbsp;<strong>\u00faltimo de los astados que avanzaba por la derecha ha sembrado momentos de peligro<\/strong>&nbsp;al fijarse en los corredores, pero su comportamiento, al igual que el de sus hermanos ha sido muy noble.<\/p>\n\n\n\n<p>https:\/\/secure-embed.rtve.es\/drmn\/embed\/video\/6933987 <img decoding=\"async\" src=\"https:\/\/img2.rtve.es\/css\/rtve.commons\/rtve.header.footer\/i\/logoRTVEes.png\" alt=\"\"><a href=\"https:\/\/www.rtve.es\/play\/videos\/sanfermines\/vive-san-fermin-2023-8\/6933987\/\"> <strong>S\u00e9ptimo encierro de San Ferm\u00edn a c\u00e1mara lenta<\/strong><\/a><\/p>\n\n\n\n<p><a href=\"https:\/\/www.rtve.es\/play\/videos\/sanfermines\/vive-san-fermin-2023-8\/6933987\/\">07.21 min<\/a>S\u00e9ptimo encierro de San Ferm\u00edn, con la ganader\u00eda Victoriano del R\u00edo: mira la carrera comentada y a c\u00e1mara lenta<\/p>\n\n\n\n<p>Uno de los momentos de m\u00e1s tensi\u00f3n&nbsp;se ha producido en Telef\u00f3nica, cerca de la bajada al callej\u00f3n de la plaza, donde&nbsp;<strong>un morlaco ha volteado al corredor&nbsp;herido por asta<\/strong>. En las im\u00e1genes se ha podido ver como el toro le romp\u00eda el pantal\u00f3n y tras la cogida, el mozo se ha quedado medio incorporado, en una posici\u00f3n peligrosa en la que pod\u00eda ser arrollado por los siguientes astados.&nbsp;<\/p>\n\n\n\n<p>El&nbsp;<strong>encierro de Victoriano del R\u00edo en San Ferm\u00edn en 2022 fue el m\u00e1s r\u00e1pido<\/strong>, con una manada que complet\u00f3 el recorrido pr\u00e1cticamente compacta en un tiempo de apenas dos minutos y 14 segundos y que dej\u00f3 cinco heridos por contusiones, ninguno por asta de toro.<\/p>\n\n\n\n<p class=\"has-cyan-bluish-gray-background-color has-background\"><a href=\"https:\/\/www.rtve.es\/noticias\/20220713\/septimo-encierro-san-fermin\/2388260.shtml\"><strong>S\u00e9ptimo encierro vibrante y limpio con los fren\u00e9ticos toros de Victoriano del R\u00edo<\/strong><\/a><\/p>\n\n\n\n<h3 class=\"wp-block-heading\"><strong>Victoriano del R\u00edo: velocidad y volumen<\/strong><\/h3>\n\n\n\n<p>Por&nbsp;<strong>segundo a\u00f1o consecutivo, las reses de Victoriano del R\u00edo protagonizan el pen\u00faltimo encierro<\/strong>&nbsp;de los Sanfermines. Este ganadero madrile\u00f1o, \u00faltimo vencedor del Hierro de Oro de RNE, cumple 12 a\u00f1os en Pamplona.<\/p>\n\n\n\n<p>Los seis astados del hierro madrile\u00f1o que han participado en este encierro son de pelo negro: &#8216;Navegante&#8217; (n\u00ba 21,570 kg), &#8216;Espa\u00f1ol&#8217; (n\u00ba 30, 525 kg), &#8216;Entrenador&#8217; (n\u00ba42, 570 kg), &#8216;Forajido&#8217; (n\u00ba 113, 580 kg), &#8216;Impuesto&#8217; (n\u00ba 103, 555 kg), &#8216;Alcalde&#8217; (n\u00ba 113, 520 kg).<\/p>\n\n\n\n<p>Los astados de esta ganader\u00eda pastan en Guadalix de la Sierra, tienen un&nbsp;gran volumen,&nbsp;encastados, con fondo, movilidad, recorrido y calidad en sus embestidas, llevando la cara baja. Es un hierro que atrae a las figuras del toreo que piden un toro con trap\u00edo, pitones y volumen.<\/p>\n\n\n\n<p class=\"has-cyan-bluish-gray-background-color has-background\"><a href=\"https:\/\/www.rtve.es\/noticias\/20230703\/victoriano-del-rio-ganaderia-septimo-encierro-2023\/2450973.shtml\"><strong>Victoriano del R\u00edo: el Hierro de Oro es suyo<\/strong><em>RAFA GARC\u00cdA GARC\u00cdA DE LA TORRE (CLAR\u00cdN &#8211; RNE)<\/em><\/a><\/p>\n\n\n\n<p>Los diestros&nbsp;<strong>Roca Rey, Emilio de Justo y Tom\u00e1s Rufo lidiar\u00e1n a los seis astados<\/strong>&nbsp;de la ganader\u00eda madrile\u00f1a esta tarde en la plaza de toros de Pamplona.<\/p>\n\n\n\n<p>Precisamente, este 13 de julio de 2023&nbsp;<a href=\"https:\/\/www.rtve.es\/noticias\/20130713\/tapon-humano-deja-21-heridos-uno-muy-grave-septimo-encierro-san-fermin\/713280.shtml\">se cumplen diez a\u00f1os del enorme mont\u00f3n que formaron decenas de mozos en la entrada de la plaza<\/a>&nbsp;de toros, que provoc\u00f3&nbsp;19 heridos, uno de ellos muy grave, por aplastamiento.&nbsp;<\/p>\n\n\n\n<p>Fuente: <a href=\"https:\/\/www.rtve.es\/noticias\/20230713\/septimo-encierro-san-fermin-2023-cronica\/2451837.shtml\">https:\/\/www.rtve.es\/noticias\/20230713\/septimo-encierro-san-fermin-2023-cronica\/2451837.shtml<\/a><\/p>\n","protected":false},"excerpt":{"rendered":"<p>Cinco corredores han resultado heridos en la carrera, uno por asta de toro en el tramo de Telef\u00f3nica SILVIA QU\u00cdLEZ [&hellip;]<\/p>\n","protected":false},"author":1,"featured_media":54631,"comment_status":"open","ping_status":"open","sticky":false,"template":"","format":"standard","meta":{"site-sidebar-layout":"default","site-content-layout":"","ast-site-content-layout":"default","site-content-style":"default","site-sidebar-style":"default","ast-global-header-display":"","ast-banner-title-visibility":"","ast-main-header-display":"","ast-hfb-above-header-display":"","ast-hfb-below-header-display":"","ast-hfb-mobile-header-display":"","site-post-title":"","ast-breadcrumbs-content":"","ast-featured-img":"","footer-sml-layout":"","theme-transparent-header-meta":"","adv-header-id-meta":"","stick-header-meta":"","header-above-stick-meta":"","header-main-stick-meta":"","header-below-stick-meta":"","astra-migrate-meta-layouts":"default","ast-page-background-enabled":"default","ast-page-background-meta":{"desktop":{"background-color":"var(--ast-global-color-4)","background-image":"","background-repeat":"repeat","background-position":"center center","background-size":"auto","background-attachment":"scroll","background-type":"","background-media":"","overlay-type":"","overlay-color":"","overlay-opacity":"","overlay-gradient":""},"tablet":{"background-color":"","background-image":"","background-repeat":"repeat","background-position":"center center","background-size":"auto","background-attachment":"scroll","background-type":"","background-media":"","overlay-type":"","overlay-color":"","overlay-opacity":"","overlay-gradient":""},"mobile":{"background-color":"","background-image":"","background-repeat":"repeat","background-position":"center center","background-size":"auto","background-attachment":"scroll","background-type":"","background-media":"","overlay-type":"","overlay-color":"","overlay-opacity":"","overlay-gradient":""}},"ast-content-background-meta":{"desktop":{"background-color":"var(--ast-global-color-5)","background-image":"","background-repeat":"repeat","background-position":"center center","background-size":"auto","background-attachment":"scroll","background-type":"","background-media":"","overlay-type":"","overlay-color":"","overlay-opacity":"","overlay-gradient":""},"tablet":{"background-color":"var(--ast-global-color-5)","background-image":"","background-repeat":"repeat","background-position":"center center","background-size":"auto","background-attachment":"scroll","background-type":"","background-media":"","overlay-type":"","overlay-color":"","overlay-opacity":"","overlay-gradient":""},"mobile":{"background-color":"var(--ast-global-color-5)","background-image":"","background-repeat":"repeat","background-position":"center center","background-size":"auto","background-attachment":"scroll","background-type":"","background-media":"","overlay-type":"","overlay-color":"","overlay-opacity":"","overlay-gradient":""}},"footnotes":""},"categories":[8],"tags":[11337,17291,17385],"class_list":["post-54630","post","type-post","status-publish","format-standard","has-post-thumbnail","hentry","category-noticias","tag-encierro-victoriano-del-rio","tag-san-fermin-2023","tag-septimo-encierro"],"_links":{"self":[{"href":"https:\/\/losperiodistas.com.mx\/portal\/wp-json\/wp\/v2\/posts\/54630","targetHints":{"allow":["GET"]}}],"collection":[{"href":"https:\/\/losperiodistas.com.mx\/portal\/wp-json\/wp\/v2\/posts"}],"about":[{"href":"https:\/\/losperiodistas.com.mx\/portal\/wp-json\/wp\/v2\/types\/post"}],"author":[{"embeddable":true,"href":"https:\/\/losperiodistas.com.mx\/portal\/wp-json\/wp\/v2\/users\/1"}],"replies":[{"embeddable":true,"href":"https:\/\/losperiodistas.com.mx\/portal\/wp-json\/wp\/v2\/comments?post=54630"}],"version-history":[{"count":2,"href":"https:\/\/losperiodistas.com.mx\/portal\/wp-json\/wp\/v2\/posts\/54630\/revisions"}],"predecessor-version":[{"id":54634,"href":"https:\/\/losperiodistas.com.mx\/portal\/wp-json\/wp\/v2\/posts\/54630\/revisions\/54634"}],"wp:featuredmedia":[{"embeddable":true,"href":"https:\/\/losperiodistas.com.mx\/portal\/wp-json\/wp\/v2\/media\/54631"}],"wp:attachment":[{"href":"https:\/\/losperiodistas.com.mx\/portal\/wp-json\/wp\/v2\/media?parent=54630"}],"wp:term":[{"taxonomy":"category","embeddable":true,"href":"https:\/\/losperiodistas.com.mx\/portal\/wp-json\/wp\/v2\/categories?post=54630"},{"taxonomy":"post_tag","embeddable":true,"href":"https:\/\/losperiodistas.com.mx\/portal\/wp-json\/wp\/v2\/tags?post=54630"}],"curies":[{"name":"wp","href":"https:\/\/api.w.org\/{rel}","templated":true}]}}