{"id":54626,"date":"2023-07-13T08:11:43","date_gmt":"2023-07-13T13:11:43","guid":{"rendered":"http:\/\/losperiodistas.com.mx\/portal\/?p=54626"},"modified":"2023-07-13T08:11:55","modified_gmt":"2023-07-13T13:11:55","slug":"los-derechos-de-acceso-a-la-informacion-y-de-proteccion-de-datos-personales-siguen-vigentes-blanca-lilia-ibarra-la-costilla-rota","status":"publish","type":"post","link":"https:\/\/losperiodistas.com.mx\/portal\/los-derechos-de-acceso-a-la-informacion-y-de-proteccion-de-datos-personales-siguen-vigentes-blanca-lilia-ibarra-la-costilla-rota\/","title":{"rendered":"Los derechos de acceso a la informaci\u00f3n y de protecci\u00f3n de datos personales siguen vigentes: Blanca Lilia Ibarra | La Costilla Rota"},"content":{"rendered":"\n<h2 class=\"has-vivid-purple-background-color has-background has-medium-font-size wp-block-heading\">La falta de qu\u00f3rum para sesionar en el Pleno del INAI no es impedimento para que la poblaci\u00f3n siga ejerciendo sus derechos de acceso a la informaci\u00f3n y de protecci\u00f3n de datos personales, afirm\u00f3 la Comisionada Presidenta. Suman m\u00e1s de seis mil los expedientes acumulados sin aprobaci\u00f3n.<\/h2>\n\n\n\n<figure class=\"wp-block-image size-large is-style-default\"><img fetchpriority=\"high\" decoding=\"async\" width=\"1024\" height=\"523\" src=\"https:\/\/losperiodistas.com.mx\/portal\/wp-content\/uploads\/2023\/07\/WhatsApp-Image-2023-07-11-at-15.44.23-1170x598-1-1024x523.jpeg\" alt=\"\" class=\"wp-image-54627\" srcset=\"https:\/\/losperiodistas.com.mx\/portal\/wp-content\/uploads\/2023\/07\/WhatsApp-Image-2023-07-11-at-15.44.23-1170x598-1-1024x523.jpeg 1024w, https:\/\/losperiodistas.com.mx\/portal\/wp-content\/uploads\/2023\/07\/WhatsApp-Image-2023-07-11-at-15.44.23-1170x598-1-300x153.jpeg 300w, https:\/\/losperiodistas.com.mx\/portal\/wp-content\/uploads\/2023\/07\/WhatsApp-Image-2023-07-11-at-15.44.23-1170x598-1-768x393.jpeg 768w, https:\/\/losperiodistas.com.mx\/portal\/wp-content\/uploads\/2023\/07\/WhatsApp-Image-2023-07-11-at-15.44.23-1170x598-1.jpeg 1170w\" sizes=\"(max-width: 1024px) 100vw, 1024px\" \/><\/figure>\n\n\n\n<p><\/p>\n\n\n\n<p class=\"has-vivid-red-color has-text-color has-medium-font-size\"><strong>LA COSTILLA ROTA<\/strong><\/p>\n\n\n\n<p>La falta de qu\u00f3rum para sesionar en el Pleno del Instituto Nacional de Transparencia, Acceso a la Informaci\u00f3n y Protecci\u00f3n de Datos Personales (INAI) no es impedimento para que las y los mexicanos sigan ejerciendo sus derechos de acceso a la informaci\u00f3n y de protecci\u00f3n de datos personales, remarc\u00f3 la Comisionada Presidenta del organismo garante nacional, Blanca Lilia Ibarra Cadena.<\/p>\n\n\n\n<p>Al participar en el di\u00e1logo en l\u00ednea \u201cEl INAI y la democracia\u201d, organizado por el Centro Carbonell, Ia Comisionada Presidenta del INAI llam\u00f3 a la poblaci\u00f3n a seguir solicitando informaci\u00f3n a las autoridades de todos los \u00f3rdenes de gobierno, ya que por ley siguen obligadas a responder todas las solicitudes que se les presenten.<\/p>\n\n\n\n<p>\u201cEstamos en un momento, en una circunstancia donde debemos entender que la transparencia lleg\u00f3 para quedarse; hay que seguir exigiendo a las autoridades que rindan cuentas, hay que seguir impulsando la protecci\u00f3n de estas instituciones, y recordarle a las y los m\u00e1s j\u00f3venes que las democracias no son perpetuas, que puede haber intentos de regresi\u00f3n y que, para mantenerlas vigentes, hay que cuidarlas, hay que exigirlas, pero tambi\u00e9n hay que tener una participaci\u00f3n activa\u201d, destac\u00f3 Ibarra Cadena.<\/p>\n\n\n\n<p>La Comisionada Presidenta indic\u00f3 que suman m\u00e1s de seis mil los expedientes acumulados pendientes de aprobaci\u00f3n en el Pleno del INAI.<\/p>\n\n\n\n<p>Al explicar el valor de la autonom\u00eda constitucional que posee el INAI, Ibarra Cadena dijo que la Instituci\u00f3n no depende jer\u00e1rquicamente de alg\u00fan poder p\u00fabico, lo que le permite emitir resoluciones con imparcialidad, mismas que son p\u00fablicas, t\u00e9cnicas y especializadas e impiden la concentraci\u00f3n de poder y salvaguardan los derechos fundamentales; lo anterior, contribuye a la construcci\u00f3n del sistema de pesos y contrapesos necesarios para la democracia.<\/p>\n\n\n\n<p>En los \u00faltimos 20 a\u00f1os, a\u00f1adi\u00f3, suman tres y medio millones de solicitudes de acceso a la informaci\u00f3n y de protecci\u00f3n de datos personales las que han sido presentadas por las y los mexicanos ante las instituciones p\u00fablicas.<\/p>\n\n\n\n<p>\u201cCreo que es relevante destacar que de lo que se trata es de dos derechos humanos, dos derechos que tienen una utilidad social para las personas, y que hoy lo que est\u00e1 en juego justamente es la garant\u00eda de estos dos derechos, al no poder sesionar el Instituto para resolver recursos de inconformidad entre la sociedad y sus gobernantes\u201d, apunt\u00f3 en la conversaci\u00f3n con el jurista Miguel Carbonell.<\/p>\n\n\n\n<p>La Comisionada Presidenta del INAI tambi\u00e9n record\u00f3 que, gracias al ejercicio del derecho de acceso a la informaci\u00f3n, se han hecho p\u00fablicos casos relevantes donde, presuntamente, se cometieron actos de corrupci\u00f3n, como Odebrecht, La Casa Blanca, El Paso Express, La Estafa Maestra, el uso de empresas \u201cfactureras\u201d para el desv\u00edo de dinero, las irregularidades del exgobernador de Veracruz, Javier Duarte, e incluso el INAI orden\u00f3 abrir informaci\u00f3n clasificada del homicidio de Luis Donaldo Colosio.<\/p>\n\n\n\n<p>\u201cHoy no solamente se trata de que prevalezca un \u00f3rgano del Estado mexicano que garantiza dos derechos humanos fundamentales, sino que realmente se logre que esa conquista ciudadana permanezca para darle a la sociedad lo que le pertenece, que es la informaci\u00f3n p\u00fablica\u201d, asegur\u00f3.<\/p>\n\n\n\n<p>Asimismo, record\u00f3 que la Ley General de Transparencia de M\u00e9xico es la segunda mejor del mundo en su tipo, y que el INAI, que tuvo su origen hace m\u00e1s de 20 a\u00f1os en demandas de transparencia de la sociedad civil, actualmente, es reconocido a nivel mundial, lo que le he valido encabezar cinco organizaciones internacionales, tanto de acceso a la informaci\u00f3n como de protecci\u00f3n de datos personales.<\/p>\n\n\n\n<p>En su oportunidad, el jurista Miguel Carbonell, fundador del Centro que lleva su apellido, manifest\u00f3 su apoyo al Instituto; dijo que siempre estar\u00e1 del lado de la transparencia y en contra de las pr\u00e1cticas de corrupci\u00f3n y de opacidad. \u201cHay que darnos cuenta que ya es el M\u00e9xico del siglo XXI, el M\u00e9xico que requiere m\u00e1s INAI y de eso estamos convencidos todos los dem\u00f3cratas de este pa\u00eds. Estamos con ustedes\u201d, subray\u00f3.<\/p>\n\n\n\n<p>Fuente: <a href=\"https:\/\/lacostillarota.com\/2023\/07\/12\/los-derechos-de-acceso-a-la-informacion-y-de-proteccion-de-datos-personales-siguen-vigentes-blanca-lilia-ibarra\/\">https:\/\/lacostillarota.com\/2023\/07\/12\/los-derechos-de-acceso-a-la-informacion-y-de-proteccion-de-datos-personales-siguen-vigentes-blanca-lilia-ibarra\/<\/a><\/p>\n","protected":false},"excerpt":{"rendered":"<p>La falta de qu\u00f3rum para sesionar en el Pleno del INAI no es impedimento para que la poblaci\u00f3n siga ejerciendo [&hellip;]<\/p>\n","protected":false},"author":1,"featured_media":54627,"comment_status":"open","ping_status":"open","sticky":false,"template":"","format":"standard","meta":{"site-sidebar-layout":"default","site-content-layout":"","ast-site-content-layout":"default","site-content-style":"default","site-sidebar-style":"default","ast-global-header-display":"","ast-banner-title-visibility":"","ast-main-header-display":"","ast-hfb-above-header-display":"","ast-hfb-below-header-display":"","ast-hfb-mobile-header-display":"","site-post-title":"","ast-breadcrumbs-content":"","ast-featured-img":"","footer-sml-layout":"","theme-transparent-header-meta":"","adv-header-id-meta":"","stick-header-meta":"","header-above-stick-meta":"","header-main-stick-meta":"","header-below-stick-meta":"","astra-migrate-meta-layouts":"default","ast-page-background-enabled":"default","ast-page-background-meta":{"desktop":{"background-color":"var(--ast-global-color-4)","background-image":"","background-repeat":"repeat","background-position":"center center","background-size":"auto","background-attachment":"scroll","background-type":"","background-media":"","overlay-type":"","overlay-color":"","overlay-opacity":"","overlay-gradient":""},"tablet":{"background-color":"","background-image":"","background-repeat":"repeat","background-position":"center center","background-size":"auto","background-attachment":"scroll","background-type":"","background-media":"","overlay-type":"","overlay-color":"","overlay-opacity":"","overlay-gradient":""},"mobile":{"background-color":"","background-image":"","background-repeat":"repeat","background-position":"center center","background-size":"auto","background-attachment":"scroll","background-type":"","background-media":"","overlay-type":"","overlay-color":"","overlay-opacity":"","overlay-gradient":""}},"ast-content-background-meta":{"desktop":{"background-color":"var(--ast-global-color-5)","background-image":"","background-repeat":"repeat","background-position":"center center","background-size":"auto","background-attachment":"scroll","background-type":"","background-media":"","overlay-type":"","overlay-color":"","overlay-opacity":"","overlay-gradient":""},"tablet":{"background-color":"var(--ast-global-color-5)","background-image":"","background-repeat":"repeat","background-position":"center center","background-size":"auto","background-attachment":"scroll","background-type":"","background-media":"","overlay-type":"","overlay-color":"","overlay-opacity":"","overlay-gradient":""},"mobile":{"background-color":"var(--ast-global-color-5)","background-image":"","background-repeat":"repeat","background-position":"center center","background-size":"auto","background-attachment":"scroll","background-type":"","background-media":"","overlay-type":"","overlay-color":"","overlay-opacity":"","overlay-gradient":""}},"footnotes":""},"categories":[8],"tags":[17384,4149,14515,7779],"class_list":["post-54626","post","type-post","status-publish","format-standard","has-post-thumbnail","hentry","category-noticias","tag-derecho-acceso-a-la-informacion","tag-inai","tag-la-costilla-rota","tag-proteccion-datos-personales"],"_links":{"self":[{"href":"https:\/\/losperiodistas.com.mx\/portal\/wp-json\/wp\/v2\/posts\/54626","targetHints":{"allow":["GET"]}}],"collection":[{"href":"https:\/\/losperiodistas.com.mx\/portal\/wp-json\/wp\/v2\/posts"}],"about":[{"href":"https:\/\/losperiodistas.com.mx\/portal\/wp-json\/wp\/v2\/types\/post"}],"author":[{"embeddable":true,"href":"https:\/\/losperiodistas.com.mx\/portal\/wp-json\/wp\/v2\/users\/1"}],"replies":[{"embeddable":true,"href":"https:\/\/losperiodistas.com.mx\/portal\/wp-json\/wp\/v2\/comments?post=54626"}],"version-history":[{"count":2,"href":"https:\/\/losperiodistas.com.mx\/portal\/wp-json\/wp\/v2\/posts\/54626\/revisions"}],"predecessor-version":[{"id":54629,"href":"https:\/\/losperiodistas.com.mx\/portal\/wp-json\/wp\/v2\/posts\/54626\/revisions\/54629"}],"wp:featuredmedia":[{"embeddable":true,"href":"https:\/\/losperiodistas.com.mx\/portal\/wp-json\/wp\/v2\/media\/54627"}],"wp:attachment":[{"href":"https:\/\/losperiodistas.com.mx\/portal\/wp-json\/wp\/v2\/media?parent=54626"}],"wp:term":[{"taxonomy":"category","embeddable":true,"href":"https:\/\/losperiodistas.com.mx\/portal\/wp-json\/wp\/v2\/categories?post=54626"},{"taxonomy":"post_tag","embeddable":true,"href":"https:\/\/losperiodistas.com.mx\/portal\/wp-json\/wp\/v2\/tags?post=54626"}],"curies":[{"name":"wp","href":"https:\/\/api.w.org\/{rel}","templated":true}]}}