{"id":54623,"date":"2023-07-13T07:52:52","date_gmt":"2023-07-13T12:52:52","guid":{"rendered":"http:\/\/losperiodistas.com.mx\/portal\/?p=54623"},"modified":"2023-07-13T07:52:54","modified_gmt":"2023-07-13T12:52:54","slug":"julio-huerta-coordinador-de-campana-de-sheinbaum-en-puebla-presume-apoyo-de-la-ctm-y-de-soto-proceso","status":"publish","type":"post","link":"https:\/\/losperiodistas.com.mx\/portal\/julio-huerta-coordinador-de-campana-de-sheinbaum-en-puebla-presume-apoyo-de-la-ctm-y-de-soto-proceso\/","title":{"rendered":"Julio Huerta, coordinador de campa\u00f1a de Sheinbaum en Puebla, presume apoyo de la CTM y de Soto | Proceso"},"content":{"rendered":"\n<p class=\"has-light-green-cyan-background-color has-background has-medium-font-size\"><strong>El primo del extinto gobernador Miguel Barbosa Huerta, quien apenas el 2 de julio renunci\u00f3 a la titularidad de la Secretar\u00eda de Gobernaci\u00f3n, se congratul\u00f3 de haber recibido el respaldo de Leobardo Soto Mart\u00ednez y de 100 dirigentes de sindicatos cetemistas.<\/strong><\/p>\n\n\n\n<div class=\"wp-block-image is-style-default\"><figure class=\"aligncenter size-full\"><img fetchpriority=\"high\" decoding=\"async\" width=\"685\" height=\"385\" src=\"https:\/\/losperiodistas.com.mx\/portal\/wp-content\/uploads\/2023\/07\/f685x385-177488_215181_5050.jpg\" alt=\"\" class=\"wp-image-54624\" srcset=\"https:\/\/losperiodistas.com.mx\/portal\/wp-content\/uploads\/2023\/07\/f685x385-177488_215181_5050.jpg 685w, https:\/\/losperiodistas.com.mx\/portal\/wp-content\/uploads\/2023\/07\/f685x385-177488_215181_5050-300x169.jpg 300w\" sizes=\"(max-width: 685px) 100vw, 685px\" \/><figcaption>Julio Huerta G\u00f3mez festeja apoyo de Leobardo Soto Mart\u00ednez y de la CTM. Foto: @juliomiguelhg<\/figcaption><\/figure><\/div>\n\n\n\n<p class=\"has-vivid-red-color has-text-color has-medium-font-size\"><strong>GABRIELA HERN\u00c1NDEZ \/ PROCESO<\/strong><\/p>\n\n\n\n<p>PUEBLA, Pue. (apro).- Julio Huerta G\u00f3mez, coordinador de la campa\u00f1a de Claudia Sheinbaum en Puebla y aspirante a la postulaci\u00f3n de Morena por la gubernatura, presumi\u00f3 el apoyo del Consejo Estatal de la CTM y del dirigente del sector obrero priista, Leobardo Soto Mart\u00ednez.<\/p>\n\n\n\n<p>A trav\u00e9s de su cuenta Twitter, el primo del extinto gobernador Miguel Barbosa Huerta, quien apenas el 2 de julio renunci\u00f3 a la titularidad de la Secretar\u00eda de Gobernaci\u00f3n, se congratul\u00f3 de haber recibido el respaldo de Soto Mart\u00ednez y de 100 dirigentes de sindicatos cetemistas.<\/p>\n\n\n\n<p class=\"has-cyan-bluish-gray-background-color has-background\"><strong>NOTICIAS RELACIONADAS<\/strong><\/p>\n\n\n\n<ul class=\"wp-block-list\"><li><a href=\"https:\/\/www.proceso.com.mx\/nacional\/2023\/7\/12\/sheinbaum-celebra-la-estabilidad-economica-de-la-4t-en-macuspana-tabasco-310604.html\">Sheinbaum celebra la estabilidad econ\u00f3mica de la 4T en Macuspana, Tabasco<\/a><\/li><li><a href=\"https:\/\/www.proceso.com.mx\/nacional\/2023\/7\/12\/para-que-hablar-igual-que-el-presidente-ebrard-manda-indirecta-sheinbaum-310603.html\">\u201c\u00bfPara qu\u00e9 hablar igual que el presidente?\u201d: Ebrard manda indirecta a Sheinbaum<\/a><\/li><li><a href=\"https:\/\/www.proceso.com.mx\/nacional\/2023\/7\/11\/sheinbaum-carga-contra-alito-se-robo-un-monton-de-cosas-en-campeche-esta-destruyendo-al-pri-310551.html\">Sheinbaum carga contra \u201cAlito\u201d: Se rob\u00f3 un mont\u00f3n de cosas en Campeche y est\u00e1 destruyendo al PRI<\/a><\/li><li><a href=\"https:\/\/www.proceso.com.mx\/nacional\/2023\/7\/8\/cuando-la-derecha-llega-se-van-los-derechos-sheinbaum-en-aguascalientes-310329.html\">\u201cCuando la derecha llega, se van los derechos\u201d: Sheinbaum en Aguascalientes<\/a><\/li><li><a href=\"https:\/\/www.proceso.com.mx\/nacional\/2023\/7\/7\/sheinbaum-dice-que-si-se-puede-resolver-la-inseguridad-en-zacatecas-pone-de-ejemplo-la-cdmx-310303.html\">Sheinbaum dice que \u201cs\u00ed se puede\u201d resolver la inseguridad en Zacatecas y pone de ejemplo a la CDMX<\/a><\/li><\/ul>\n\n\n\n<p>\u201cMe sent\u00ed muy contento de saber que es la primera vez que sesionan desde hace m\u00e1s de tres a\u00f1os y que lo hicieron para recibirme. Escuch\u00e9 con claridad que la CTM est\u00e1 con nuestro proyecto de unidad y les digo con profunda gratitud, estamos con ustedes y con cada uno de los y las trabajadoras de Puebla\u201d expres\u00f3 el tambi\u00e9n expriista.<\/p>\n\n\n\n<figure class=\"wp-block-embed is-type-rich is-provider-twitter wp-block-embed-twitter\"><div class=\"wp-block-embed__wrapper\">\n<blockquote class=\"twitter-tweet\" data-width=\"500\" data-dnt=\"true\"><p lang=\"es\" dir=\"ltr\">Agradezco el respaldo de mi amigo <a href=\"https:\/\/twitter.com\/leobardosoto?ref_src=twsrc%5Etfw\">@leobardosoto<\/a> y del Consejo Estatal de la CTM integrado por m\u00e1s de 100 l\u00edderes de los sindicatos del estado, con quienes sostuve un fruct\u00edfero di\u00e1logo. <br><br>Me sent\u00ed muy contento de saber que es la primera vez que sesionan desde hace m\u00e1s de tres\u2026 <a href=\"https:\/\/t.co\/6mB1GoJZ2f\">pic.twitter.com\/6mB1GoJZ2f<\/a><\/p>&mdash; Julio Huerta (@juliomiguelhg) <a href=\"https:\/\/twitter.com\/juliomiguelhg\/status\/1679189201353310216?ref_src=twsrc%5Etfw\">July 12, 2023<\/a><\/blockquote><script async src=\"https:\/\/platform.twitter.com\/widgets.js\" charset=\"utf-8\"><\/script>\n<\/div><\/figure>\n\n\n\n<p>Soto Mart\u00ednez lleva ya 19 a\u00f1os al frente de la dirigencia en Puebla de la Confederaci\u00f3n Mexicana de los Trabajadores, una de las organizaciones que sustentaron el voto corporativo del PRI.<\/p>\n\n\n\n<p>Ya antes, en 2019, militantes del tricolor pidieron su expulsi\u00f3n porque el dirigente cetemista oper\u00f3 en ese entonces para Barbosa Huerta en las elecciones extraordinarias, aunque un a\u00f1o antes hab\u00eda apoyado a la contrincante de este, la panista Martha Erika Alonso Hidalgo.&nbsp;<\/p>\n\n\n\n<p>Huerta, quien apenas cuenta en su trayectoria pol\u00edtica el haber sido regidor del municipio de Zinacantepec, municipio de donde era oriundo Barbosa Huerta, fue nombrado coordinador de la campa\u00f1a de Sheinbaum.<\/p>\n\n\n\n<p>Desde hace meses, el nombre del ahora exsecretario fue plasmado en cientos de bardas por toda la entidad y ahora aparece en espectaculares por las principales arterias de Puebla, con lo cual busca incorporarse a la carrera por la postulaci\u00f3n de Morena para 2024.<\/p>\n\n\n\n<p>Otro de los aspirantes morenistas igual levant\u00f3 pol\u00e9mica hace unos d\u00edas cuando se encontr\u00f3 con el exgobernador Mariano Pi\u00f1a Olaya y adem\u00e1s recibi\u00f3 el respaldo del Grupo Proyecta, el cual ha sido acusado de depredar comunidades ejidales y rurales para sumarlas el desarrollo inmobiliario llamado Lomas de Angel\u00f3polis.<\/p>\n\n\n\n<p>Fuente: <a href=\"https:\/\/www.proceso.com.mx\/nacional\/2023\/7\/12\/julio-huerta-coordinador-de-campana-de-sheinbaum-en-puebla-presume-apoyo-de-la-ctm-de-soto-310611.html\">https:\/\/www.proceso.com.mx\/nacional\/2023\/7\/12\/julio-huerta-coordinador-de-campana-de-sheinbaum-en-puebla-presume-apoyo-de-la-ctm-de-soto-310611.html<\/a><\/p>\n","protected":false},"excerpt":{"rendered":"<p>El primo del extinto gobernador Miguel Barbosa Huerta, quien apenas el 2 de julio renunci\u00f3 a la titularidad de la [&hellip;]<\/p>\n","protected":false},"author":1,"featured_media":54624,"comment_status":"open","ping_status":"open","sticky":false,"template":"","format":"standard","meta":{"site-sidebar-layout":"default","site-content-layout":"","ast-site-content-layout":"default","site-content-style":"default","site-sidebar-style":"default","ast-global-header-display":"","ast-banner-title-visibility":"","ast-main-header-display":"","ast-hfb-above-header-display":"","ast-hfb-below-header-display":"","ast-hfb-mobile-header-display":"","site-post-title":"","ast-breadcrumbs-content":"","ast-featured-img":"","footer-sml-layout":"","theme-transparent-header-meta":"","adv-header-id-meta":"","stick-header-meta":"","header-above-stick-meta":"","header-main-stick-meta":"","header-below-stick-meta":"","astra-migrate-meta-layouts":"default","ast-page-background-enabled":"default","ast-page-background-meta":{"desktop":{"background-color":"var(--ast-global-color-4)","background-image":"","background-repeat":"repeat","background-position":"center center","background-size":"auto","background-attachment":"scroll","background-type":"","background-media":"","overlay-type":"","overlay-color":"","overlay-opacity":"","overlay-gradient":""},"tablet":{"background-color":"","background-image":"","background-repeat":"repeat","background-position":"center center","background-size":"auto","background-attachment":"scroll","background-type":"","background-media":"","overlay-type":"","overlay-color":"","overlay-opacity":"","overlay-gradient":""},"mobile":{"background-color":"","background-image":"","background-repeat":"repeat","background-position":"center center","background-size":"auto","background-attachment":"scroll","background-type":"","background-media":"","overlay-type":"","overlay-color":"","overlay-opacity":"","overlay-gradient":""}},"ast-content-background-meta":{"desktop":{"background-color":"var(--ast-global-color-5)","background-image":"","background-repeat":"repeat","background-position":"center center","background-size":"auto","background-attachment":"scroll","background-type":"","background-media":"","overlay-type":"","overlay-color":"","overlay-opacity":"","overlay-gradient":""},"tablet":{"background-color":"var(--ast-global-color-5)","background-image":"","background-repeat":"repeat","background-position":"center center","background-size":"auto","background-attachment":"scroll","background-type":"","background-media":"","overlay-type":"","overlay-color":"","overlay-opacity":"","overlay-gradient":""},"mobile":{"background-color":"var(--ast-global-color-5)","background-image":"","background-repeat":"repeat","background-position":"center center","background-size":"auto","background-attachment":"scroll","background-type":"","background-media":"","overlay-type":"","overlay-color":"","overlay-opacity":"","overlay-gradient":""}},"footnotes":""},"categories":[8],"tags":[4836,15829,15065],"class_list":["post-54623","post","type-post","status-publish","format-standard","has-post-thumbnail","hentry","category-noticias","tag-ctm-puebla","tag-julio-huerta","tag-leobardo-soto"],"_links":{"self":[{"href":"https:\/\/losperiodistas.com.mx\/portal\/wp-json\/wp\/v2\/posts\/54623","targetHints":{"allow":["GET"]}}],"collection":[{"href":"https:\/\/losperiodistas.com.mx\/portal\/wp-json\/wp\/v2\/posts"}],"about":[{"href":"https:\/\/losperiodistas.com.mx\/portal\/wp-json\/wp\/v2\/types\/post"}],"author":[{"embeddable":true,"href":"https:\/\/losperiodistas.com.mx\/portal\/wp-json\/wp\/v2\/users\/1"}],"replies":[{"embeddable":true,"href":"https:\/\/losperiodistas.com.mx\/portal\/wp-json\/wp\/v2\/comments?post=54623"}],"version-history":[{"count":1,"href":"https:\/\/losperiodistas.com.mx\/portal\/wp-json\/wp\/v2\/posts\/54623\/revisions"}],"predecessor-version":[{"id":54625,"href":"https:\/\/losperiodistas.com.mx\/portal\/wp-json\/wp\/v2\/posts\/54623\/revisions\/54625"}],"wp:featuredmedia":[{"embeddable":true,"href":"https:\/\/losperiodistas.com.mx\/portal\/wp-json\/wp\/v2\/media\/54624"}],"wp:attachment":[{"href":"https:\/\/losperiodistas.com.mx\/portal\/wp-json\/wp\/v2\/media?parent=54623"}],"wp:term":[{"taxonomy":"category","embeddable":true,"href":"https:\/\/losperiodistas.com.mx\/portal\/wp-json\/wp\/v2\/categories?post=54623"},{"taxonomy":"post_tag","embeddable":true,"href":"https:\/\/losperiodistas.com.mx\/portal\/wp-json\/wp\/v2\/tags?post=54623"}],"curies":[{"name":"wp","href":"https:\/\/api.w.org\/{rel}","templated":true}]}}