{"id":54620,"date":"2023-07-13T07:40:48","date_gmt":"2023-07-13T12:40:48","guid":{"rendered":"http:\/\/losperiodistas.com.mx\/portal\/?p=54620"},"modified":"2023-07-13T07:40:50","modified_gmt":"2023-07-13T12:40:50","slug":"onu-735-millones-de-personas-pasan-hambre-en-el-mundo-vatican-news","status":"publish","type":"post","link":"https:\/\/losperiodistas.com.mx\/portal\/onu-735-millones-de-personas-pasan-hambre-en-el-mundo-vatican-news\/","title":{"rendered":"ONU: 735 millones de personas pasan hambre en el mundo | Vatican News"},"content":{"rendered":"\n<p class=\"has-luminous-vivid-amber-background-color has-background has-medium-font-size\">Hoy se ha presentado en Nueva York el Informe sobre Seguridad Alimentaria y Nutrici\u00f3n en el Mundo 2023, realizado por la FAO, el FIDA, UNICEF, el PMA y la Organizaci\u00f3n Mundial de la Salud. Debido a la pandemia del Covid-19, las perturbaciones clim\u00e1ticas y las guerras, 122 millones de personas m\u00e1s carecen de alimentos que en 2019. El consumo de alimentos altamente procesados est\u00e1 creciendo en las zonas periurbanas y rurales. La urbanizaci\u00f3n afecta a la producci\u00f3n agr\u00edcola<\/p>\n\n\n\n<figure class=\"wp-block-image size-large is-style-default\"><img fetchpriority=\"high\" decoding=\"async\" width=\"1024\" height=\"576\" src=\"https:\/\/losperiodistas.com.mx\/portal\/wp-content\/uploads\/2023\/07\/cq5dam.thumbnail.cropped.1500.844-1-1-1024x576.jpeg\" alt=\"\" class=\"wp-image-54621\" srcset=\"https:\/\/losperiodistas.com.mx\/portal\/wp-content\/uploads\/2023\/07\/cq5dam.thumbnail.cropped.1500.844-1-1-1024x576.jpeg 1024w, https:\/\/losperiodistas.com.mx\/portal\/wp-content\/uploads\/2023\/07\/cq5dam.thumbnail.cropped.1500.844-1-1-300x169.jpeg 300w, https:\/\/losperiodistas.com.mx\/portal\/wp-content\/uploads\/2023\/07\/cq5dam.thumbnail.cropped.1500.844-1-1-768x432.jpeg 768w, https:\/\/losperiodistas.com.mx\/portal\/wp-content\/uploads\/2023\/07\/cq5dam.thumbnail.cropped.1500.844-1-1.jpeg 1500w\" sizes=\"(max-width: 1024px) 100vw, 1024px\" \/><figcaption>Una mujer africana con su hijo.\u00a0<\/figcaption><\/figure>\n\n\n\n<p class=\"has-vivid-red-color has-text-color has-medium-font-size\"><strong>VATICAN NEWS<\/strong><\/p>\n\n\n\n<p>En 2022 el hambre golpe\u00f3 a entre 691 y 783 millones de personas, una media de 735 millones en todo el mundo: as\u00ed lo revela el informe de la ONU sobre \u00abEl estado de la seguridad alimentaria y la nutrici\u00f3n en el mundo 2023. Urbanizaci\u00f3n, transformaci\u00f3n de los sistemas alimentarios y dietas saludables en el continuo rural-urbano\u00bb, presentado hoy en Nueva York en un acto especial paralelo al Foro Pol\u00edtico de Alto Nivel (FPAN) del Comit\u00e9 Econ\u00f3mico y Social de las Naciones Unidas (ECOSOC). Debido a la pandemia del Covid-19, a una sucesi\u00f3n de perturbaciones clim\u00e1ticas y a varios conflictos, entre ellos la guerra en Ucrania, se ha producido un aumento de 122 millones de personas con respecto a 2019, seg\u00fan los datos. Con uno de cada cinco afectados por el hambre, es decir, m\u00e1s del doble de la media mundial, \u00c1frica sigue siendo tristemente el continente m\u00e1s afectado por la crisis alimentaria. \u00abNo faltan motivos para la esperanza: algunas regiones est\u00e1n en v\u00edas de alcanzar algunos de los objetivos relacionados con la nutrici\u00f3n para 2030\u00bb, afirm\u00f3 el Secretario General de la ONU, Antonio Guterres, en un mensaje de v\u00eddeo emitido durante la presentaci\u00f3n del informe, \u00abpero en general es necesario salir al rescate de los Objetivos de Desarrollo Sostenible, con una acci\u00f3n mundial en\u00e9rgica e inmediata. Tenemos que aumentar la resiliencia frente a las crisis y perturbaciones que causan inseguridad alimentaria, desde los conflictos hasta la crisis clim\u00e1tica\u00bb.<\/p>\n\n\n\n<h2 class=\"wp-block-heading\">Redoblar los esfuerzos para transformar los sistemas alimentarios<\/h2>\n\n\n\n<p>En el pr\u00f3logo del informe, el Director General de la Organizaci\u00f3n de las Naciones Unidas para la Agricultura y la Alimentaci\u00f3n (FAO), QU Dongyu, el Presidente del Fondo Internacional de Desarrollo Agr\u00edcola (FIDA), Alvaro Lario, la Directora Ejecutiva del Fondo de las Naciones Unidas para la Infancia (UNICEF), Catherine Russell la directora ejecutiva del Programa Mundial de Alimentos (PMA), Cindy McCain, y el director general de la Organizaci\u00f3n Mundial de la Salud (OMS), Tedros Adhanom Ghebreyesus, escriben que \u00abalcanzar el Objetivo de Desarrollo Sostenible &#8216;Hambre Cero&#8217; para 2030 es, sin duda, un reto enorme\u00bb y que en 2030 casi 600 millones de personas podr\u00edan seguir pasando hambre. \u00abNo tenemos m\u00e1s remedio que redoblar nuestros esfuerzos para transformar los sistemas alimentarios\u00bb, a\u00f1aden.<\/p>\n\n\n\n<h2 class=\"wp-block-heading\">2.400 millones de personas no tienen acceso a alimentos<\/h2>\n\n\n\n<p>Hojeando las p\u00e1ginas del estudio de la ONU, leemos que aproximadamente el 29,6% de la poblaci\u00f3n mundial, es decir, 2.400 millones de personas, carece de acceso constante a los alimentos, y unos 900 millones de individuos est\u00e1n expuestos a una grave inseguridad alimentaria. La capacidad de acceder a alimentos saludables tambi\u00e9n se deterior\u00f3 a nivel mundial: en 2021, el 42% de la poblaci\u00f3n mundial, o m\u00e1s de 3.100 millones de personas, carec\u00eda de ellos. En comparaci\u00f3n con 2019, hubo un aumento global de 134 millones de individuos. Y hay millones de ni\u00f1os menores de cinco a\u00f1os que siguen sufriendo malnutrici\u00f3n: en 2022, 148 millones de ellos (22,3%) presentaban retraso en el crecimiento, 45 millones (6,8%) mostraban signos de delgadez excesiva y 37 millones (5,6%) ten\u00edan sobrepeso. En cambio, se ha avanzado en la lactancia materna exclusiva, ya que el 48% de los ni\u00f1os de hasta 6 meses se benefician de esta pr\u00e1ctica, una cifra que se acerca al objetivo fijado para 2025.<\/p>\n\n\n\n<h2 class=\"wp-block-heading\">La urbanizaci\u00f3n est\u00e1 cambiando los sistemas agroalimentarios<\/h2>\n\n\n\n<p>El informe tambi\u00e9n muestra que la creciente urbanizaci\u00f3n est\u00e1 estimulando y condicionando la transformaci\u00f3n de los sistemas agroalimentarios. La simple noci\u00f3n de \u00abbrecha\u00bb entre la ciudad y el campo ya no es suficiente, seg\u00fan la ONU, para entender el fen\u00f3meno y se necesita una perspectiva m\u00e1s compleja, ampliada al continuo urbano-rural, que considere tanto el grado de conectividad entre las personas como los tipos de conexiones que unen las zonas urbanas y rurales. El informe tambi\u00e9n se\u00f1ala que la compra de alimentos es significativa no s\u00f3lo entre los hogares urbanos, sino tambi\u00e9n entre los que viven lejos de los centros urbanos. Adem\u00e1s, el consumo de productos alimentarios altamente procesados en algunos pa\u00edses tambi\u00e9n est\u00e1 creciendo en las zonas periurbanas y rurales.<\/p>\n\n\n\n<h2 class=\"wp-block-heading\">M\u00e1s inseguridad alimentaria en las zonas rurales<\/h2>\n\n\n\n<p>Persisten las desigualdades geogr\u00e1ficas: la inseguridad alimentaria afecta m\u00e1s a las personas que viven en zonas rurales; la inseguridad alimentaria moderada o grave afecta al 33% de los adultos que viven en zonas rurales y al 26% de los que viven en zonas urbanas. La malnutrici\u00f3n infantil tambi\u00e9n muestra especificidades urbanas y rurales: el retraso del crecimiento es m\u00e1s frecuente en las zonas rurales (35,8%) que en las urbanas (22,4%). Lo mismo puede decirse de la emaciaci\u00f3n, que es mayor en las zonas rurales (10,5%) que en las urbanas (7,7%), mientras que el sobrepeso es ligeramente m\u00e1s frecuente en las zonas urbanas (5,4%) que en las rurales (3,5%). Para promover eficazmente la seguridad alimentaria y la nutrici\u00f3n, el informe recomienda que las intervenciones pol\u00edticas, las acciones y las inversiones se gu\u00eden por una profunda comprensi\u00f3n de la cambiante y compleja interacci\u00f3n entre el continuo urbano-rural y los sistemas agroalimentarios.<\/p>\n\n\n\n<p>Fuente: <a href=\"https:\/\/www.vaticannews.va\/es\/mundo\/news\/2023-07\/onu-735-millones-de-personas-pasan-hambre-en-el-mundo-informe.html\">https:\/\/www.vaticannews.va\/es\/mundo\/news\/2023-07\/onu-735-millones-de-personas-pasan-hambre-en-el-mundo-informe.html<\/a><\/p>\n","protected":false},"excerpt":{"rendered":"<p>Hoy se ha presentado en Nueva York el Informe sobre Seguridad Alimentaria y Nutrici\u00f3n en el Mundo 2023, realizado por [&hellip;]<\/p>\n","protected":false},"author":1,"featured_media":54621,"comment_status":"open","ping_status":"open","sticky":false,"template":"","format":"standard","meta":{"site-sidebar-layout":"default","site-content-layout":"","ast-site-content-layout":"default","site-content-style":"default","site-sidebar-style":"default","ast-global-header-display":"","ast-banner-title-visibility":"","ast-main-header-display":"","ast-hfb-above-header-display":"","ast-hfb-below-header-display":"","ast-hfb-mobile-header-display":"","site-post-title":"","ast-breadcrumbs-content":"","ast-featured-img":"","footer-sml-layout":"","theme-transparent-header-meta":"","adv-header-id-meta":"","stick-header-meta":"","header-above-stick-meta":"","header-main-stick-meta":"","header-below-stick-meta":"","astra-migrate-meta-layouts":"default","ast-page-background-enabled":"default","ast-page-background-meta":{"desktop":{"background-color":"var(--ast-global-color-4)","background-image":"","background-repeat":"repeat","background-position":"center center","background-size":"auto","background-attachment":"scroll","background-type":"","background-media":"","overlay-type":"","overlay-color":"","overlay-opacity":"","overlay-gradient":""},"tablet":{"background-color":"","background-image":"","background-repeat":"repeat","background-position":"center center","background-size":"auto","background-attachment":"scroll","background-type":"","background-media":"","overlay-type":"","overlay-color":"","overlay-opacity":"","overlay-gradient":""},"mobile":{"background-color":"","background-image":"","background-repeat":"repeat","background-position":"center center","background-size":"auto","background-attachment":"scroll","background-type":"","background-media":"","overlay-type":"","overlay-color":"","overlay-opacity":"","overlay-gradient":""}},"ast-content-background-meta":{"desktop":{"background-color":"var(--ast-global-color-5)","background-image":"","background-repeat":"repeat","background-position":"center center","background-size":"auto","background-attachment":"scroll","background-type":"","background-media":"","overlay-type":"","overlay-color":"","overlay-opacity":"","overlay-gradient":""},"tablet":{"background-color":"var(--ast-global-color-5)","background-image":"","background-repeat":"repeat","background-position":"center center","background-size":"auto","background-attachment":"scroll","background-type":"","background-media":"","overlay-type":"","overlay-color":"","overlay-opacity":"","overlay-gradient":""},"mobile":{"background-color":"var(--ast-global-color-5)","background-image":"","background-repeat":"repeat","background-position":"center center","background-size":"auto","background-attachment":"scroll","background-type":"","background-media":"","overlay-type":"","overlay-color":"","overlay-opacity":"","overlay-gradient":""}},"footnotes":""},"categories":[8],"tags":[17383,38,17382,11297,13186,17381],"class_list":["post-54620","post","type-post","status-publish","format-standard","has-post-thumbnail","hentry","category-noticias","tag-735-millones-padecen-hambre","tag-covid-19","tag-crece-hambruna-mundial","tag-guerras","tag-hambre-en-el-mundo","tag-perturbaciones-climaticas"],"_links":{"self":[{"href":"https:\/\/losperiodistas.com.mx\/portal\/wp-json\/wp\/v2\/posts\/54620","targetHints":{"allow":["GET"]}}],"collection":[{"href":"https:\/\/losperiodistas.com.mx\/portal\/wp-json\/wp\/v2\/posts"}],"about":[{"href":"https:\/\/losperiodistas.com.mx\/portal\/wp-json\/wp\/v2\/types\/post"}],"author":[{"embeddable":true,"href":"https:\/\/losperiodistas.com.mx\/portal\/wp-json\/wp\/v2\/users\/1"}],"replies":[{"embeddable":true,"href":"https:\/\/losperiodistas.com.mx\/portal\/wp-json\/wp\/v2\/comments?post=54620"}],"version-history":[{"count":1,"href":"https:\/\/losperiodistas.com.mx\/portal\/wp-json\/wp\/v2\/posts\/54620\/revisions"}],"predecessor-version":[{"id":54622,"href":"https:\/\/losperiodistas.com.mx\/portal\/wp-json\/wp\/v2\/posts\/54620\/revisions\/54622"}],"wp:featuredmedia":[{"embeddable":true,"href":"https:\/\/losperiodistas.com.mx\/portal\/wp-json\/wp\/v2\/media\/54621"}],"wp:attachment":[{"href":"https:\/\/losperiodistas.com.mx\/portal\/wp-json\/wp\/v2\/media?parent=54620"}],"wp:term":[{"taxonomy":"category","embeddable":true,"href":"https:\/\/losperiodistas.com.mx\/portal\/wp-json\/wp\/v2\/categories?post=54620"},{"taxonomy":"post_tag","embeddable":true,"href":"https:\/\/losperiodistas.com.mx\/portal\/wp-json\/wp\/v2\/tags?post=54620"}],"curies":[{"name":"wp","href":"https:\/\/api.w.org\/{rel}","templated":true}]}}