{"id":54617,"date":"2023-07-13T06:54:44","date_gmt":"2023-07-13T11:54:44","guid":{"rendered":"http:\/\/losperiodistas.com.mx\/portal\/?p=54617"},"modified":"2023-07-13T06:54:46","modified_gmt":"2023-07-13T11:54:46","slug":"eu-sanciona-a-familiares-de-el-chapo-por-red-de-trafico-de-fentanilo-la-lista","status":"publish","type":"post","link":"https:\/\/losperiodistas.com.mx\/portal\/eu-sanciona-a-familiares-de-el-chapo-por-red-de-trafico-de-fentanilo-la-lista\/","title":{"rendered":"EU sanciona a familiares de \u2018El Chapo\u2019 por red de tr\u00e1fico de fentanilo | La-Lista"},"content":{"rendered":"\n<p class=\"has-background has-medium-font-size\" style=\"background-color:#f9ea3f\">EU acus\u00f3 que los sancionados participan en el comercio de qu\u00edmicos para fabricar fentanilo, la supervisi\u00f3n de los laboratorios que producen esa droga y su posterior tr\u00e1fico a trav\u00e9s de t\u00faneles.<\/p>\n\n\n\n<div class=\"wp-block-image is-style-default\"><figure class=\"aligncenter size-large\"><img fetchpriority=\"high\" decoding=\"async\" width=\"1024\" height=\"632\" src=\"https:\/\/losperiodistas.com.mx\/portal\/wp-content\/uploads\/2023\/07\/fentanilo-eu-dea-1-1024x632.jpg\" alt=\"\" class=\"wp-image-54618\" srcset=\"https:\/\/losperiodistas.com.mx\/portal\/wp-content\/uploads\/2023\/07\/fentanilo-eu-dea-1-1024x632.jpg 1024w, https:\/\/losperiodistas.com.mx\/portal\/wp-content\/uploads\/2023\/07\/fentanilo-eu-dea-1-300x185.jpg 300w, https:\/\/losperiodistas.com.mx\/portal\/wp-content\/uploads\/2023\/07\/fentanilo-eu-dea-1-768x474.jpg 768w, https:\/\/losperiodistas.com.mx\/portal\/wp-content\/uploads\/2023\/07\/fentanilo-eu-dea-1.jpg 1280w\" sizes=\"(max-width: 1024px) 100vw, 1024px\" \/><figcaption>El fentanilo es m\u00e1s potente que la morfina y la hero\u00edna. Foto: DEA<\/figcaption><\/figure><\/div>\n\n\n\n<p class=\"has-vivid-red-color has-text-color has-medium-font-size\"><strong>REDACCI\u00d3N LA-LISTA<\/strong><\/p>\n\n\n\n<p>Estados Unidos (EU) sancion\u00f3 este mi\u00e9rcoles a una empresa con sede en M\u00e9xico y a 10 mexicanos, entre ellos varios miembros del C\u00e1rtel de Sinaloa, \u201cresponsables de una parte significativa\u201d del tr\u00e1fico de fentanilo a territorio estadounidense.<\/p>\n\n\n\n<p>El Departamento del Tesoro inform\u00f3 en un\u00a0<a href=\"https:\/\/www.state.gov\/sanctioning-fentanyl-network-run-by-sinaloa-cartel-family-members\/\" target=\"_blank\" rel=\"noreferrer noopener\">comunicado<\/a>\u00a0que los sancionados est\u00e1n vinculados a \u201cLos Chapitos\u201d, la facci\u00f3n del C\u00e1rtel de Sinaloa liderada por los hijos de Joaqu\u00edn \u201cEl Chapo\u201d Guzm\u00e1n, quien cumple cadena perpetua en Estados Unidos.<\/p>\n\n\n\n<p class=\"has-cyan-bluish-gray-background-color has-background\">No te pierdas:<a href=\"https:\/\/la-lista.com\/mexico\/2023\/05\/16\/fgr-recaptura-a-un-pariente-del-chapo-recien-deportado-por-eu\">FGR recaptura a un pariente de \u2018El Chapo\u2019 reci\u00e9n deportado por EU<\/a><\/p>\n\n\n\n<p>Entre los sancionados se encuentran Noel L\u00f3pez P\u00e9rez, cu\u00f1ado de \u201cEl Chapo\u201d, as\u00ed como Ricardo P\u00e1ez Lope, tambi\u00e9n vinculado a la familia.<\/p>\n\n\n\n<p>Seg\u00fan EU, ambos participan en el comercio de qu\u00edmicos para fabricar fentanilo, la supervisi\u00f3n de los laboratorios que producen esa droga y su posterior tr\u00e1fico a Estados Unidos a trav\u00e9s de t\u00faneles.<\/p>\n\n\n\n<figure class=\"wp-block-image is-style-default\"><img decoding=\"async\" src=\"https:\/\/i0.wp.com\/la-lista.com\/wp-content\/uploads\/2023\/07\/fentanilo-eu-dea.jpg?resize=800%2C494&amp;ssl=1\" alt=\"EU sanciona a familiares de 'El Chapo' por red de tr\u00e1fico de fentanilo - fentanilo-eu-dea\" class=\"wp-image-452007\"\/><figcaption>Seg\u00fan la DEA, el fentanilo produce efectos como relajaci\u00f3n, euforia, alivio del dolor, sedaci\u00f3n, confusi\u00f3n, somnolencia, mareos, n\u00e1useas y v\u00f3mitos, retenci\u00f3n urinaria, constricci\u00f3n pupilar y depresi\u00f3n respiratoria. Foto: DEA<\/figcaption><\/figure>\n\n\n\n<p>La empresa REI, con sede en Metepec, fue sancionada por recibir regularmente env\u00edos de productos qu\u00edmicos importados de China para fabricar el opioide sint\u00e9tico. Su accionista mayoritario, Eliseo de Le\u00f3n Becerra, tambi\u00e9n fue objeto de una sanci\u00f3n.<\/p>\n\n\n\n<p>\u201cEstados Unidos sigue tomando medidas para combatir la epidemia de fentanilo\u201d, dijo en un comunicado el secretario de Estado, Antony Blinken, quien dijo estar colaborando con fuerzas del orden de todo el mundo para \u201cdesarticular\u201d las redes y c\u00e1rteles del narcotr\u00e1fico.<\/p>\n\n\n\n<p class=\"has-cyan-bluish-gray-background-color has-background\">No te pierdas:<a href=\"https:\/\/la-lista.com\/mexico\/2023\/03\/14\/tribunal-da-luz-verde-a-extradicion-hacia-eu-del-escolta-de-el-chapo\">Tribunal da luz verde a extradici\u00f3n hacia EU del escolta de \u2018El Chapo\u2019 Guzm\u00e1n<\/a><\/p>\n\n\n\n<p>El jefe de la diplomacia record\u00f3 que Estados Unidos ofrece m\u00e1s de 30 recompensas por un total de 75 millones de d\u00f3lares por informaci\u00f3n que ayude a poner a los traficantes de fentanilo en manos de la justicia.<\/p>\n\n\n\n<p>Como resultado de las sanciones emitidas, todas las propiedades e intereses de las personas y entidades sancionadas que se encuentren en Estados Unidos quedar\u00e1n bloqueadas.<\/p>\n\n\n\n<p>Este anuncio coincide con la fundaci\u00f3n la semana pasada de una coalici\u00f3n global liderada por Washington con unos 80 pa\u00edses para combatir el tr\u00e1fico de fentanilo, un potente opioide sint\u00e9tico que provoca miles de muertes por sobredosis cada a\u00f1o en Estados Unidos.<\/p>\n\n\n\n<p><em>-Con informaci\u00f3n de EFE.<\/em><\/p>\n\n\n\n<p>Fuente: <a href=\"https:\/\/la-lista.com\/mundo\/2023\/07\/12\/eu-sanciona-a-familiares-de-el-chapo-por-red-de-trafico-de-fentanilo\">https:\/\/la-lista.com\/mundo\/2023\/07\/12\/eu-sanciona-a-familiares-de-el-chapo-por-red-de-trafico-de-fentanilo<\/a><\/p>\n","protected":false},"excerpt":{"rendered":"<p>EU acus\u00f3 que los sancionados participan en el comercio de qu\u00edmicos para fabricar fentanilo, la supervisi\u00f3n de los laboratorios que [&hellip;]<\/p>\n","protected":false},"author":1,"featured_media":54618,"comment_status":"open","ping_status":"open","sticky":false,"template":"","format":"standard","meta":{"site-sidebar-layout":"default","site-content-layout":"","ast-site-content-layout":"default","site-content-style":"default","site-sidebar-style":"default","ast-global-header-display":"","ast-banner-title-visibility":"","ast-main-header-display":"","ast-hfb-above-header-display":"","ast-hfb-below-header-display":"","ast-hfb-mobile-header-display":"","site-post-title":"","ast-breadcrumbs-content":"","ast-featured-img":"","footer-sml-layout":"","theme-transparent-header-meta":"","adv-header-id-meta":"","stick-header-meta":"","header-above-stick-meta":"","header-main-stick-meta":"","header-below-stick-meta":"","astra-migrate-meta-layouts":"default","ast-page-background-enabled":"default","ast-page-background-meta":{"desktop":{"background-color":"var(--ast-global-color-4)","background-image":"","background-repeat":"repeat","background-position":"center center","background-size":"auto","background-attachment":"scroll","background-type":"","background-media":"","overlay-type":"","overlay-color":"","overlay-opacity":"","overlay-gradient":""},"tablet":{"background-color":"","background-image":"","background-repeat":"repeat","background-position":"center center","background-size":"auto","background-attachment":"scroll","background-type":"","background-media":"","overlay-type":"","overlay-color":"","overlay-opacity":"","overlay-gradient":""},"mobile":{"background-color":"","background-image":"","background-repeat":"repeat","background-position":"center center","background-size":"auto","background-attachment":"scroll","background-type":"","background-media":"","overlay-type":"","overlay-color":"","overlay-opacity":"","overlay-gradient":""}},"ast-content-background-meta":{"desktop":{"background-color":"var(--ast-global-color-5)","background-image":"","background-repeat":"repeat","background-position":"center center","background-size":"auto","background-attachment":"scroll","background-type":"","background-media":"","overlay-type":"","overlay-color":"","overlay-opacity":"","overlay-gradient":""},"tablet":{"background-color":"var(--ast-global-color-5)","background-image":"","background-repeat":"repeat","background-position":"center center","background-size":"auto","background-attachment":"scroll","background-type":"","background-media":"","overlay-type":"","overlay-color":"","overlay-opacity":"","overlay-gradient":""},"mobile":{"background-color":"var(--ast-global-color-5)","background-image":"","background-repeat":"repeat","background-position":"center center","background-size":"auto","background-attachment":"scroll","background-type":"","background-media":"","overlay-type":"","overlay-color":"","overlay-opacity":"","overlay-gradient":""}},"footnotes":""},"categories":[8],"tags":[10761,11389,17375,17379],"class_list":["post-54617","post","type-post","status-publish","format-standard","has-post-thumbnail","hentry","category-noticias","tag-chapo-guzman","tag-fentanilo","tag-noel-lopez-perez","tag-ricardo-paez-lope"],"_links":{"self":[{"href":"https:\/\/losperiodistas.com.mx\/portal\/wp-json\/wp\/v2\/posts\/54617","targetHints":{"allow":["GET"]}}],"collection":[{"href":"https:\/\/losperiodistas.com.mx\/portal\/wp-json\/wp\/v2\/posts"}],"about":[{"href":"https:\/\/losperiodistas.com.mx\/portal\/wp-json\/wp\/v2\/types\/post"}],"author":[{"embeddable":true,"href":"https:\/\/losperiodistas.com.mx\/portal\/wp-json\/wp\/v2\/users\/1"}],"replies":[{"embeddable":true,"href":"https:\/\/losperiodistas.com.mx\/portal\/wp-json\/wp\/v2\/comments?post=54617"}],"version-history":[{"count":1,"href":"https:\/\/losperiodistas.com.mx\/portal\/wp-json\/wp\/v2\/posts\/54617\/revisions"}],"predecessor-version":[{"id":54619,"href":"https:\/\/losperiodistas.com.mx\/portal\/wp-json\/wp\/v2\/posts\/54617\/revisions\/54619"}],"wp:featuredmedia":[{"embeddable":true,"href":"https:\/\/losperiodistas.com.mx\/portal\/wp-json\/wp\/v2\/media\/54618"}],"wp:attachment":[{"href":"https:\/\/losperiodistas.com.mx\/portal\/wp-json\/wp\/v2\/media?parent=54617"}],"wp:term":[{"taxonomy":"category","embeddable":true,"href":"https:\/\/losperiodistas.com.mx\/portal\/wp-json\/wp\/v2\/categories?post=54617"},{"taxonomy":"post_tag","embeddable":true,"href":"https:\/\/losperiodistas.com.mx\/portal\/wp-json\/wp\/v2\/tags?post=54617"}],"curies":[{"name":"wp","href":"https:\/\/api.w.org\/{rel}","templated":true}]}}