{"id":5460,"date":"2021-03-10T12:02:52","date_gmt":"2021-03-10T18:02:52","guid":{"rendered":"http:\/\/losperiodistas.com.mx\/portal\/?p=5460"},"modified":"2021-03-10T12:02:53","modified_gmt":"2021-03-10T18:02:53","slug":"llama-ayuntamiento-de-puebla-a-instancias-estatales-a-ser-responsables-con-gobernabilidad-para-todos","status":"publish","type":"post","link":"https:\/\/losperiodistas.com.mx\/portal\/llama-ayuntamiento-de-puebla-a-instancias-estatales-a-ser-responsables-con-gobernabilidad-para-todos\/","title":{"rendered":"Llama Ayuntamiento de Puebla a instancias estatales a ser responsables con gobernabilidad para todos"},"content":{"rendered":"\n<p style=\"font-size:18px\"><em>Ayuntamiento garantiza acompa\u00f1amiento a funcionarias falsamente acusadas de actos delictivos<\/em><\/p>\n\n\n\n<p class=\"has-vivid-cyan-blue-color has-text-color has-medium-font-size\">REDACCI\u00d3N<\/p>\n\n\n\n<p>En rueda de prensa, el Ayuntamiento de Puebla reafirm\u00f3 su postura sobre las manifestaciones del 8 de marzo del 2021 en la capital, as\u00ed como las acusaciones hechas por medios de comunicaci\u00f3n hacia trabajadoras municipales.<\/p>\n\n\n\n<p>En su car\u00e1cter de secretario del Ayuntamiento, Dami\u00e1n Romero Su\u00e1rez, indic\u00f3 que, con relaci\u00f3n a los comentarios y hechos llevados a cabo por parte del Gobierno del Estado, reitera el llamado para no politizar y utilizar el libre ejercicio de la libertad de expresi\u00f3n por parte de las ciudadanas para un golpeteo pol\u00edtico y escarnio p\u00fablico de servidoras p\u00fablicas.<\/p>\n\n\n\n<p>\u201cDesde el Poder Ejecutivo del estado se ha querido involucrar a dos personas trabajadoras de este Ayuntamiento en actos vand\u00e1licos, queremos hacer la precisi\u00f3n de que las im\u00e1genes e informaci\u00f3n que se ha estado publicando es completamente falsa y se encuentra manipulada\u201d, acot\u00f3 Romero Su\u00e1rez.<\/p>\n\n\n\n<p>Por su parte, Catalina P\u00e9rez Osorio, encargada de despacho de la Secretar\u00eda de Gobernaci\u00f3n, destac\u00f3 que, en un comunicado, las 19 colectivas de feministas que participaron en las manifestaciones del 8 de marzo, se han deslindado de los actos vand\u00e1licos realizados en el edificio del Congreso del Estado.<\/p>\n\n\n\n<p>Asimismo, enfatiz\u00f3 que los colores de las pintas, as\u00ed como las consignas que se pudieron escuchar ese d\u00eda, no son parte de la forma en que las feministas se han conducido en formas pasadas, por lo que puntualiz\u00f3 \u201cno lo vamos a permitir.<\/p>\n\n\n\n<p>Acusar con falsedades a las compa\u00f1eras, tambi\u00e9n tiene implicaciones jur\u00eddicas para quienes exhiben de manera irresponsable a las compa\u00f1eras\u201d.<\/p>\n\n\n\n<p>De igual forma, Vianeth Rojas Arenas, encargada de despacho de la Secretar\u00eda para la Igualdad Sustantiva de G\u00e9nero, reafirm\u00f3 que lo que se est\u00e1 viendo es una manipulaci\u00f3n de la informaci\u00f3n, toma de fotograf\u00edas fuera de contexto y se\u00f1alamientos sin pruebas, lo cual es un linchamiento y persecuci\u00f3n pol\u00edtica que pone en peligro la seguridad de las compa\u00f1eras trabajadoras<\/p>\n\n\n\n<p>\u201cNo hay m\u00e1s misoginia que pensar que las mujeres que se manifiestan no tienen autodeterminaci\u00f3n y son manipuladas por alguien o hay alg\u00fan autor intelectual al respecto, los movimientos feministas en este estado, las feministas en este estado, llevamos a\u00f1os manifest\u00e1ndonos y no vamos a permitir que se nos criminalice\u201d, cerr\u00f3 Rojas Arenas.<\/p>\n\n\n\n<p>Adem\u00e1s, Magaly Herrera L\u00f3pez, coordinadora General de Comunicaci\u00f3n Social, inform\u00f3 que algunos medios de comunicaci\u00f3n han publicado im\u00e1genes que no constituyen ning\u00fan hecho de los que se acusa a trabajadoras municipales. Destac\u00f3 que, estas im\u00e1genes son de a\u00f1os anteriores y no constituyen la participaci\u00f3n en ninguna marcha.<\/p>\n\n\n\n<p>Tambi\u00e9n, se dio a conocer que la persecuci\u00f3n que hay en contra de las compa\u00f1eras del Ayuntamiento de Puebla ya ha generado da\u00f1os, as\u00ed como acoso en las cuentas personales de las funcionaras, por lo que se proceder\u00e1 de forma legar con el acompa\u00f1amiento del Ayuntamiento de Puebla.<\/p>\n\n\n\n<p>\u201cPareciera que hoy, pertenecer o trabajar en el Ayuntamiento de Puebla es parte de una persecuci\u00f3n por vestirse de violeta o portar un pa\u00f1uelo verde, en Puebla es una raz\u00f3n para ser perseguido\u201d, agreg\u00f3 Magaly Herrera.<\/p>\n\n\n\n<p>Fuente: https:\/\/www.pueblacapital.gob.mx\/noticias\/comunicados-de-prensa\/item\/14902-ayuntamiento-de-puebla-llama-a-instancias-estatales-a-cumplir-de-manera-responsable-con-gobernabilidad-de-todos-los-municipios<\/p>\n","protected":false},"excerpt":{"rendered":"<p>Ayuntamiento garantiza acompa\u00f1amiento a funcionarias falsamente acusadas de actos delictivos REDACCI\u00d3N En rueda de prensa, el Ayuntamiento de Puebla reafirm\u00f3 [&hellip;]<\/p>\n","protected":false},"author":1,"featured_media":5461,"comment_status":"open","ping_status":"open","sticky":false,"template":"","format":"standard","meta":{"site-sidebar-layout":"default","site-content-layout":"","ast-site-content-layout":"default","site-content-style":"default","site-sidebar-style":"default","ast-global-header-display":"","ast-banner-title-visibility":"","ast-main-header-display":"","ast-hfb-above-header-display":"","ast-hfb-below-header-display":"","ast-hfb-mobile-header-display":"","site-post-title":"","ast-breadcrumbs-content":"","ast-featured-img":"","footer-sml-layout":"","theme-transparent-header-meta":"","adv-header-id-meta":"","stick-header-meta":"","header-above-stick-meta":"","header-main-stick-meta":"","header-below-stick-meta":"","astra-migrate-meta-layouts":"default","ast-page-background-enabled":"default","ast-page-background-meta":{"desktop":{"background-color":"var(--ast-global-color-4)","background-image":"","background-repeat":"repeat","background-position":"center center","background-size":"auto","background-attachment":"scroll","background-type":"","background-media":"","overlay-type":"","overlay-color":"","overlay-opacity":"","overlay-gradient":""},"tablet":{"background-color":"","background-image":"","background-repeat":"repeat","background-position":"center center","background-size":"auto","background-attachment":"scroll","background-type":"","background-media":"","overlay-type":"","overlay-color":"","overlay-opacity":"","overlay-gradient":""},"mobile":{"background-color":"","background-image":"","background-repeat":"repeat","background-position":"center center","background-size":"auto","background-attachment":"scroll","background-type":"","background-media":"","overlay-type":"","overlay-color":"","overlay-opacity":"","overlay-gradient":""}},"ast-content-background-meta":{"desktop":{"background-color":"var(--ast-global-color-5)","background-image":"","background-repeat":"repeat","background-position":"center center","background-size":"auto","background-attachment":"scroll","background-type":"","background-media":"","overlay-type":"","overlay-color":"","overlay-opacity":"","overlay-gradient":""},"tablet":{"background-color":"var(--ast-global-color-5)","background-image":"","background-repeat":"repeat","background-position":"center center","background-size":"auto","background-attachment":"scroll","background-type":"","background-media":"","overlay-type":"","overlay-color":"","overlay-opacity":"","overlay-gradient":""},"mobile":{"background-color":"var(--ast-global-color-5)","background-image":"","background-repeat":"repeat","background-position":"center center","background-size":"auto","background-attachment":"scroll","background-type":"","background-media":"","overlay-type":"","overlay-color":"","overlay-opacity":"","overlay-gradient":""}},"footnotes":""},"categories":[8],"tags":[397,398],"class_list":["post-5460","post","type-post","status-publish","format-standard","has-post-thumbnail","hentry","category-noticias","tag-8-m-puebla","tag-miguel-barbosa-vs-claudia-rivera"],"_links":{"self":[{"href":"https:\/\/losperiodistas.com.mx\/portal\/wp-json\/wp\/v2\/posts\/5460","targetHints":{"allow":["GET"]}}],"collection":[{"href":"https:\/\/losperiodistas.com.mx\/portal\/wp-json\/wp\/v2\/posts"}],"about":[{"href":"https:\/\/losperiodistas.com.mx\/portal\/wp-json\/wp\/v2\/types\/post"}],"author":[{"embeddable":true,"href":"https:\/\/losperiodistas.com.mx\/portal\/wp-json\/wp\/v2\/users\/1"}],"replies":[{"embeddable":true,"href":"https:\/\/losperiodistas.com.mx\/portal\/wp-json\/wp\/v2\/comments?post=5460"}],"version-history":[{"count":1,"href":"https:\/\/losperiodistas.com.mx\/portal\/wp-json\/wp\/v2\/posts\/5460\/revisions"}],"predecessor-version":[{"id":5462,"href":"https:\/\/losperiodistas.com.mx\/portal\/wp-json\/wp\/v2\/posts\/5460\/revisions\/5462"}],"wp:featuredmedia":[{"embeddable":true,"href":"https:\/\/losperiodistas.com.mx\/portal\/wp-json\/wp\/v2\/media\/5461"}],"wp:attachment":[{"href":"https:\/\/losperiodistas.com.mx\/portal\/wp-json\/wp\/v2\/media?parent=5460"}],"wp:term":[{"taxonomy":"category","embeddable":true,"href":"https:\/\/losperiodistas.com.mx\/portal\/wp-json\/wp\/v2\/categories?post=5460"},{"taxonomy":"post_tag","embeddable":true,"href":"https:\/\/losperiodistas.com.mx\/portal\/wp-json\/wp\/v2\/tags?post=5460"}],"curies":[{"name":"wp","href":"https:\/\/api.w.org\/{rel}","templated":true}]}}