{"id":54588,"date":"2023-07-12T10:06:00","date_gmt":"2023-07-12T15:06:00","guid":{"rendered":"http:\/\/losperiodistas.com.mx\/portal\/?p=54588"},"modified":"2023-07-12T10:06:02","modified_gmt":"2023-07-12T15:06:02","slug":"ataque-con-explosivos-deja-3-policias-muertos-y-10-heridos-en-tlajomulco-jalisco-la-lista","status":"publish","type":"post","link":"https:\/\/losperiodistas.com.mx\/portal\/ataque-con-explosivos-deja-3-policias-muertos-y-10-heridos-en-tlajomulco-jalisco-la-lista\/","title":{"rendered":"Ataque con explosivos deja 3 polic\u00edas muertos y 10 heridos en Tlajomulco, Jalisco | La-Lista"},"content":{"rendered":"\n<p class=\"has-light-green-cyan-background-color has-background has-medium-font-size\">Un veh\u00edculo oficial explot\u00f3 cuando agentes estatales y federales realizaban un operativo en un domicilio en la colonia Larios.<\/p>\n\n\n\n<figure class=\"wp-block-image size-large is-style-default\"><img fetchpriority=\"high\" decoding=\"async\" width=\"1024\" height=\"645\" src=\"https:\/\/losperiodistas.com.mx\/portal\/wp-content\/uploads\/2023\/07\/explosion-en-tlajomulco-2-1024x645.jpg\" alt=\"\" class=\"wp-image-54589\" srcset=\"https:\/\/losperiodistas.com.mx\/portal\/wp-content\/uploads\/2023\/07\/explosion-en-tlajomulco-2-1024x645.jpg 1024w, https:\/\/losperiodistas.com.mx\/portal\/wp-content\/uploads\/2023\/07\/explosion-en-tlajomulco-2-300x189.jpg 300w, https:\/\/losperiodistas.com.mx\/portal\/wp-content\/uploads\/2023\/07\/explosion-en-tlajomulco-2-768x484.jpg 768w, https:\/\/losperiodistas.com.mx\/portal\/wp-content\/uploads\/2023\/07\/explosion-en-tlajomulco-2.jpg 1280w\" sizes=\"(max-width: 1024px) 100vw, 1024px\" \/><figcaption>El ataque se registr\u00f3 poco antes de las 22:00 horas de ayer. Foto: Especial<\/figcaption><\/figure>\n\n\n\n<p class=\"has-vivid-red-color has-text-color has-medium-font-size\"><strong>REDACCI\u00d3N LA-LISTA<\/strong><\/p>\n\n\n\n<p>Al menos tres agentes muertos y 10 heridos dej\u00f3 la explosi\u00f3n de un veh\u00edculo oficial en Tlajomulco de Z\u00fa\u00f1iga, Jalisco, la noche de este martes 11 de julio.<\/p>\n\n\n\n<p>El ataque, contra agentes de la Fiscal\u00eda estatal y de la Polic\u00eda Municipal, ocurri\u00f3 en la colonia Larios del municipio de Tlajomulco de Z\u00fa\u00f1iga, ubicado a unos 33 kil\u00f3metros de la ciudad de Guadalajara, capital del estado.<\/p>\n\n\n\n<p>\u201cEsta noche, personal de la Fiscal\u00eda y Polic\u00eda de Tlajomulco sufri\u00f3 un cobarde ataque con artefactos explosivos, que preliminarmente causaron la muerte de tres compa\u00f1eros de la polic\u00eda municipal y de la Fiscal\u00eda, as\u00ed como 10 personas lesionadas\u201d, indic\u00f3 el mandatario estatal Enrique Alfaro, en un mensaje en redes sociales.<\/p>\n\n\n\n<p class=\"has-cyan-bluish-gray-background-color has-background\">No te pierdas:<a href=\"https:\/\/la-lista.com\/mexico\/2023\/05\/15\/pobladores-de-guerrero-huyen-de-comunidad-por-ataques-con-drones-alerta-ong\">Pobladores de Guerrero huyeron de comunidad por ataques con drones, alerta ONG<\/a><\/p>\n\n\n\n<p>\u201cSe trata de un hecho sin precedentes que pone de manifiesto de lo que son capaces estos grupos de la delincuencia organizada. Este ataque representa tambi\u00e9n un desaf\u00edo contra el Estado mexicano en su conjunto\u201d, agreg\u00f3.<\/p>\n\n\n\n<p>Alfaro se\u00f1al\u00f3 que tras el ataque el gabinete de Seguridad de Jalisco \u201cest\u00e1 en sesi\u00f3n permanente y desde la Fiscal\u00eda seguir\u00e1 informando conforme las investigaciones avancen y los datos oficiales sean confirmados\u201d.<\/p>\n\n\n\n<p>El mandatario no dio m\u00e1s detalles sobre la explosi\u00f3n, pero medios locales reportaron que una camioneta pis\u00f3 una mina y que tras un operativo hallaron m\u00e1s en las inmediaciones de ese inmueble en Tlajomulco.<\/p>\n\n\n\n<figure class=\"wp-block-image is-style-default\"><img decoding=\"async\" src=\"https:\/\/i0.wp.com\/la-lista.com\/wp-content\/uploads\/2023\/07\/explosion-en-tlajomulco.jpg?resize=800%2C501&amp;ssl=1\" alt=\"Ataque con explosivos deja 3 polic\u00edas muertos y 10 heridos en Tlajomulco, Jalisco - explosion-en-tlajomulco\" class=\"wp-image-451698\"\/><figcaption>La explosi\u00f3n e Tlajomulco moviliz\u00f3 a fuerzas de los tres niveles de gobierno. Foto: Especial<\/figcaption><\/figure>\n\n\n\n<p>Desde hace varios a\u00f1os, el estado de Jalisco vive una crisis de violencia e inseguridad por la presencia de grupos del crimen organizado como el C\u00e1rtel Jalisco Nueva Generaci\u00f3n (CJNG).<\/p>\n\n\n\n<p>Este martes, la Secretar\u00eda de Seguridad y Protecci\u00f3n Ciudadana (SSPC) de M\u00e9xico inform\u00f3 de que durante el primer semestre del a\u00f1o seis estados concentraron casi la mitad de los homicidios en el pa\u00eds: Guanajuato, Estado de M\u00e9xico, Baja California, Jalisco, Chihuahua y Michoac\u00e1n, que en conjunto sumaron 7 mil 226 de estos cr\u00edmenes.<\/p>\n\n\n\n<p class=\"has-cyan-bluish-gray-background-color has-background\">No te pierdas:<a href=\"https:\/\/la-lista.com\/mexico\/2023\/07\/11\/en-michoacan-solo-queda-el-camino-del-autogobierno-padre-goyo\">En Michoac\u00e1n s\u00f3lo queda el camino del autogobierno: padre Goyo<\/a><\/p>\n\n\n\n<p>M\u00e9xico enfrenta una ola violenta en los \u00faltimos a\u00f1os.<\/p>\n\n\n\n<p>En 2022 se contabilizaron un total de 30 mil 968 homicidios dolosos, mientras que en 2021 se sumaron 33 mil 308.<\/p>\n\n\n\n<p>Antes se registraron los dos a\u00f1os m\u00e1s violentos de su historia, bajo la administraci\u00f3n del presidente Andr\u00e9s Manuel L\u00f3pez Obrador, con 34 mil 690 v\u00edctimas de asesinato en 2019 y 34 mil 554 en 2020.&nbsp;<\/p>\n\n\n\n<p><em>-Con informaci\u00f3n de EFE<\/em><\/p>\n\n\n\n<p>Fuente: <a href=\"https:\/\/la-lista.com\/mexico\/2023\/07\/12\/explosion-en-tlajomulco-ataque-deja-3-policias-muertos\">https:\/\/la-lista.com\/mexico\/2023\/07\/12\/explosion-en-tlajomulco-ataque-deja-3-policias-muertos<\/a><\/p>\n","protected":false},"excerpt":{"rendered":"<p>Un veh\u00edculo oficial explot\u00f3 cuando agentes estatales y federales realizaban un operativo en un domicilio en la colonia Larios. REDACCI\u00d3N [&hellip;]<\/p>\n","protected":false},"author":1,"featured_media":54589,"comment_status":"open","ping_status":"open","sticky":false,"template":"","format":"standard","meta":{"site-sidebar-layout":"default","site-content-layout":"","ast-site-content-layout":"default","site-content-style":"default","site-sidebar-style":"default","ast-global-header-display":"","ast-banner-title-visibility":"","ast-main-header-display":"","ast-hfb-above-header-display":"","ast-hfb-below-header-display":"","ast-hfb-mobile-header-display":"","site-post-title":"","ast-breadcrumbs-content":"","ast-featured-img":"","footer-sml-layout":"","theme-transparent-header-meta":"","adv-header-id-meta":"","stick-header-meta":"","header-above-stick-meta":"","header-main-stick-meta":"","header-below-stick-meta":"","astra-migrate-meta-layouts":"default","ast-page-background-enabled":"default","ast-page-background-meta":{"desktop":{"background-color":"var(--ast-global-color-4)","background-image":"","background-repeat":"repeat","background-position":"center center","background-size":"auto","background-attachment":"scroll","background-type":"","background-media":"","overlay-type":"","overlay-color":"","overlay-opacity":"","overlay-gradient":""},"tablet":{"background-color":"","background-image":"","background-repeat":"repeat","background-position":"center center","background-size":"auto","background-attachment":"scroll","background-type":"","background-media":"","overlay-type":"","overlay-color":"","overlay-opacity":"","overlay-gradient":""},"mobile":{"background-color":"","background-image":"","background-repeat":"repeat","background-position":"center center","background-size":"auto","background-attachment":"scroll","background-type":"","background-media":"","overlay-type":"","overlay-color":"","overlay-opacity":"","overlay-gradient":""}},"ast-content-background-meta":{"desktop":{"background-color":"var(--ast-global-color-5)","background-image":"","background-repeat":"repeat","background-position":"center center","background-size":"auto","background-attachment":"scroll","background-type":"","background-media":"","overlay-type":"","overlay-color":"","overlay-opacity":"","overlay-gradient":""},"tablet":{"background-color":"var(--ast-global-color-5)","background-image":"","background-repeat":"repeat","background-position":"center center","background-size":"auto","background-attachment":"scroll","background-type":"","background-media":"","overlay-type":"","overlay-color":"","overlay-opacity":"","overlay-gradient":""},"mobile":{"background-color":"var(--ast-global-color-5)","background-image":"","background-repeat":"repeat","background-position":"center center","background-size":"auto","background-attachment":"scroll","background-type":"","background-media":"","overlay-type":"","overlay-color":"","overlay-opacity":"","overlay-gradient":""}},"footnotes":""},"categories":[8],"tags":[17367,372,17366],"class_list":["post-54588","post","type-post","status-publish","format-standard","has-post-thumbnail","hentry","category-noticias","tag-auto-con-explosivos","tag-cjng","tag-tlajomulco"],"_links":{"self":[{"href":"https:\/\/losperiodistas.com.mx\/portal\/wp-json\/wp\/v2\/posts\/54588","targetHints":{"allow":["GET"]}}],"collection":[{"href":"https:\/\/losperiodistas.com.mx\/portal\/wp-json\/wp\/v2\/posts"}],"about":[{"href":"https:\/\/losperiodistas.com.mx\/portal\/wp-json\/wp\/v2\/types\/post"}],"author":[{"embeddable":true,"href":"https:\/\/losperiodistas.com.mx\/portal\/wp-json\/wp\/v2\/users\/1"}],"replies":[{"embeddable":true,"href":"https:\/\/losperiodistas.com.mx\/portal\/wp-json\/wp\/v2\/comments?post=54588"}],"version-history":[{"count":1,"href":"https:\/\/losperiodistas.com.mx\/portal\/wp-json\/wp\/v2\/posts\/54588\/revisions"}],"predecessor-version":[{"id":54590,"href":"https:\/\/losperiodistas.com.mx\/portal\/wp-json\/wp\/v2\/posts\/54588\/revisions\/54590"}],"wp:featuredmedia":[{"embeddable":true,"href":"https:\/\/losperiodistas.com.mx\/portal\/wp-json\/wp\/v2\/media\/54589"}],"wp:attachment":[{"href":"https:\/\/losperiodistas.com.mx\/portal\/wp-json\/wp\/v2\/media?parent=54588"}],"wp:term":[{"taxonomy":"category","embeddable":true,"href":"https:\/\/losperiodistas.com.mx\/portal\/wp-json\/wp\/v2\/categories?post=54588"},{"taxonomy":"post_tag","embeddable":true,"href":"https:\/\/losperiodistas.com.mx\/portal\/wp-json\/wp\/v2\/tags?post=54588"}],"curies":[{"name":"wp","href":"https:\/\/api.w.org\/{rel}","templated":true}]}}