{"id":54585,"date":"2023-07-12T09:38:41","date_gmt":"2023-07-12T14:38:41","guid":{"rendered":"http:\/\/losperiodistas.com.mx\/portal\/?p=54585"},"modified":"2023-07-12T09:38:43","modified_gmt":"2023-07-12T14:38:43","slug":"sexto-encierro-de-san-fermin-2023-vibrante-y-vertiginoso-con-una-veloz-manada-de-jandilla-rtve","status":"publish","type":"post","link":"https:\/\/losperiodistas.com.mx\/portal\/sexto-encierro-de-san-fermin-2023-vibrante-y-vertiginoso-con-una-veloz-manada-de-jandilla-rtve\/","title":{"rendered":"Sexto encierro de San Ferm\u00edn 2023 vibrante y vertiginoso con una veloz manada de Jandilla\u00a0| Rtve"},"content":{"rendered":"\n<p class=\"has-background has-medium-font-size\" style=\"background-color:#f43a3a\">Tres mozos han sido trasladados al Complejo\u00a0Hospitalario de Navarra, ninguno con heridas por asta de toro<\/p>\n\n\n\n<figure class=\"wp-block-embed is-type-video is-provider-youtube wp-block-embed-youtube wp-embed-aspect-16-9 wp-has-aspect-ratio\"><div class=\"wp-block-embed__wrapper\">\n<iframe title=\"SAN FERM\u00cdN 2023: Sexto ENCIERRO MUY EMOCIONANTE con una VELOZ manada de JANDILLA | RTVE Noticias\" width=\"500\" height=\"281\" src=\"https:\/\/www.youtube.com\/embed\/FSAfKav1ecQ?feature=oembed\" frameborder=\"0\" allow=\"accelerometer; autoplay; clipboard-write; encrypted-media; gyroscope; picture-in-picture; web-share\" referrerpolicy=\"strict-origin-when-cross-origin\" allowfullscreen><\/iframe>\n<\/div><\/figure>\n\n\n\n<p><\/p>\n\n\n\n<p class=\"has-vivid-red-color has-text-color has-medium-font-size\"><strong>SILVIA QU\u00cdLEZ \/ RTVE<\/strong><\/p>\n\n\n\n<p>El&nbsp;<strong>sexto encierro de San Ferm\u00edn 2023<\/strong>&nbsp;con toros de Jandilla ha sido&nbsp;<strong>vibrante, vertiginoso y con vistosas carreras de los&nbsp;mozos<\/strong>. La torada, muy veloz y&nbsp;hermanada desde los corrales, ha ido primero encabezada por los cabestros, pero despu\u00e9s los bravos se han puesto en cabeza y la manada se ha estirado a la altura de Estafeta dejando bonitos instantes en&nbsp;todo el recorrido.<\/p>\n\n\n\n<p>La manada de Badajoz, con un comportamiento muy noble,&nbsp;ha tardado&nbsp;<strong>dos&nbsp;minutos y 23&nbsp;segundos en completar la carrera<\/strong>&nbsp;entre los corrales de Santo Domingo y la plaza de toros de Pamplona, en una carrera limpia.&nbsp;<\/p>\n\n\n\n<p><strong>Tres mozos han sido trasladados al<\/strong>&nbsp;<strong>Complejo Hospitalario de Navarra con contusiones<\/strong>, seg\u00fan ha informado el subdirector m\u00e9dico Carlos \u00cdbero. El primero, desde Telef\u00f3nica, V.S.E., de Sesma (Navarra) con 31 a\u00f1os, con una fractura en un tobillo, otro de Telef\u00f3nica, H.J.E., de Castro Urdiales (Cantabria) de 54 a\u00f1os,&nbsp;con erosi\u00f3n en rodilla y un tercer mozo de la Bajada de Javier, A.V.J, pamplon\u00e9s de 18 a\u00f1os, con una luxaci\u00f3n en el hombro izquierdo.<\/p>\n\n\n\n<p>En cuanto a la situaci\u00f3n de los heridos en los encierros anteriores, en el hospital permanecen ingresados tres mozos, el herido por asta de toro del tercer encierro, otro mozo que sufri\u00f3 fracturas costales en la cuarta carrera y otro herido del quinto encierro con un traumatismo craneoencef\u00e1lico que est\u00e1 \u00abevolucionando bien\u00bb.<img decoding=\"async\" src=\"https:\/\/img2.rtve.es\/a\/6933164?w=1600&amp;preview=1689149623776.jpg\" alt=\"Las Ma\u00f1anas de RNE - Sexto encierro de los Sanfermines 2023 - Escuchar ahora\"><a href=\"https:\/\/www.rtve.es\/play\/audios\/sanfermines-en-rne\/san-fermines-2023-sexto-encierro\/6933164\/\">02.46 min<\/a>Las Ma\u00f1anas de RNE &#8211; Sexto encierro de los Sanfermines 2023 &#8211; Escuchar ahora<\/p>\n\n\n\n<p>Los astados han comenzado&nbsp;<strong>muy hermanados, encabezados por los cabestros<\/strong>&nbsp;a lo largo de&nbsp;la Cuesta de Santo Domingo, impidiendo as\u00ed a los mozos ponerse delante de las astas de los bravos.&nbsp;Avanzada la cuesta, varios mozos han ca\u00eddo en la parte izquierda al paso de la manada.<\/p>\n\n\n\n<h3 class=\"wp-block-heading\"><strong>Los toros adelantan a los cabestros<\/strong><\/h3>\n\n\n\n<p>A partir de la plaza del&nbsp;<strong>Ayuntamiento los toros se han puesto en cabeza<\/strong>&nbsp;de la manada y se han producido varias ca\u00eddas en Mercaderes.&nbsp;<\/p>\n\n\n\n<p>La manada ha tomado la curva de Mercaderes a Estafeta sin incidencias y un toro negro ha comenzado a destacarse del resto de sus hermanos marcando un fuerte ritmo. Al mismo tiempo, la manada se ha ido estirando, posibilitando que los mozos pudieran correr delante de las astas.<\/p>\n\n\n\n<p class=\"has-cyan-bluish-gray-background-color has-background\"><a href=\"https:\/\/www.rtve.es\/noticias\/20230712\/san-fermin-2023-sexto-encierro-mejores-imagenes-fotos\/2451660.shtml\"><strong>Las mejores im\u00e1genes del sexto encierro de San Ferm\u00edn 2023: r\u00e1pido y emocionante<\/strong><\/a><\/p>\n\n\n\n<p>A lo largo de Estafeta, se ha situado un toro adelantado, cuatro astados m\u00e1s agrupados y un \u00faltimo algo descolgado del resto que&nbsp;<strong>en alg\u00fan momento ha lanzado derrotes y ha mirado a los mozos<\/strong>. La manada ha ido estir\u00e1ndose y a su paso se han producido varias ca\u00eddas de corredores, mientras los mozos trataban de ponerse delante de las astas.<\/p>\n\n\n\n<p>El primer toro, que ha sido alcanzado por dos astados al final de Estafeta, ha ido a la derecha del vallado en Telef\u00f3nica,<strong>\u00a0generando momentos de peligro, pero sin llegar a embestir<\/strong>\u00a0a nadie. Los tres toros de cabeza han cubierto juntos la bajada al callej\u00f3n y tras llegar al coso taurino, han entrado en los chiqueros de la plaza, sin generar mayores incidencias.<\/p>\n\n\n\n<p class=\"has-cyan-bluish-gray-background-color has-background\"><a href=\"https:\/\/www.rtve.es\/play\/videos\/sanfermines\/sexto-encierro-san-fermin-ganaderia-jandilla-mira-carrera-comentada-camara-lenta\/6933176\/\" target=\"_blank\" rel=\"noreferrer noopener\"><strong>SAN FERM\u00cdN 2023Sexto encierro de San Ferm\u00edn a c\u00e1mara lenta<em>VER AHORA<\/em><\/strong><\/a><\/p>\n\n\n\n<p>Por detr\u00e1s, les han seguido&nbsp;<strong>otros dos astados y finalmente el \u00faltimo toro<\/strong>. Todos han accedido a los chiqueros sin causar problemas en el \u00faltimo tramo del encierro.<\/p>\n\n\n\n<p>La \u00faltima carrera de esta ganader\u00eda fue emocionante, veloz y peligrosa, y tuvo una duraci\u00f3n ligeramente inferior, de dos minutos y veinte segundos. Los astados dejaron ocho heridos, uno por asta de toro en un brazo.<\/p>\n\n\n\n<p class=\"has-cyan-bluish-gray-background-color has-background\"><a href=\"https:\/\/www.rtve.es\/noticias\/20220712\/sexto-encierro-san-fermin\/2388060.shtml\"><strong>Emocionante y veloz sexto encierro de San Ferm\u00edn con los toros de Jandilla<\/strong><\/a><\/p>\n\n\n\n<h3 class=\"wp-block-heading\"><strong>Jandilla: peligro, bravura y nobleza<\/strong><\/h3>\n\n\n\n<p>Los toros que han protagonizado la carrera son cinco negros,&nbsp;&#8216;Zalagardo&#8217; (n\u00ba2, 505 kg), &#8216;Engorroso&#8217; (n\u00ba12, 585 kg),&nbsp;&#8216;Torbellino&#8217; (n\u00ba63, 580 kg),&nbsp;&#8216;Versolaro&#8217; (n\u00ba172, 540 kg), &#8216;Herrerillo&#8217; (n\u00ba114, 530 kg) y uno casta\u00f1o &#8216;Vibrante&#8217; (n\u00ba144, 530 kg).<\/p>\n\n\n\n<p>La de Jandilla es una de las ganader\u00edas m\u00e1s peligrosas en los encierros, que cumplen con esta\u00a0<strong>veintid\u00f3s participaciones en las fiestas<\/strong>\u00a0pamplonicas. Sus toros sacan a relucir la bravura que tienen de sobra, pero acompa\u00f1ada de nobleza, y generalmente terminan hiriendo a alguien, con una media de dos corredores.<\/p>\n\n\n\n<p class=\"has-cyan-bluish-gray-background-color has-background\"><a href=\"https:\/\/www.rtve.es\/noticias\/20230703\/jandilla-ganaderia-sexto-encierro-2023\/2450972.shtml\"><strong>Jandilla: prestigio extreme\u00f1o<\/strong><em>RAFA GARC\u00cdA GARC\u00cdA DE LA TORRE (CLAR\u00cdN &#8211; RNE)<\/em><\/a><\/p>\n\n\n\n<p>El \u00faltimo&nbsp;<a href=\"https:\/\/www.rtve.es\/noticias\/20090710\/muere-joven-madrileno-27-anos-corneado-cuello-cuarto-encierro-sanfermines\/284411.shtml\">corredor muerto en San Ferm\u00edn, el madrile\u00f1o Daniel Jimeno<\/a>, el 10 de julio de 2009, fue corneado por un toro de esta ganader\u00eda pacense.<\/p>\n\n\n\n<p>Los diestros que lidiar\u00e1n a los Jandilla esta tarde en el coso pamplon\u00e9s son\u00a0Antonio Ferrera, El Juli y Cayetano Rivera Ord\u00f3\u00f1ez. Precisamente, los dos primeros, Ferrera y El Juli salieron a hombros el a\u00f1o pasado en esta misma plaza.<\/p>\n\n\n\n<p>Fuente: <a href=\"https:\/\/www.rtve.es\/noticias\/20230712\/sexto-encierro-san-fermin-2023-cronica\/2451791.shtml\">https:\/\/www.rtve.es\/noticias\/20230712\/sexto-encierro-san-fermin-2023-cronica\/2451791.shtml<\/a><\/p>\n","protected":false},"excerpt":{"rendered":"<p>Tres mozos han sido trasladados al Complejo\u00a0Hospitalario de Navarra, ninguno con heridas por asta de toro SILVIA QU\u00cdLEZ \/ RTVE [&hellip;]<\/p>\n","protected":false},"author":1,"featured_media":54586,"comment_status":"open","ping_status":"open","sticky":false,"template":"","format":"standard","meta":{"site-sidebar-layout":"default","site-content-layout":"","ast-site-content-layout":"default","site-content-style":"default","site-sidebar-style":"default","ast-global-header-display":"","ast-banner-title-visibility":"","ast-main-header-display":"","ast-hfb-above-header-display":"","ast-hfb-below-header-display":"","ast-hfb-mobile-header-display":"","site-post-title":"","ast-breadcrumbs-content":"","ast-featured-img":"","footer-sml-layout":"","theme-transparent-header-meta":"","adv-header-id-meta":"","stick-header-meta":"","header-above-stick-meta":"","header-main-stick-meta":"","header-below-stick-meta":"","astra-migrate-meta-layouts":"default","ast-page-background-enabled":"default","ast-page-background-meta":{"desktop":{"background-color":"var(--ast-global-color-4)","background-image":"","background-repeat":"repeat","background-position":"center center","background-size":"auto","background-attachment":"scroll","background-type":"","background-media":"","overlay-type":"","overlay-color":"","overlay-opacity":"","overlay-gradient":""},"tablet":{"background-color":"","background-image":"","background-repeat":"repeat","background-position":"center center","background-size":"auto","background-attachment":"scroll","background-type":"","background-media":"","overlay-type":"","overlay-color":"","overlay-opacity":"","overlay-gradient":""},"mobile":{"background-color":"","background-image":"","background-repeat":"repeat","background-position":"center center","background-size":"auto","background-attachment":"scroll","background-type":"","background-media":"","overlay-type":"","overlay-color":"","overlay-opacity":"","overlay-gradient":""}},"ast-content-background-meta":{"desktop":{"background-color":"var(--ast-global-color-5)","background-image":"","background-repeat":"repeat","background-position":"center center","background-size":"auto","background-attachment":"scroll","background-type":"","background-media":"","overlay-type":"","overlay-color":"","overlay-opacity":"","overlay-gradient":""},"tablet":{"background-color":"var(--ast-global-color-5)","background-image":"","background-repeat":"repeat","background-position":"center center","background-size":"auto","background-attachment":"scroll","background-type":"","background-media":"","overlay-type":"","overlay-color":"","overlay-opacity":"","overlay-gradient":""},"mobile":{"background-color":"var(--ast-global-color-5)","background-image":"","background-repeat":"repeat","background-position":"center center","background-size":"auto","background-attachment":"scroll","background-type":"","background-media":"","overlay-type":"","overlay-color":"","overlay-opacity":"","overlay-gradient":""}},"footnotes":""},"categories":[8],"tags":[17291,11312],"class_list":["post-54585","post","type-post","status-publish","format-standard","has-post-thumbnail","hentry","category-noticias","tag-san-fermin-2023","tag-toros-de-jandilla"],"_links":{"self":[{"href":"https:\/\/losperiodistas.com.mx\/portal\/wp-json\/wp\/v2\/posts\/54585","targetHints":{"allow":["GET"]}}],"collection":[{"href":"https:\/\/losperiodistas.com.mx\/portal\/wp-json\/wp\/v2\/posts"}],"about":[{"href":"https:\/\/losperiodistas.com.mx\/portal\/wp-json\/wp\/v2\/types\/post"}],"author":[{"embeddable":true,"href":"https:\/\/losperiodistas.com.mx\/portal\/wp-json\/wp\/v2\/users\/1"}],"replies":[{"embeddable":true,"href":"https:\/\/losperiodistas.com.mx\/portal\/wp-json\/wp\/v2\/comments?post=54585"}],"version-history":[{"count":1,"href":"https:\/\/losperiodistas.com.mx\/portal\/wp-json\/wp\/v2\/posts\/54585\/revisions"}],"predecessor-version":[{"id":54587,"href":"https:\/\/losperiodistas.com.mx\/portal\/wp-json\/wp\/v2\/posts\/54585\/revisions\/54587"}],"wp:featuredmedia":[{"embeddable":true,"href":"https:\/\/losperiodistas.com.mx\/portal\/wp-json\/wp\/v2\/media\/54586"}],"wp:attachment":[{"href":"https:\/\/losperiodistas.com.mx\/portal\/wp-json\/wp\/v2\/media?parent=54585"}],"wp:term":[{"taxonomy":"category","embeddable":true,"href":"https:\/\/losperiodistas.com.mx\/portal\/wp-json\/wp\/v2\/categories?post=54585"},{"taxonomy":"post_tag","embeddable":true,"href":"https:\/\/losperiodistas.com.mx\/portal\/wp-json\/wp\/v2\/tags?post=54585"}],"curies":[{"name":"wp","href":"https:\/\/api.w.org\/{rel}","templated":true}]}}