{"id":54582,"date":"2023-07-12T09:18:41","date_gmt":"2023-07-12T14:18:41","guid":{"rendered":"http:\/\/losperiodistas.com.mx\/portal\/?p=54582"},"modified":"2023-07-12T09:18:43","modified_gmt":"2023-07-12T14:18:43","slug":"el-papa-tomas-de-aquino-hombre-de-iglesia-con-una-gran-sabiduria-espiritual-y-humana-vatican-news","status":"publish","type":"post","link":"https:\/\/losperiodistas.com.mx\/portal\/el-papa-tomas-de-aquino-hombre-de-iglesia-con-una-gran-sabiduria-espiritual-y-humana-vatican-news\/","title":{"rendered":"El Papa: Tom\u00e1s de Aquino, hombre de Iglesia con una gran sabidur\u00eda espiritual y humana | Vatican News"},"content":{"rendered":"\n<p class=\"has-luminous-vivid-amber-background-color has-background has-medium-font-size\">Francisco nombra al cardenal Semeraro, prefecto del Dicasterio para las Causas de los Santos, enviado especial a la celebraci\u00f3n del 700 aniversario de la canonizaci\u00f3n del Doctor Angelicus, el 18 de julio en la abad\u00eda de Fossanova<\/p>\n\n\n\n<figure class=\"wp-block-image size-large is-style-default\"><img fetchpriority=\"high\" decoding=\"async\" width=\"1024\" height=\"576\" src=\"https:\/\/losperiodistas.com.mx\/portal\/wp-content\/uploads\/2023\/07\/cq5dam.thumbnail.cropped.1500.844-1-1024x576.jpeg\" alt=\"\" class=\"wp-image-54583\" srcset=\"https:\/\/losperiodistas.com.mx\/portal\/wp-content\/uploads\/2023\/07\/cq5dam.thumbnail.cropped.1500.844-1-1024x576.jpeg 1024w, https:\/\/losperiodistas.com.mx\/portal\/wp-content\/uploads\/2023\/07\/cq5dam.thumbnail.cropped.1500.844-1-300x169.jpeg 300w, https:\/\/losperiodistas.com.mx\/portal\/wp-content\/uploads\/2023\/07\/cq5dam.thumbnail.cropped.1500.844-1-768x432.jpeg 768w, https:\/\/losperiodistas.com.mx\/portal\/wp-content\/uploads\/2023\/07\/cq5dam.thumbnail.cropped.1500.844-1.jpeg 1280w\" sizes=\"(max-width: 1024px) 100vw, 1024px\" \/><\/figure>\n\n\n\n<p><\/p>\n\n\n\n<p class=\"has-vivid-red-color has-text-color has-medium-font-size\"><strong>VATICAN NEWS <\/strong><\/p>\n\n\n\n<p>\u00abHombre de Iglesia\u00bb, sacerdote y m\u00e9dico que comparti\u00f3 su \u00abinmensa sabidur\u00eda espiritual y humana\u00bb a trav\u00e9s de oraciones y escritos. El Papa Francisco vuelve a recordar la figura de Santo Tom\u00e1s de Aquino en la carta en lat\u00edn -difundida hoy 11 de julio- con la que nombra al cardenal Marcello Semeraro, prefecto del Dicasterio para las Causas de los Santos, su enviado especial a la celebraci\u00f3n del 700 aniversario de su canonizaci\u00f3n, que tendr\u00e1 lugar el pr\u00f3ximo 18 de julio en la Abad\u00eda de Fossanova, en el municipio de Priverno, en la provincia de Latina.<\/p>\n\n\n\n<p>\u00abNunca envanecido por el saber, sino siempre edificado por la caridad\u00bb, el fraile dominico al que sus contempor\u00e1neos llamaban el \u00abDoctor Angelicus\u00bb estaba \u00ablleno de maravillosa cultura\u00bb, subraya el Papa en la carta que lleva la fecha del 30 de junio y la firma en San Juan de Letr\u00e1n. \u00abEscribi\u00f3 muchas obras y ense\u00f1\u00f3 innumerables cosas, y estaba bien cualificado en las disciplinas filos\u00f3ficas y teol\u00f3gicas. Brillaba por su recta inteligencia y lucidez, y mientras investigaba reverentemente los misterios divinos, los contemplaba con fe ferviente\u00bb.<\/p>\n\n\n\n<h2 class=\"wp-block-heading\">El Trienio Tomista<\/h2>\n\n\n\n<p>Como en su carta a los obispos de Latina, Sora y Frosinone, publicada el pasado 28 de junio, el Papa Francisco recuerda el trienio tomista en el que se conmemorar\u00e1, adem\u00e1s del 700 aniversario de su canonizaci\u00f3n, el 750 aniversario de su muerte en 2024 y el octavo centenario de su nacimiento en 2025. \u00abCon gran alegr\u00eda del alma y gozo espiritual, hemos aceptado los diversos proyectos de la Iglesia para honrar dignamente el celo del m\u00e1s ilustre Doctor de la santidad y el estudio de la sagrada doctrina\u00bb, escribi\u00f3, a\u00f1adiendo que acept\u00f3 la petici\u00f3n de los obispos Mariano Crociata, p\u00e1rroco de Latina, Terracina, Sezze, Priverno; Gerardo Antonazzo, de Sora, Cassino, Aquino, Pontecorvo; Ambrogio Spreafico, de Frosinone, Veroli, Ferentino y Anagni-Alatri, para que un cardenal presida la celebraci\u00f3n de julio en honor de Santo Tom\u00e1s y pronuncie \u00abpalabras de aliento espiritual\u00bb.<\/p>\n\n\n\n<h2 class=\"wp-block-heading\">La celebraci\u00f3n<\/h2>\n\n\n\n<p>De ah\u00ed el nombramiento de Semeraro, que celebrar\u00e1 la solemne Eucarist\u00eda en la abad\u00eda de Fossanova, el lugar donde el Santo \u00abse durmi\u00f3 en el Se\u00f1or\u00bb. \u00abTodos los participantes en este evento\u00bb, escribe el Pont\u00edfice, \u00abser\u00e1n animados a manifestar su especial amor a Cristo y a su Evangelio con renovada fuerza y nuevo celo a trav\u00e9s de la oraci\u00f3n\u00bb, as\u00ed como a \u00abser ardientes con el celo de la fe en la vida cotidiana\u00bb.<\/p>\n\n\n\n<p>Otros actos<\/p>\n\n\n\n<p>Con ocasi\u00f3n de la publicaci\u00f3n de la carta del Papa -fechada el 19 de junio pero distribuida el d\u00eda 28 a las comunidades, junto con la invitaci\u00f3n a utilizar el texto para \u00abuna atenta reflexi\u00f3n e inspiraci\u00f3n\u00bb-, los obispos Crociata, Antonazzo y Spreafico informaron de otros actos que se celebrar\u00e1n en honor de su patrona. Esta tarde, martes 11 de julio, tendr\u00e1 lugar un encuentro de reflexi\u00f3n en Latina, mientras que el viernes 14 est\u00e1 previsto un momento de oraci\u00f3n en la abad\u00eda de Fossanova. El d\u00eda 18, a las 18.30 horas, a continuaci\u00f3n, como se ha dicho, la celebraci\u00f3n solemne con Semeraro.<\/p>\n\n\n\n<p>Fuente: <a href=\"https:\/\/www.vaticannews.va\/es\/papa\/news\/2023-07\/700-aniversario-santificacion-tomas-aquino-papa-francisco.html\">https:\/\/www.vaticannews.va\/es\/papa\/news\/2023-07\/700-aniversario-santificacion-tomas-aquino-papa-francisco.html<\/a><\/p>\n","protected":false},"excerpt":{"rendered":"<p>Francisco nombra al cardenal Semeraro, prefecto del Dicasterio para las Causas de los Santos, enviado especial a la celebraci\u00f3n del [&hellip;]<\/p>\n","protected":false},"author":1,"featured_media":54583,"comment_status":"open","ping_status":"open","sticky":false,"template":"","format":"standard","meta":{"site-sidebar-layout":"default","site-content-layout":"","ast-site-content-layout":"default","site-content-style":"default","site-sidebar-style":"default","ast-global-header-display":"","ast-banner-title-visibility":"","ast-main-header-display":"","ast-hfb-above-header-display":"","ast-hfb-below-header-display":"","ast-hfb-mobile-header-display":"","site-post-title":"","ast-breadcrumbs-content":"","ast-featured-img":"","footer-sml-layout":"","theme-transparent-header-meta":"","adv-header-id-meta":"","stick-header-meta":"","header-above-stick-meta":"","header-main-stick-meta":"","header-below-stick-meta":"","astra-migrate-meta-layouts":"default","ast-page-background-enabled":"default","ast-page-background-meta":{"desktop":{"background-color":"var(--ast-global-color-4)","background-image":"","background-repeat":"repeat","background-position":"center center","background-size":"auto","background-attachment":"scroll","background-type":"","background-media":"","overlay-type":"","overlay-color":"","overlay-opacity":"","overlay-gradient":""},"tablet":{"background-color":"","background-image":"","background-repeat":"repeat","background-position":"center center","background-size":"auto","background-attachment":"scroll","background-type":"","background-media":"","overlay-type":"","overlay-color":"","overlay-opacity":"","overlay-gradient":""},"mobile":{"background-color":"","background-image":"","background-repeat":"repeat","background-position":"center center","background-size":"auto","background-attachment":"scroll","background-type":"","background-media":"","overlay-type":"","overlay-color":"","overlay-opacity":"","overlay-gradient":""}},"ast-content-background-meta":{"desktop":{"background-color":"var(--ast-global-color-5)","background-image":"","background-repeat":"repeat","background-position":"center center","background-size":"auto","background-attachment":"scroll","background-type":"","background-media":"","overlay-type":"","overlay-color":"","overlay-opacity":"","overlay-gradient":""},"tablet":{"background-color":"var(--ast-global-color-5)","background-image":"","background-repeat":"repeat","background-position":"center center","background-size":"auto","background-attachment":"scroll","background-type":"","background-media":"","overlay-type":"","overlay-color":"","overlay-opacity":"","overlay-gradient":""},"mobile":{"background-color":"var(--ast-global-color-5)","background-image":"","background-repeat":"repeat","background-position":"center center","background-size":"auto","background-attachment":"scroll","background-type":"","background-media":"","overlay-type":"","overlay-color":"","overlay-opacity":"","overlay-gradient":""}},"footnotes":""},"categories":[8],"tags":[17365,7038],"class_list":["post-54582","post","type-post","status-publish","format-standard","has-post-thumbnail","hentry","category-noticias","tag-doctor-angelicus","tag-tomas-de-aquino"],"_links":{"self":[{"href":"https:\/\/losperiodistas.com.mx\/portal\/wp-json\/wp\/v2\/posts\/54582","targetHints":{"allow":["GET"]}}],"collection":[{"href":"https:\/\/losperiodistas.com.mx\/portal\/wp-json\/wp\/v2\/posts"}],"about":[{"href":"https:\/\/losperiodistas.com.mx\/portal\/wp-json\/wp\/v2\/types\/post"}],"author":[{"embeddable":true,"href":"https:\/\/losperiodistas.com.mx\/portal\/wp-json\/wp\/v2\/users\/1"}],"replies":[{"embeddable":true,"href":"https:\/\/losperiodistas.com.mx\/portal\/wp-json\/wp\/v2\/comments?post=54582"}],"version-history":[{"count":1,"href":"https:\/\/losperiodistas.com.mx\/portal\/wp-json\/wp\/v2\/posts\/54582\/revisions"}],"predecessor-version":[{"id":54584,"href":"https:\/\/losperiodistas.com.mx\/portal\/wp-json\/wp\/v2\/posts\/54582\/revisions\/54584"}],"wp:featuredmedia":[{"embeddable":true,"href":"https:\/\/losperiodistas.com.mx\/portal\/wp-json\/wp\/v2\/media\/54583"}],"wp:attachment":[{"href":"https:\/\/losperiodistas.com.mx\/portal\/wp-json\/wp\/v2\/media?parent=54582"}],"wp:term":[{"taxonomy":"category","embeddable":true,"href":"https:\/\/losperiodistas.com.mx\/portal\/wp-json\/wp\/v2\/categories?post=54582"},{"taxonomy":"post_tag","embeddable":true,"href":"https:\/\/losperiodistas.com.mx\/portal\/wp-json\/wp\/v2\/tags?post=54582"}],"curies":[{"name":"wp","href":"https:\/\/api.w.org\/{rel}","templated":true}]}}