{"id":54568,"date":"2023-07-12T05:39:24","date_gmt":"2023-07-12T10:39:24","guid":{"rendered":"http:\/\/losperiodistas.com.mx\/portal\/?p=54568"},"modified":"2023-07-12T05:39:26","modified_gmt":"2023-07-12T10:39:26","slug":"muere-milan-kundera-a-los-94-anos-autor-de-la-insoportable-levedad-del-ser-el-mundo","status":"publish","type":"post","link":"https:\/\/losperiodistas.com.mx\/portal\/muere-milan-kundera-a-los-94-anos-autor-de-la-insoportable-levedad-del-ser-el-mundo\/","title":{"rendered":"Muere Milan Kundera a los 94 a\u00f1os, autor de &#8216;La insoportable levedad del ser&#8217; | El Mundo"},"content":{"rendered":"\n<p class=\"has-pale-cyan-blue-background-color has-background has-medium-font-size\">El escritor checo Milan Kundera fue candidato al Nobel y un activo militante contra el comunismo desde su exilio en Francia<\/p>\n\n\n\n<div class=\"wp-block-image\"><figure class=\"aligncenter size-full\"><img fetchpriority=\"high\" decoding=\"async\" width=\"746\" height=\"533\" src=\"https:\/\/losperiodistas.com.mx\/portal\/wp-content\/uploads\/2023\/07\/16891534981128.jpeg\" alt=\"\" class=\"wp-image-54569\" srcset=\"https:\/\/losperiodistas.com.mx\/portal\/wp-content\/uploads\/2023\/07\/16891534981128.jpeg 746w, https:\/\/losperiodistas.com.mx\/portal\/wp-content\/uploads\/2023\/07\/16891534981128-300x214.jpeg 300w\" sizes=\"(max-width: 746px) 100vw, 746px\" \/><figcaption>El escritor de origen checo Milan Kundera en una calle de Par\u00eds, en abril de 1979.<strong>JEAN-PIERRE COUDERC<\/strong>EM<\/figcaption><\/figure><\/div>\n\n\n\n<p class=\"has-vivid-red-color has-text-color has-medium-font-size\"><strong>LUIS ALEMANY \/ EL MUNDO<\/strong><\/p>\n\n\n\n<p>Hubo una \u00e9poca, en la Europa del fin del siglo pasado, en el que el sentido de la moral de las clases liberales y creativas estuvo marcada por las novelas de&nbsp;<strong>Milan Kundera<\/strong>: el escepticismo humanista hacia el pensamiento fuerte, el individualismo ir\u00f3nico contra un nosotros invasivo, las bromas gamberras tomadas de la contracultura, el hallazgo de la sexualidad como una nueva forma de comunicaci\u00f3n \u00edntima entre las personas, el desacato guas\u00f3n y el refugio en la vieja est\u00e9tica beaux-arts&#8230; \u00ab\u00a1El optimismo es el opio del pueblo! Cualquier atm\u00f3sfera saludable apesta! \u00a1Viva Trotsky!\u00bb, escribi\u00f3 Kundera en el punto clave de&nbsp;<em>La broma<\/em>, su primera novela (1968) y en esas tres frases, que, en efecto, eran&nbsp;<strong>una broma que se dirig\u00eda a la trageda<\/strong>, ya anunci\u00f3 toda su literatura. Kundera (Brno, 1934) muri\u00f3 el martes 11 de julio a los 94 a\u00f1os en Par\u00eds, la ciudad que lo acogi\u00f3 en 1975, cuando el Gobierno checoslovaco lo envi\u00f3 al exilio.<\/p>\n\n\n\n<p>La broma de&nbsp;<em>La broma&nbsp;<\/em>era cosa de amor y pol\u00edtica porque su autor, Ludvik Jahn, era un estudiante checo,&nbsp;<strong>virtuoso militante del Partido Comunista<\/strong>, que en su cortejo a Marketa, su pretendida, le enviaba unas notas chistosas en las que pretend\u00eda presentarse como un rebelde: \u00ab\u00a1Viva Trotsky!\u00bb. Por desgracia, Marketa, la guapa Marketa, era una mujer cuya principal caracter\u00edstica era la ausencia de sentido del humor y&nbsp;<strong>eso hac\u00eda que la broma de Ludvik cayera en las manos equivocadas<\/strong>. Entonces, el buen comunista inicia su ca\u00edda en desgracia, una sucesi\u00f3n de sesiones de autocr\u00edtica que, paso a paso, se iba volviendo una ceremonia de teatro absurdo.<\/p>\n\n\n\n<p><strong>Kundera<\/strong>&nbsp;ha insistido muchas veces en que el absurdo de sus libros habla del amor y del sexo, no del comunismo, pero siempre fue dif\u00edcil abstraerse de la lectura pol\u00edtica de sus novelas. Por edad, al escritor checo le toc\u00f3 vivir la desestalinizaci\u00f3n de su pa\u00eds en su d\u00e9cada de veintea\u00f1ero y pasar la Primavera de Praga con 35 a\u00f1os. Aquel era un mundo menos cerrado de lo que pod\u00eda parecer: exist\u00eda alg\u00fan acceso, limitado pero fascinado,&nbsp;<strong>a la filosof\u00eda y la literatura de vanguardia francesas y al jazz<\/strong>, y hab\u00eda ocasi\u00f3n de redescubrir la tradici\u00f3n art\u00edstica checa de antes de la Guerra y el socialismo: la poes\u00eda modernista, la arquitectura de cuento de Praga, la tradici\u00f3n alemana de Kafka&#8230;<\/p>\n\n\n\n<p>Ese caldo de cultivo se puede entender muy bien en&nbsp;<em>La vida est\u00e1 en otra parte&nbsp;<\/em>(1973), el libro del inolvidable Jaromil que descubri\u00f3 a&nbsp;<strong>Kundera&nbsp;<\/strong>al p\u00fablico occidental. Jaromil era otro personaje sin humor, un ni\u00f1o poeta criado por su madre para que fuese el Arthur Rimbaud de la lengua checa, de la nueva generaci\u00f3n.&nbsp;<strong>Todo le sal\u00eda mal, claro<\/strong>: el Partido Comunista confinaba a la pareja de madre e hijo a una habitaci\u00f3n miserable de su casita burguesa, los compa\u00f1eros de clase de Jaromil se tomaban a broma sus presenciones y el descubrimiento del amor y del sexo iban en contra del odioso proyecto de la madre de Jaromil. La broma, de nuevo, tomaba el camino de la tragedia.<\/p>\n\n\n\n<p><em>El libro de la risa y el olvido&nbsp;<\/em>(1979), el siguiente libro importante de Kundera, fue un conjunto de relatos en los que, parad\u00f3jicamente, hab\u00eda tanto de&nbsp;<strong>cr\u00f3nica pol\u00edtica del desencanto del 68 checoslovaco<\/strong>, como de exploraci\u00f3n en ese absurdo casi m\u00e1gico. Eran los a\u00f1os del Boom latinoamericano y Kundera, ya exiliado, hab\u00eda conectado con su tiempo.<\/p>\n\n\n\n<p>Hasta que su tiempo fue el momento de Kundera.\u00a0<em>La insoportable levedad del ser\u00a0<\/em>(1984) fue la novela de aqyel a\u00f1o en toda Europa y la expresi\u00f3n m\u00e1s compleja de la literatura de Kundera. Qu\u00e9 \u00e9poca aquella en la que los\u00a0<em>best sellers<\/em>\u00a0empezaban como un peque\u00f1o ensayo sobre Nietzsche y sobre el eterno retorno: \u00ab<strong>Si la Revoluci\u00f3n francesa tuviera que repetirse eternamente, la historiograf\u00eda francesa estar\u00eda menos orgullosa de Robespierre<\/strong>. Pero dado que habla de algo que ya no volver\u00e1 a ocurrir, los a\u00f1os sangrientos se convierten en meras palabras, en teor\u00edas, en discusiones, se vuelven m\u00e1s ligeros que una pluma, no dan miedo\u00bb, escrib\u00eda Kundera en las primeras l\u00edneas de\u00a0<em>La insoportable levedad<\/em>.<\/p>\n\n\n\n<p>En esas l\u00edneas estaba el cl\u00e1sico Kundera guas\u00f3n y desmitificador. Dos p\u00e1ginas despu\u00e9s, Kundera presentaba a sus h\u00e9roes: \u00abLo vi [a Tom\u00e1s] de pie junto a la ventana de su piso, mirando a trav\u00e9s del patio hacia la pared del edificio de enfrente, sin saber qu\u00e9 debe hacer. Se encontr\u00f3 por primera vez a Teresa hace unas tres semanas en una peque\u00f1a ciudad checa. Pasaron juntos apenas una hora. Lo acompa\u00f1\u00f3 a la estaci\u00f3n y esper\u00f3 junto a \u00e9l hasta que tom\u00f3 el tren.&nbsp;<strong>Diez d\u00edas m\u00e1s tarde vino a verle a Praga. Hicieron el amor ese mismo d\u00eda<\/strong>. Por la noche le dio fiebre y se qued\u00f3 toda una semana con gripe en su casa\u00bb.<\/p>\n\n\n\n<p>Tom\u00e1s y Teresa est\u00e1n en el recuerdo de cualquier lector de\u00a0<em>La insoportable levedad del ser<\/em>, por m\u00e1s a\u00f1os que hayan pasado, son un mito de amor verdadero, complejo y en parte autodestructivo. Tom\u00e1s era un mujeriego y Teresa intentaba entender por qu\u00e9.<strong>\u00a0\u00bfPorque era un narcisista?\u00a0<\/strong>\u00bfPorque en la intimidad de los amantes encontraba un espacio de moralidad en el que no pod\u00edan entrar los odiosos comisarios pol\u00edticos? \u00bfPorque era su forma de hacerse da\u00f1o a s\u00ed mismo?<\/p>\n\n\n\n<p>Fuente: <a href=\"https:\/\/www.elmundo.es\/cultura\/literatura\/2023\/07\/12\/64ae700ae4d4d82d588b4594.html\">https:\/\/www.elmundo.es\/cultura\/literatura\/2023\/07\/12\/64ae700ae4d4d82d588b4594.html<\/a><\/p>\n","protected":false},"excerpt":{"rendered":"<p>El escritor checo Milan Kundera fue candidato al Nobel y un activo militante contra el comunismo desde su exilio en [&hellip;]<\/p>\n","protected":false},"author":1,"featured_media":54569,"comment_status":"open","ping_status":"open","sticky":false,"template":"","format":"standard","meta":{"site-sidebar-layout":"default","site-content-layout":"","ast-site-content-layout":"default","site-content-style":"default","site-sidebar-style":"default","ast-global-header-display":"","ast-banner-title-visibility":"","ast-main-header-display":"","ast-hfb-above-header-display":"","ast-hfb-below-header-display":"","ast-hfb-mobile-header-display":"","site-post-title":"","ast-breadcrumbs-content":"","ast-featured-img":"","footer-sml-layout":"","theme-transparent-header-meta":"","adv-header-id-meta":"","stick-header-meta":"","header-above-stick-meta":"","header-main-stick-meta":"","header-below-stick-meta":"","astra-migrate-meta-layouts":"default","ast-page-background-enabled":"default","ast-page-background-meta":{"desktop":{"background-color":"var(--ast-global-color-4)","background-image":"","background-repeat":"repeat","background-position":"center center","background-size":"auto","background-attachment":"scroll","background-type":"","background-media":"","overlay-type":"","overlay-color":"","overlay-opacity":"","overlay-gradient":""},"tablet":{"background-color":"","background-image":"","background-repeat":"repeat","background-position":"center center","background-size":"auto","background-attachment":"scroll","background-type":"","background-media":"","overlay-type":"","overlay-color":"","overlay-opacity":"","overlay-gradient":""},"mobile":{"background-color":"","background-image":"","background-repeat":"repeat","background-position":"center center","background-size":"auto","background-attachment":"scroll","background-type":"","background-media":"","overlay-type":"","overlay-color":"","overlay-opacity":"","overlay-gradient":""}},"ast-content-background-meta":{"desktop":{"background-color":"var(--ast-global-color-5)","background-image":"","background-repeat":"repeat","background-position":"center center","background-size":"auto","background-attachment":"scroll","background-type":"","background-media":"","overlay-type":"","overlay-color":"","overlay-opacity":"","overlay-gradient":""},"tablet":{"background-color":"var(--ast-global-color-5)","background-image":"","background-repeat":"repeat","background-position":"center center","background-size":"auto","background-attachment":"scroll","background-type":"","background-media":"","overlay-type":"","overlay-color":"","overlay-opacity":"","overlay-gradient":""},"mobile":{"background-color":"var(--ast-global-color-5)","background-image":"","background-repeat":"repeat","background-position":"center center","background-size":"auto","background-attachment":"scroll","background-type":"","background-media":"","overlay-type":"","overlay-color":"","overlay-opacity":"","overlay-gradient":""}},"footnotes":""},"categories":[8],"tags":[17360],"class_list":["post-54568","post","type-post","status-publish","format-standard","has-post-thumbnail","hentry","category-noticias","tag-milan-kundera"],"_links":{"self":[{"href":"https:\/\/losperiodistas.com.mx\/portal\/wp-json\/wp\/v2\/posts\/54568","targetHints":{"allow":["GET"]}}],"collection":[{"href":"https:\/\/losperiodistas.com.mx\/portal\/wp-json\/wp\/v2\/posts"}],"about":[{"href":"https:\/\/losperiodistas.com.mx\/portal\/wp-json\/wp\/v2\/types\/post"}],"author":[{"embeddable":true,"href":"https:\/\/losperiodistas.com.mx\/portal\/wp-json\/wp\/v2\/users\/1"}],"replies":[{"embeddable":true,"href":"https:\/\/losperiodistas.com.mx\/portal\/wp-json\/wp\/v2\/comments?post=54568"}],"version-history":[{"count":1,"href":"https:\/\/losperiodistas.com.mx\/portal\/wp-json\/wp\/v2\/posts\/54568\/revisions"}],"predecessor-version":[{"id":54570,"href":"https:\/\/losperiodistas.com.mx\/portal\/wp-json\/wp\/v2\/posts\/54568\/revisions\/54570"}],"wp:featuredmedia":[{"embeddable":true,"href":"https:\/\/losperiodistas.com.mx\/portal\/wp-json\/wp\/v2\/media\/54569"}],"wp:attachment":[{"href":"https:\/\/losperiodistas.com.mx\/portal\/wp-json\/wp\/v2\/media?parent=54568"}],"wp:term":[{"taxonomy":"category","embeddable":true,"href":"https:\/\/losperiodistas.com.mx\/portal\/wp-json\/wp\/v2\/categories?post=54568"},{"taxonomy":"post_tag","embeddable":true,"href":"https:\/\/losperiodistas.com.mx\/portal\/wp-json\/wp\/v2\/tags?post=54568"}],"curies":[{"name":"wp","href":"https:\/\/api.w.org\/{rel}","templated":true}]}}