{"id":5455,"date":"2021-03-10T08:41:43","date_gmt":"2021-03-10T14:41:43","guid":{"rendered":"http:\/\/losperiodistas.com.mx\/portal\/?p=5455"},"modified":"2021-03-10T08:41:44","modified_gmt":"2021-03-10T14:41:44","slug":"taylorismo-en-la-buap-a-quien-culpar","status":"publish","type":"post","link":"https:\/\/losperiodistas.com.mx\/portal\/taylorismo-en-la-buap-a-quien-culpar\/","title":{"rendered":"Taylorismo en la BUAP, \u00bfa qui\u00e9n culpar?"},"content":{"rendered":"\n<p class=\"has-vivid-cyan-blue-color has-text-color\" style=\"font-size:26px\"><em>Por Dr. Carlos Figueroa Ibarra<\/em><\/p>\n\n\n\n<p>Observamos en estos d\u00edas un profundo y creciente malestar entre los trabajadores acad\u00e9micos &nbsp;de la Benem\u00e9rita Universidad Aut\u00f3noma de Puebla derivadas de la emisi\u00f3n&nbsp; el 26 de febrero de la convocatoria emitida por la Comisi\u00f3n Institucional de Est\u00edmulos al Desempe\u00f1o del Personal Docente (ESDEPED). &nbsp;Est\u00e1 circulando una carta que expresa ese malestar y demanda sensibilidad, la cual &nbsp;ha sido firmada por 773 acad\u00e9micos de los 2,184 de tiempo completo que tiene la BUAP. El malestar tiene dos vertientes. La primera es que con justa raz\u00f3n los trabajadores acad\u00e9micos sentimos que la referida convocatoria hace caso omiso de las adversas condiciones de trabajo que hemos tenido desde marzo del a\u00f1o pasado cuando la pandemia nos oblig\u00f3 al confinamiento, a la suspensi\u00f3n de muchas de las actividades que regularmente se hac\u00edan y a enfrentar contagios propios y de familiares as\u00ed como decesos. La segunda vertiente tiene que ver con los trabajadores acad\u00e9micos que despu\u00e9s de ser evaluados somos integrantes del Sistema Nacional de Investigadores, del Padr\u00f3n de Investigadores y del Perfil Deseable del Programa para el Desarrollo del Personal Docente (PRODEP), ten\u00edamos derecho a evitarnos a trav\u00e9s de la llamada certificaci\u00f3n, el martirio de recaudaci\u00f3n de farragosos comprobantes para poder acreditar&nbsp; nuestras actividades y obtener los puntajes necesarios para lograr un nivel importante en dichos est\u00edmulos. Esa prerrogativa se cancel\u00f3.<\/p>\n\n\n\n<p>SNI y ESDEPED son las invenciones del neoliberalismo para disminuir dr\u00e1sticamente los salarios de los acad\u00e9micos de las Instituciones de Educaci\u00f3n Superior. Era de esperarse que el Gobierno de la Cuarta Transformaci\u00f3n no pudiera eliminar de tajo ese taylorismo acad\u00e9mico por simples razones presupuestarias.<\/p>\n\n\n\n<p>Lo que resulta inaceptable es que un gobierno de voluntad posneoliberal lo que est\u00e1 haciendo en materia de los ESDEPED es aumentar sus rigores y actuar como si estuvi\u00e9ramos viviendo en tiempos normales. El a\u00f1o pasado las autoridades universitarias lograron que la SEP mantuviera las certificaciones. Este a\u00f1o dicha secretar\u00eda fue implacable. \u00bfA qui\u00e9n culpar de las causas del malestar universitario que hoy presenciamos? Me parece un desprop\u00f3sito culpar a las autoridades universitarias y peor a\u00fan&nbsp; pedir su renuncia como escuch\u00e9 en una de las reuniones de acad\u00e9micos a las que asist\u00ed hace unos d\u00edas. No son ellas las responsables fundamentales de nuestro sufrimiento sino es la Secretar\u00eda de Educaci\u00f3n P\u00fablica. Acaso ni la propia SEP: como le escuch\u00e9 decir en una conferencia al Dr. Luciano Concheiro, Subsecretario de Educaci\u00f3n Superior, &nbsp;la situaci\u00f3n de salarios, nuevas contrataciones, promociones laborales en las IES es decisi\u00f3n de la Secretar\u00eda de Hacienda.<\/p>\n\n\n\n<p>Pero las autoridades de la BUAP pueden hacer algo en relaci\u00f3n a esa convocatoria. En primer lugar pueden actuar con sensibilidad y no con una conducta que implique hacer del concurso por los est\u00edmulos una despiadada carrera de obst\u00e1culos cuyo prop\u00f3sito ser\u00eda ahorrarse dinero bajando los ingresos de lo\/as acad\u00e9mico\/as. Podr\u00edan convocar a una sesi\u00f3n extraordinaria del Consejo Universitario a efecto que este \u00f3rgano manifieste su desacuerdo&nbsp; en relaci\u00f3n a los t\u00e9rminos que la Secretar\u00eda de Educaci\u00f3n P\u00fablica ha dictado para la emisi\u00f3n de la Convocatoria ESDEPED 2021 y demande que se tome en consideraci\u00f3n el a\u00f1o extraordinario que hemos vivido debido a la pandemia y que en consecuencia se cambien los referidos t\u00e9rminos. Podr\u00eda convocar&nbsp; a la comunidad universitaria a una amplia discusi\u00f3n del Reglamento de Est\u00edmulos del Personal Docente de la BUAP a efecto de que este sea modificado en favor de los trabajadores\/as acad\u00e9mico\/as. Finalmente podr\u00eda propiciar una sinergia con el resto de las IES p\u00fablicas&nbsp; para solicitar al Gobierno Federal que los dispositivos destinados a paliar los efectos de&nbsp; las reducciones salariales tales como el ESDEPED sean paulatinamente eliminados y sustituidos por aumentos salariales.<\/p>\n\n\n\n<p>El neoliberalismo condujo a una situaci\u00f3n grav\u00edsima a la educaci\u00f3n p\u00fablica superior en materia de salarios, precarizaci\u00f3n y sobrecarga&nbsp; laboral ya no digamos jubilaciones y otras prestaciones. El problema que hoy vivimos en la BUAP excede ampliamente a la propia universidad. Est\u00e1 vinculado al modelo gerencial, productivista y precarizante que el neoliberalismo impuso a las universidades p\u00fablicas y que ciertamente fue aplicado con entusiasmo por sus autoridades. El Gobierno de la 4T debe empezar a desmantelar dicho modelo en lugar de darle continuidad.<\/p>\n","protected":false},"excerpt":{"rendered":"<p>Por Dr. Carlos Figueroa Ibarra Observamos en estos d\u00edas un profundo y creciente malestar entre los trabajadores acad\u00e9micos &nbsp;de la [&hellip;]<\/p>\n","protected":false},"author":1,"featured_media":3286,"comment_status":"open","ping_status":"open","sticky":false,"template":"","format":"standard","meta":{"site-sidebar-layout":"default","site-content-layout":"","ast-site-content-layout":"default","site-content-style":"default","site-sidebar-style":"default","ast-global-header-display":"","ast-banner-title-visibility":"","ast-main-header-display":"","ast-hfb-above-header-display":"","ast-hfb-below-header-display":"","ast-hfb-mobile-header-display":"","site-post-title":"","ast-breadcrumbs-content":"","ast-featured-img":"","footer-sml-layout":"","theme-transparent-header-meta":"","adv-header-id-meta":"","stick-header-meta":"","header-above-stick-meta":"","header-main-stick-meta":"","header-below-stick-meta":"","astra-migrate-meta-layouts":"default","ast-page-background-enabled":"default","ast-page-background-meta":{"desktop":{"background-color":"var(--ast-global-color-4)","background-image":"","background-repeat":"repeat","background-position":"center center","background-size":"auto","background-attachment":"scroll","background-type":"","background-media":"","overlay-type":"","overlay-color":"","overlay-opacity":"","overlay-gradient":""},"tablet":{"background-color":"","background-image":"","background-repeat":"repeat","background-position":"center center","background-size":"auto","background-attachment":"scroll","background-type":"","background-media":"","overlay-type":"","overlay-color":"","overlay-opacity":"","overlay-gradient":""},"mobile":{"background-color":"","background-image":"","background-repeat":"repeat","background-position":"center center","background-size":"auto","background-attachment":"scroll","background-type":"","background-media":"","overlay-type":"","overlay-color":"","overlay-opacity":"","overlay-gradient":""}},"ast-content-background-meta":{"desktop":{"background-color":"var(--ast-global-color-5)","background-image":"","background-repeat":"repeat","background-position":"center center","background-size":"auto","background-attachment":"scroll","background-type":"","background-media":"","overlay-type":"","overlay-color":"","overlay-opacity":"","overlay-gradient":""},"tablet":{"background-color":"var(--ast-global-color-5)","background-image":"","background-repeat":"repeat","background-position":"center center","background-size":"auto","background-attachment":"scroll","background-type":"","background-media":"","overlay-type":"","overlay-color":"","overlay-opacity":"","overlay-gradient":""},"mobile":{"background-color":"var(--ast-global-color-5)","background-image":"","background-repeat":"repeat","background-position":"center center","background-size":"auto","background-attachment":"scroll","background-type":"","background-media":"","overlay-type":"","overlay-color":"","overlay-opacity":"","overlay-gradient":""}},"footnotes":""},"categories":[22],"tags":[],"class_list":["post-5455","post","type-post","status-publish","format-standard","has-post-thumbnail","hentry","category-opinion-invitada"],"_links":{"self":[{"href":"https:\/\/losperiodistas.com.mx\/portal\/wp-json\/wp\/v2\/posts\/5455","targetHints":{"allow":["GET"]}}],"collection":[{"href":"https:\/\/losperiodistas.com.mx\/portal\/wp-json\/wp\/v2\/posts"}],"about":[{"href":"https:\/\/losperiodistas.com.mx\/portal\/wp-json\/wp\/v2\/types\/post"}],"author":[{"embeddable":true,"href":"https:\/\/losperiodistas.com.mx\/portal\/wp-json\/wp\/v2\/users\/1"}],"replies":[{"embeddable":true,"href":"https:\/\/losperiodistas.com.mx\/portal\/wp-json\/wp\/v2\/comments?post=5455"}],"version-history":[{"count":1,"href":"https:\/\/losperiodistas.com.mx\/portal\/wp-json\/wp\/v2\/posts\/5455\/revisions"}],"predecessor-version":[{"id":5456,"href":"https:\/\/losperiodistas.com.mx\/portal\/wp-json\/wp\/v2\/posts\/5455\/revisions\/5456"}],"wp:featuredmedia":[{"embeddable":true,"href":"https:\/\/losperiodistas.com.mx\/portal\/wp-json\/wp\/v2\/media\/3286"}],"wp:attachment":[{"href":"https:\/\/losperiodistas.com.mx\/portal\/wp-json\/wp\/v2\/media?parent=5455"}],"wp:term":[{"taxonomy":"category","embeddable":true,"href":"https:\/\/losperiodistas.com.mx\/portal\/wp-json\/wp\/v2\/categories?post=5455"},{"taxonomy":"post_tag","embeddable":true,"href":"https:\/\/losperiodistas.com.mx\/portal\/wp-json\/wp\/v2\/tags?post=5455"}],"curies":[{"name":"wp","href":"https:\/\/api.w.org\/{rel}","templated":true}]}}