{"id":54545,"date":"2023-07-11T10:16:11","date_gmt":"2023-07-11T15:16:11","guid":{"rendered":"http:\/\/losperiodistas.com.mx\/portal\/?p=54545"},"modified":"2023-07-11T10:16:13","modified_gmt":"2023-07-11T15:16:13","slug":"monologos-de-menade-la-verificacion-vehicular-el-gran-reto","status":"publish","type":"post","link":"https:\/\/losperiodistas.com.mx\/portal\/monologos-de-menade-la-verificacion-vehicular-el-gran-reto\/","title":{"rendered":"Mon\u00f3logos de M\u00e9nade | La verificaci\u00f3n vehicular, el gran reto"},"content":{"rendered":"\n<figure class=\"wp-block-image size-large is-style-default\"><img fetchpriority=\"high\" decoding=\"async\" width=\"1024\" height=\"576\" src=\"https:\/\/losperiodistas.com.mx\/portal\/wp-content\/uploads\/2023\/07\/la-verificacion-1024x576.jpg\" alt=\"\" class=\"wp-image-54546\" srcset=\"https:\/\/losperiodistas.com.mx\/portal\/wp-content\/uploads\/2023\/07\/la-verificacion-1024x576.jpg 1024w, https:\/\/losperiodistas.com.mx\/portal\/wp-content\/uploads\/2023\/07\/la-verificacion-300x169.jpg 300w, https:\/\/losperiodistas.com.mx\/portal\/wp-content\/uploads\/2023\/07\/la-verificacion-768x432.jpg 768w, https:\/\/losperiodistas.com.mx\/portal\/wp-content\/uploads\/2023\/07\/la-verificacion.jpg 1200w\" sizes=\"(max-width: 1024px) 100vw, 1024px\" \/><\/figure>\n\n\n\n<p><\/p>\n\n\n\n<p class=\"has-vivid-red-color has-text-color\" style=\"font-size:26px\"><strong><em>Por Itandehui Rodr\u00edguez Mart\u00ednez<\/em><\/strong><\/p>\n\n\n\n<p>@Itandehui_RoMa<\/p>\n\n\n\n<p>S\u00ed, son datos de 2021, evidentemente debe haber un incremento en el n\u00famero total de veh\u00edculos que circulan en Puebla, pero en ese a\u00f1o, el INEGI registr\u00f3 que en nuestro hermoso estado hab\u00eda 1,209,348 unidades recorriendo las calles y carreteras poblanas. Sin duda la verificaci\u00f3n de todos estos ese el m\u00e1s grande reto de la administraci\u00f3n de Sergio Salom\u00f3n C\u00e9spedes Peregrina.<\/p>\n\n\n\n<p>En Puebla tenemos un problema que venimos arrastrando de a\u00f1os y que no hab\u00eda manera de arreglar en un par de meses. Es m\u00e1s, les puedo apostar que la pr\u00f3rroga para verificar, tendr\u00e1 que ampliarse en varias ocasiones. Num\u00e9ricamente es imposible que en 30 d\u00edas logremos la meta, como en el Telet\u00f3n. Y es que hay 16 centros de verificaci\u00f3n para atender a este universo de veh\u00edculos.<\/p>\n\n\n\n<p>En marzo hab\u00edan verificado 293 mil veh\u00edculos, para mayo, 340 mil, esto quiere decir que, bimestralmente, pueden verificar m\u00e1s o menos unos 50 mil veh\u00edculos. Supongamos que cada verificentro pudiera revisar a 150 veh\u00edculos diariamente, considerando que en el estado hay 16 y si tomamos en cuenta meses de 30 d\u00edas, entonces mensualmente se podr\u00edan verificar a 72 mil autos.<\/p>\n\n\n\n<p>Pero tenemos un universo de 1 mill\u00f3n 200 mil autos, es decir, se requerir\u00eda de a\u00f1os de 16 meses para que todos pudi\u00e9ramos pasar por un centro de verificaci\u00f3n. Eso sin considerar que se tiene que verificar dos veces por a\u00f1o.<\/p>\n\n\n\n<p>Adem\u00e1s, hay otro peque\u00f1o detalle y es que, muchos usuarios no est\u00e1n acudiendo a cumplir con su obligaci\u00f3n no por falta de ganas, sino por falta de recursos.<\/p>\n\n\n\n<p>Hay muchas variables que deben ser consideradas por las autoridades antes de empezar a multar a los contribuyentes.<\/p>\n\n\n\n<p>\u00bfCu\u00e1les?<\/p>\n\n\n\n<p>Por ejemplo, el uso de los veh\u00edculos. Hay una gran cantidad de campesinos que tienen unidades que ni yendo a bailar a Chalma pasar\u00edan por las pruebas. Dejarlos sin sus veh\u00edculos implica ahorcarlos y dejarlos sin ingresos.<\/p>\n\n\n\n<p>Renovar las unidades del transporte p\u00fablico ha sido el gran sue\u00f1o de Puebla. Hemos escuchado administraci\u00f3n tras administraci\u00f3n que se generar\u00e1n las condiciones para lograrlo, pero hay camiones circulando que estaban en exhibici\u00f3n en las concesionarias cuando yo estaba en la secundaria.<\/p>\n\n\n\n<p>Soy la primera en agradecer que se tomen estas medidas en favor del medio ambiente. Ya les he dicho que no soy una mujer normal y que padezco de una serie de fobias. Adem\u00e1s muchas cosas me producen ansiedad, entre ellas las repercusiones del cambio clim\u00e1tico.<\/p>\n\n\n\n<p>Mucho depender\u00e1 de la buena voluntad de los due\u00f1os de veh\u00edculos en Puebla, porque nos encanta dejar todo para la \u00faltima hora.<\/p>\n\n\n\n<p>Pero, adem\u00e1s, urge la apertura de m\u00e1s verificentros, por lo menos el doble, que permitan aspirar a acariciar la meta en los tiempos adecuados.<\/p>\n","protected":false},"excerpt":{"rendered":"<p>Por Itandehui Rodr\u00edguez Mart\u00ednez @Itandehui_RoMa S\u00ed, son datos de 2021, evidentemente debe haber un incremento en el n\u00famero total de [&hellip;]<\/p>\n","protected":false},"author":1,"featured_media":54546,"comment_status":"open","ping_status":"open","sticky":false,"template":"","format":"standard","meta":{"site-sidebar-layout":"default","site-content-layout":"","ast-site-content-layout":"default","site-content-style":"default","site-sidebar-style":"default","ast-global-header-display":"","ast-banner-title-visibility":"","ast-main-header-display":"","ast-hfb-above-header-display":"","ast-hfb-below-header-display":"","ast-hfb-mobile-header-display":"","site-post-title":"","ast-breadcrumbs-content":"","ast-featured-img":"","footer-sml-layout":"","theme-transparent-header-meta":"","adv-header-id-meta":"","stick-header-meta":"","header-above-stick-meta":"","header-main-stick-meta":"","header-below-stick-meta":"","astra-migrate-meta-layouts":"default","ast-page-background-enabled":"default","ast-page-background-meta":{"desktop":{"background-color":"var(--ast-global-color-4)","background-image":"","background-repeat":"repeat","background-position":"center center","background-size":"auto","background-attachment":"scroll","background-type":"","background-media":"","overlay-type":"","overlay-color":"","overlay-opacity":"","overlay-gradient":""},"tablet":{"background-color":"","background-image":"","background-repeat":"repeat","background-position":"center center","background-size":"auto","background-attachment":"scroll","background-type":"","background-media":"","overlay-type":"","overlay-color":"","overlay-opacity":"","overlay-gradient":""},"mobile":{"background-color":"","background-image":"","background-repeat":"repeat","background-position":"center center","background-size":"auto","background-attachment":"scroll","background-type":"","background-media":"","overlay-type":"","overlay-color":"","overlay-opacity":"","overlay-gradient":""}},"ast-content-background-meta":{"desktop":{"background-color":"var(--ast-global-color-5)","background-image":"","background-repeat":"repeat","background-position":"center center","background-size":"auto","background-attachment":"scroll","background-type":"","background-media":"","overlay-type":"","overlay-color":"","overlay-opacity":"","overlay-gradient":""},"tablet":{"background-color":"var(--ast-global-color-5)","background-image":"","background-repeat":"repeat","background-position":"center center","background-size":"auto","background-attachment":"scroll","background-type":"","background-media":"","overlay-type":"","overlay-color":"","overlay-opacity":"","overlay-gradient":""},"mobile":{"background-color":"var(--ast-global-color-5)","background-image":"","background-repeat":"repeat","background-position":"center center","background-size":"auto","background-attachment":"scroll","background-type":"","background-media":"","overlay-type":"","overlay-color":"","overlay-opacity":"","overlay-gradient":""}},"footnotes":""},"categories":[21,22],"tags":[17359],"class_list":["post-54545","post","type-post","status-publish","format-standard","has-post-thumbnail","hentry","category-opinion","category-opinion-invitada","tag-vereficentros"],"_links":{"self":[{"href":"https:\/\/losperiodistas.com.mx\/portal\/wp-json\/wp\/v2\/posts\/54545","targetHints":{"allow":["GET"]}}],"collection":[{"href":"https:\/\/losperiodistas.com.mx\/portal\/wp-json\/wp\/v2\/posts"}],"about":[{"href":"https:\/\/losperiodistas.com.mx\/portal\/wp-json\/wp\/v2\/types\/post"}],"author":[{"embeddable":true,"href":"https:\/\/losperiodistas.com.mx\/portal\/wp-json\/wp\/v2\/users\/1"}],"replies":[{"embeddable":true,"href":"https:\/\/losperiodistas.com.mx\/portal\/wp-json\/wp\/v2\/comments?post=54545"}],"version-history":[{"count":1,"href":"https:\/\/losperiodistas.com.mx\/portal\/wp-json\/wp\/v2\/posts\/54545\/revisions"}],"predecessor-version":[{"id":54547,"href":"https:\/\/losperiodistas.com.mx\/portal\/wp-json\/wp\/v2\/posts\/54545\/revisions\/54547"}],"wp:featuredmedia":[{"embeddable":true,"href":"https:\/\/losperiodistas.com.mx\/portal\/wp-json\/wp\/v2\/media\/54546"}],"wp:attachment":[{"href":"https:\/\/losperiodistas.com.mx\/portal\/wp-json\/wp\/v2\/media?parent=54545"}],"wp:term":[{"taxonomy":"category","embeddable":true,"href":"https:\/\/losperiodistas.com.mx\/portal\/wp-json\/wp\/v2\/categories?post=54545"},{"taxonomy":"post_tag","embeddable":true,"href":"https:\/\/losperiodistas.com.mx\/portal\/wp-json\/wp\/v2\/tags?post=54545"}],"curies":[{"name":"wp","href":"https:\/\/api.w.org\/{rel}","templated":true}]}}