{"id":54541,"date":"2023-07-11T09:25:06","date_gmt":"2023-07-11T14:25:06","guid":{"rendered":"http:\/\/losperiodistas.com.mx\/portal\/?p=54541"},"modified":"2023-07-11T09:26:19","modified_gmt":"2023-07-11T14:26:19","slug":"san-benito-abad-el-exorcista-por-excelencia-aleteia","status":"publish","type":"post","link":"https:\/\/losperiodistas.com.mx\/portal\/san-benito-abad-el-exorcista-por-excelencia-aleteia\/","title":{"rendered":"San Benito Abad, el exorcista por excelencia | Aleteia"},"content":{"rendered":"\n<p class=\"has-background has-medium-font-size\" style=\"background-color:#3df1cc\">Un santo tan extraordinario que inspir\u00f3 una medalla que lleva su nombre<\/p>\n\n\n\n<div class=\"wp-block-image is-style-default\"><figure class=\"aligncenter size-large\"><img fetchpriority=\"high\" decoding=\"async\" width=\"1024\" height=\"577\" src=\"https:\/\/losperiodistas.com.mx\/portal\/wp-content\/uploads\/2023\/07\/Captura-de-Pantalla-2023-07-11-a-las-8.02.54-1024x577.jpg\" alt=\"\" class=\"wp-image-54542\" srcset=\"https:\/\/losperiodistas.com.mx\/portal\/wp-content\/uploads\/2023\/07\/Captura-de-Pantalla-2023-07-11-a-las-8.02.54-1024x577.jpg 1024w, https:\/\/losperiodistas.com.mx\/portal\/wp-content\/uploads\/2023\/07\/Captura-de-Pantalla-2023-07-11-a-las-8.02.54-300x169.jpg 300w, https:\/\/losperiodistas.com.mx\/portal\/wp-content\/uploads\/2023\/07\/Captura-de-Pantalla-2023-07-11-a-las-8.02.54-768x433.jpg 768w, https:\/\/losperiodistas.com.mx\/portal\/wp-content\/uploads\/2023\/07\/Captura-de-Pantalla-2023-07-11-a-las-8.02.54.jpg 1242w\" sizes=\"(max-width: 1024px) 100vw, 1024px\" \/><figcaption>Public domain<\/figcaption><\/figure><\/div>\n\n\n\n<p class=\"has-vivid-red-color has-text-color has-medium-font-size\"><strong>DOLORS MASSOT \/ ALETEIA<\/strong><\/p>\n\n\n\n<p class=\"has-drop-cap\">De los primeros a\u00f1os de san Benito tenemos datos gracias a los&nbsp;<em>Di\u00e1logos<\/em>&nbsp;de san Gregorio Magno, escritos en el siglo VI.<\/p>\n\n\n\n<p>Benito naci\u00f3 en el a\u00f1o 480 en la familia Anicia, en&nbsp;<a href=\"https:\/\/www.google.com\/maps\/place\/06046+Nursia,+Perusa,+Italia\/@42.7889421,13.0767021,14z\/data=!3m1!4b1!4m5!3m4!1s0x132e6be8fc647d55:0xc6d848face77faec!8m2!3d42.7916746!4d13.0947335\" target=\"_blank\" rel=\"noreferrer noopener\">Nursia<\/a>, en la regi\u00f3n de Umbr\u00eda (en la actual Italia). Su hermana gemela, Escol\u00e1stica, se consagr\u00f3 a Dios ya en su infancia.&nbsp;<strong>\u00c9l fue enviado en la adolescencia a Roma para recibir instrucci\u00f3n.&nbsp;<\/strong>Pero al ver la degradaci\u00f3n de la ciudad que hasta entonces hab\u00eda sido la capital del Imperio y del mundo, decidi\u00f3 abandonarla.<\/p>\n\n\n\n<h3 class=\"wp-block-heading\">Inician los milagros<\/h3>\n\n\n\n<p>La nodriza que le hab\u00eda acompa\u00f1ado a Roma por decisi\u00f3n paterna sigui\u00f3 trabajando para \u00e9l. Era la \u00fanica que sab\u00eda que Benito se marchaba. Se dirigieron al poblado de<strong>&nbsp;Enfide (hoy Affile<\/strong>), en las monta\u00f1as, a unos 50 kil\u00f3metros de Roma.&nbsp; All\u00ed vio con claridad que Dios le ped\u00eda que abandonara el mundo y llevara vida de&nbsp;<strong>ermita\u00f1o<\/strong>.<\/p>\n\n\n\n<p>En ese momento, la nodriza ya se hab\u00eda percatado del poder de origen divino del joven san Benito. Y es que a ella le hab\u00edan prestado una pieza de cer\u00e1mica, que se le cay\u00f3 y se rompi\u00f3. Benito milagrosamente restaur\u00f3 el objeto.<\/p>\n\n\n\n<h3 class=\"wp-block-heading\">Comienza su vida mon\u00e1stica<\/h3>\n\n\n\n<p>Benito decidi\u00f3 entonces marcharse, esta vez solo, hasta que lleg\u00f3 a&nbsp;<strong>Subiaco<\/strong>. All\u00ed se encontr\u00f3 con un monje llamado Romano, quien viv\u00eda en un monasterio. Le explic\u00f3 su deseo y Romano le ayud\u00f3: lo llev\u00f3 a una cueva y le dio unas vestimentas de piel de animal.<\/p>\n\n\n\n<p>La cueva estaba en una monta\u00f1a de dif\u00edcil acceso. All\u00ed vivi\u00f3 tres a\u00f1os y Romano le llevaba a diario la comida, que hac\u00eda llegar con una cuerda.<\/p>\n\n\n\n<h3 class=\"wp-block-heading\">Ataques y tentaciones vencidas<\/h3>\n\n\n\n<p>Dos an\u00e9cdotas nos hacen entender la naturaleza de este gran santo:<\/p>\n\n\n\n<p>En un monasterio cercano falleci\u00f3 el abad. Los monjes, que admiraban a Benito, le pidieron que fuera su sucesor.&nbsp;Benito accedi\u00f3, pero el estilo de vida que propon\u00eda no cuaj\u00f3 entre ellos. Arrepentidos de su elecci\u00f3n,&nbsp;<strong>intentaron envenenarlo con vino,&nbsp; pero al ofrecerle el vaso, \u00e9l le hizo la se\u00f1al de la cruz y el vaso se rompi\u00f3 en tantos pedazos como si le hubieran tirado una pedrada.<\/strong><\/p>\n\n\n\n<p>En otra ocasi\u00f3n, el maligno le present\u00f3 una tentaci\u00f3n carnal muy violenta. Record\u00f3 a una mujer, conocida tiempo atr\u00e1s, y se sinti\u00f3 inmediatamente inflamado por una pasi\u00f3n incontrolable.&nbsp; Para dominarse, el santo se quit\u00f3 la ropa, y desnudo, se arroj\u00f3 sobre un gran matorral de espinas. Herido en su carne, pero curado en el alma, nunca m\u00e1s volvi\u00f3 a sufrir ese tipo de tentaciones.<\/p>\n\n\n\n<h3 class=\"wp-block-heading\">Encuentros con el maligno<\/h3>\n\n\n\n<p>Durante toda su vida, San Benito presenci\u00f3 el influjo del demonio sobre personas cercanas a \u00e9l, pero siempre fue vencido por el santo.&nbsp;<\/p>\n\n\n\n<p>Un d\u00eda, Benito es llamado a uno de los monasterios fundados por \u00e9l.&nbsp;Hab\u00eda un monje que no pod\u00eda permanecer en oraci\u00f3n dentro de la capilla, ya lo hab\u00eda amonestado su abad y fue enviado con Benito, que tambi\u00e9n le llam\u00f3 la atenci\u00f3n.&nbsp; Solo dur\u00f3 dos d\u00edas el efecto del rega\u00f1o, por lo que el santo decidi\u00f3 ir personalmente a ver qu\u00e9 pasaba.&nbsp;<\/p>\n\n\n\n<p>Cuando todos estaban dentro del oratorio, un \u00abchiquillo negro\u00bb, como lo describe San Gregorio Magno, lo tomaba de la orilla del vestido y lo arrastraba afuera, donde se distra\u00eda en cosas terrenas e in\u00fatiles. Luego de orar tres d\u00edas junto a los miembros del monasterio, San Benito sale del oratorio y cuando encuentra al monje, lo golpea con su bast\u00f3n para curar la ceguera de su coraz\u00f3n, quedando liberado para siempre del distractor.<\/p>\n\n\n\n<h3 class=\"wp-block-heading\">Fundaci\u00f3n de monasterios y Regla Benedictina<\/h3>\n\n\n\n<p>San Benito, al que se le conoce cada vez m\u00e1s por sus milagros, decide regresar a Subiaco para evitar m\u00e1s tentaciones. All\u00ed estuvo 30 a\u00f1os predicando \u00abla Palabra del Se\u00f1or\u00bb. En el a\u00f1o 530 fund\u00f3 el monasterio de Monte Cassino, entre Roma y N\u00e1poles. Cre\u00f3 trece monasterios cerca de Subiaco y en cada uno de ellos hab\u00eda 12 monjes con su propio abad. Compuso su propia regla, la Regla Benedictina.<\/p>\n\n\n\n<p>Su lema, que permanece hasta nuestros d\u00edas,<strong><em>Ora et Labora<\/em><\/strong>, hace referencia a una vida monacal en la que se combinan trabajos con la intensa vida de piedad, en pleno apartamiento del mundo.<\/p>\n\n\n\n<p>Su fiesta se celebra el 11 de julio.<\/p>\n\n\n\n<figure class=\"wp-block-image is-style-default\"><img decoding=\"async\" src=\"https:\/\/wp.es.aleteia.org\/wp-content\/uploads\/sites\/7\/2020\/06\/web3-sofia-casanova-03-wikipedia-pd.jpg?w=300&amp;h=169&amp;crop=1\" alt=\"SOFIA CASANOVA\"\/><\/figure>\n\n\n\n<p><em>Te puede interesar:<\/em><a href=\"https:\/\/es.aleteia.org\/2020\/06\/04\/sofia-casanova-una-pionera-del-periodismo-de-guerra\/\">Sof\u00eda Casanova: Una pionera del periodismo de guerra<\/a><\/p>\n\n\n\n<h3 class=\"wp-block-heading\">Oraci\u00f3n<\/h3>\n\n\n\n<p>Conc\u00e9denos, Dios todopoderoso, que el ejemplo de san Benito, patrono de Europa, nos estimule a una vida m\u00e1s perfecta para responder fielmente a nuestra vocaci\u00f3n. Por Jesucristo nuestro Se\u00f1or.<\/p>\n\n\n\n<p>Puedes leer otras vidas de santos&nbsp;<a href=\"https:\/\/es.aleteia.org\/tag\/santoral\/\">aqu\u00ed.<\/a><\/p>\n\n\n\n<figure class=\"wp-block-image is-style-default\"><img decoding=\"async\" src=\"https:\/\/wp.es.aleteia.org\/wp-content\/uploads\/sites\/7\/2018\/08\/web-meme-en-st-clement-of-alexandria-2-public-domain.jpg?w=300&amp;h=169&amp;crop=1\" alt=\"PRAY\"\/><\/figure>\n\n\n\n<p><em>Te puede interesar:<\/em><a href=\"https:\/\/es.aleteia.org\/2018\/09\/06\/la-oracion-escrita-por-san-benito-para-poder-llegar-a-dios\/\">La oraci\u00f3n escrita por san Benito para poder llegar a Dios<\/a><\/p>\n\n\n\n<p>Fuente: <a href=\"https:\/\/es.aleteia.org\/2023\/07\/11\/san-benito-abad-patron-de-europa-y-patriarca-del-monacato-occidental\/\">https:\/\/es.aleteia.org\/2023\/07\/11\/san-benito-abad-patron-de-europa-y-patriarca-del-monacato-occidental\/<\/a><\/p>\n","protected":false},"excerpt":{"rendered":"<p>Un santo tan extraordinario que inspir\u00f3 una medalla que lleva su nombre DOLORS MASSOT \/ ALETEIA De los primeros a\u00f1os [&hellip;]<\/p>\n","protected":false},"author":1,"featured_media":54542,"comment_status":"open","ping_status":"open","sticky":false,"template":"","format":"standard","meta":{"site-sidebar-layout":"default","site-content-layout":"","ast-site-content-layout":"default","site-content-style":"default","site-sidebar-style":"default","ast-global-header-display":"","ast-banner-title-visibility":"","ast-main-header-display":"","ast-hfb-above-header-display":"","ast-hfb-below-header-display":"","ast-hfb-mobile-header-display":"","site-post-title":"","ast-breadcrumbs-content":"","ast-featured-img":"","footer-sml-layout":"","theme-transparent-header-meta":"","adv-header-id-meta":"","stick-header-meta":"","header-above-stick-meta":"","header-main-stick-meta":"","header-below-stick-meta":"","astra-migrate-meta-layouts":"default","ast-page-background-enabled":"default","ast-page-background-meta":{"desktop":{"background-color":"var(--ast-global-color-4)","background-image":"","background-repeat":"repeat","background-position":"center center","background-size":"auto","background-attachment":"scroll","background-type":"","background-media":"","overlay-type":"","overlay-color":"","overlay-opacity":"","overlay-gradient":""},"tablet":{"background-color":"","background-image":"","background-repeat":"repeat","background-position":"center center","background-size":"auto","background-attachment":"scroll","background-type":"","background-media":"","overlay-type":"","overlay-color":"","overlay-opacity":"","overlay-gradient":""},"mobile":{"background-color":"","background-image":"","background-repeat":"repeat","background-position":"center center","background-size":"auto","background-attachment":"scroll","background-type":"","background-media":"","overlay-type":"","overlay-color":"","overlay-opacity":"","overlay-gradient":""}},"ast-content-background-meta":{"desktop":{"background-color":"var(--ast-global-color-5)","background-image":"","background-repeat":"repeat","background-position":"center center","background-size":"auto","background-attachment":"scroll","background-type":"","background-media":"","overlay-type":"","overlay-color":"","overlay-opacity":"","overlay-gradient":""},"tablet":{"background-color":"var(--ast-global-color-5)","background-image":"","background-repeat":"repeat","background-position":"center center","background-size":"auto","background-attachment":"scroll","background-type":"","background-media":"","overlay-type":"","overlay-color":"","overlay-opacity":"","overlay-gradient":""},"mobile":{"background-color":"var(--ast-global-color-5)","background-image":"","background-repeat":"repeat","background-position":"center center","background-size":"auto","background-attachment":"scroll","background-type":"","background-media":"","overlay-type":"","overlay-color":"","overlay-opacity":"","overlay-gradient":""}},"footnotes":""},"categories":[8],"tags":[17357,17358],"class_list":["post-54541","post","type-post","status-publish","format-standard","has-post-thumbnail","hentry","category-noticias","tag-regla-de-san-benito","tag-san-benito-abad"],"_links":{"self":[{"href":"https:\/\/losperiodistas.com.mx\/portal\/wp-json\/wp\/v2\/posts\/54541","targetHints":{"allow":["GET"]}}],"collection":[{"href":"https:\/\/losperiodistas.com.mx\/portal\/wp-json\/wp\/v2\/posts"}],"about":[{"href":"https:\/\/losperiodistas.com.mx\/portal\/wp-json\/wp\/v2\/types\/post"}],"author":[{"embeddable":true,"href":"https:\/\/losperiodistas.com.mx\/portal\/wp-json\/wp\/v2\/users\/1"}],"replies":[{"embeddable":true,"href":"https:\/\/losperiodistas.com.mx\/portal\/wp-json\/wp\/v2\/comments?post=54541"}],"version-history":[{"count":2,"href":"https:\/\/losperiodistas.com.mx\/portal\/wp-json\/wp\/v2\/posts\/54541\/revisions"}],"predecessor-version":[{"id":54544,"href":"https:\/\/losperiodistas.com.mx\/portal\/wp-json\/wp\/v2\/posts\/54541\/revisions\/54544"}],"wp:featuredmedia":[{"embeddable":true,"href":"https:\/\/losperiodistas.com.mx\/portal\/wp-json\/wp\/v2\/media\/54542"}],"wp:attachment":[{"href":"https:\/\/losperiodistas.com.mx\/portal\/wp-json\/wp\/v2\/media?parent=54541"}],"wp:term":[{"taxonomy":"category","embeddable":true,"href":"https:\/\/losperiodistas.com.mx\/portal\/wp-json\/wp\/v2\/categories?post=54541"},{"taxonomy":"post_tag","embeddable":true,"href":"https:\/\/losperiodistas.com.mx\/portal\/wp-json\/wp\/v2\/tags?post=54541"}],"curies":[{"name":"wp","href":"https:\/\/api.w.org\/{rel}","templated":true}]}}