{"id":54526,"date":"2023-07-11T07:42:01","date_gmt":"2023-07-11T12:42:01","guid":{"rendered":"http:\/\/losperiodistas.com.mx\/portal\/?p=54526"},"modified":"2023-07-11T07:42:03","modified_gmt":"2023-07-11T12:42:03","slug":"mc-condiciona-apoyo-a-xochitl-presentan-plataforma-de-mexicolectivo-excelsior","status":"publish","type":"post","link":"https:\/\/losperiodistas.com.mx\/portal\/mc-condiciona-apoyo-a-xochitl-presentan-plataforma-de-mexicolectivo-excelsior\/","title":{"rendered":"MC condiciona apoyo a X\u00f3chitl; presentan plataforma de Mexicolectivo | Exc\u00e9lsior"},"content":{"rendered":"\n<h2 class=\"has-luminous-vivid-orange-background-color has-background has-medium-font-size wp-block-heading\">Movimiento Ciudadano apoyar\u00eda a la senadora panista si es definida candidata a la Presidencia mediante un proceso sin simulaciones, afirma Dante Delgado<\/h2>\n\n\n\n<figure class=\"wp-block-image size-full is-style-default\"><img fetchpriority=\"high\" decoding=\"async\" width=\"800\" height=\"600\" src=\"https:\/\/losperiodistas.com.mx\/portal\/wp-content\/uploads\/2023\/07\/2976203.jpeg\" alt=\"\" class=\"wp-image-54527\" srcset=\"https:\/\/losperiodistas.com.mx\/portal\/wp-content\/uploads\/2023\/07\/2976203.jpeg 800w, https:\/\/losperiodistas.com.mx\/portal\/wp-content\/uploads\/2023\/07\/2976203-300x225.jpeg 300w, https:\/\/losperiodistas.com.mx\/portal\/wp-content\/uploads\/2023\/07\/2976203-768x576.jpeg 768w\" sizes=\"(max-width: 800px) 100vw, 800px\" \/><figcaption>Dante Delgado afirm\u00f3 que no bajar\u00e1 los brazos en su lucha de 30 a\u00f1os contra el r\u00e9gimen y que el cambio lleva tiempo, pero se puede lograr desde otro lugar. Fotos: P\u00e1vel Jurado<\/figcaption><\/figure>\n\n\n\n<p class=\"has-vivid-red-color has-text-color has-medium-font-size\"><strong>AURORA ZEPEDA \/ EXC\u00c9LSIOR<\/strong><\/p>\n\n\n\n<p>Movimiento Ciudadano entreabri\u00f3 la puerta a apoyar una posible candidatura de&nbsp;<strong>X\u00f3chitl G\u00e1lvez&nbsp;<\/strong>a la&nbsp;<strong>Presidencia de la Rep\u00fablica de 2024<\/strong>.<\/p>\n\n\n\n<p>Luego de que en d\u00edas pasados afirm\u00f3 que con el PRI no ir\u00eda \u201cni a la esquina\u201d y que MC no se subir\u00eda al \u201c<em>Titanic<\/em>\u00a0de la alianza opositora\u201d, Dante Delgado, l\u00edder nacional del partido, declar\u00f3 que respaldar\u00edan a G\u00e1lvez s\u00f3lo si su candidatura surgiera de un proceso democr\u00e1tico y no de una \u201csimulaci\u00f3n\u201d.\u00a0<\/p>\n\n\n\n<blockquote class=\"wp-block-quote is-layout-flow wp-block-quote-is-layout-flow\"><p>Primero tendr\u00eda que darse un proceso, si fuera un proceso democr\u00e1tico, primero se tiene que dar, y no se ha dado, todo es parte de la simulaci\u00f3n y de las viejas pr\u00e1cticas y es \u00e9sa, simular ante la sociedad\u2026\u201d, se\u00f1al\u00f3 Delgado Rannauro tras participar como orador final en la presentaci\u00f3n de la visi\u00f3n para M\u00e9xico de la organizaci\u00f3n Mexicolectivo.<\/p><\/blockquote>\n\n\n\n<p>En declaraciones a los medios, el dirigente nacional de&nbsp;<strong>Movimiento Ciudadano&nbsp;<\/strong>subray\u00f3 que su partido no est\u00e1 dividido ante el tema de una posible candidatura de X\u00f3chitl G\u00e1lvez.<\/p>\n\n\n\n<p>La visi\u00f3n, documento que la organizaci\u00f3n entregar\u00e1 a los candidatos presidenciales, integra decenas de propuestas sobre seis ejes tem\u00e1ticos: Prosperidad, Calidad de Vida, Diversidad e inclusi\u00f3n, Medio ambiente y sustentabilidad, Paz y Estado de Derecho, y M\u00e9xico Global.<\/p>\n\n\n\n<h2 class=\"wp-block-heading\"><strong>DELGADO: S\u00cd A X\u00d3CHITL SI NO HAY SIMULACI\u00d3N<\/strong><\/h2>\n\n\n\n<p>El l\u00edder nacional de MC, Dante Delgado, asegur\u00f3 que su partido no est\u00e1 dividido con el tema de una posible candidatura de X\u00f3chitl G\u00e1lvez, pues s\u00f3lo hay \u201cdiferencia de opiniones\u201d, pero afirm\u00f3 que la apoyar\u00edan s\u00f3lo si surgiera de un proceso democr\u00e1tico y no de una \u201csimulaci\u00f3n\u201d.<\/p>\n\n\n\n<p>En charla con los medios y al cuestion\u00e1rsele si van con X\u00f3chitl, el l\u00edder de Movimiento Ciudadano contest\u00f3: \u201c\u00a1Por favor!, primero tendr\u00eda que darse un proceso, si fuera un proceso democr\u00e1tico, primero se tiene que dar, y no se ha dado, todo es parte de la simulaci\u00f3n y de las viejas pr\u00e1cticas y es esa, simular ante la sociedad\u201d.<\/p>\n\n\n\n<p>Antes, como orador final de la presentaci\u00f3n de la visi\u00f3n para M\u00e9xico de la organizaci\u00f3n Mexicolectivo, se refiri\u00f3 a los \u201cansiosos\u201d que no ven opciones nuevas, pero quieren sacar del poder al actual gobierno.<\/p>\n\n\n\n<p>Coment\u00f3 que \u201cde coraz\u00f3n entiendo la ansiedad de c\u00fapulas y bien pensantes que en su af\u00e1n por detener al r\u00e9gimen actual se ven seducidos por el espejismo de las promesas de la vieja pol\u00edtica, les pido paciencia, serenidad y confianza\u201d.<\/p>\n\n\n\n<p>Agreg\u00f3 que no bajar\u00e1 los brazos en su lucha de 30 a\u00f1os contra el r\u00e9gimen y que el cambio lleva tiempo, pero se puede lograr desde otro lugar.<\/p>\n\n\n\n<p>Los comentarios de Dante se dan luego de que emecistas como el gobernador de Jalisco, Enrique Alfaro, y el senador Clemente Casta\u00f1eda abrieran las puertas para dialogar sobre una eventual alianza&nbsp; con PAN, PRI y PRD, a lo que Delgado reiter\u00f3 que con el PRI ni a la esquina y que no se iba a subir al&nbsp;<em>Titanic<\/em>&nbsp;de la alianza opositora.<\/p>\n\n\n\n<p>Respeto a la presentaci\u00f3n de la visi\u00f3n para M\u00e9xico de la organizaci\u00f3n Mexicolectivo, \u00e9sta conjunt\u00f3 a personalidades de la pol\u00edtica y la academia como Jos\u00e9 Narro, Diego Valad\u00e9s, Patricia Mercado, Claudia Ruiz Massieu, Omar Fayad, Olga Pellicer, Katya D\u2019Artigues, V\u00edctor Borr\u00e1s, entre muchos m\u00e1s.<\/p>\n\n\n\n<p>En el Pepsi Center del World Trade Center, Mexicolectivo present\u00f3 decenas de propuestas sobre seis ejes tem\u00e1ticos, propuestas que se recogieron en los 32 estados del pa\u00eds para construir la Visi\u00f3n que se entregar\u00e1n a las y los candidatos presidenciales.<\/p>\n\n\n\n<p>Los ejes son: Prosperidad; Calidad de Vida; Diversidad e inclusi\u00f3n; Medio ambiente y sustentabilidad; Paz y Estado de Derecho, y M\u00e9xico Global.<\/p>\n\n\n\n<h2 class=\"wp-block-heading\"><strong>ALFARO ANUNCIA SU RETIRO<\/strong><\/h2>\n\n\n\n<p>Al t\u00e9rmino de su administraci\u00f3n, el gobernador de Jalisco, Enrique Alfaro dijo que se ir\u00e1 de la pol\u00edtica.<\/p>\n\n\n\n<p><strong>TE RECOMENDAMOS:&nbsp;<a href=\"https:\/\/www.excelsior.com.mx\/nacional\/amlo-xochitl-galvez-candidata-oposicion\/1595613\" target=\"_blank\" rel=\"noreferrer noopener\">X\u00f3chitl G\u00e1lvez ser\u00e1 la candidata de la oposici\u00f3n para 2024: L\u00f3pez Obrador<\/a><\/strong><\/p>\n\n\n\n<p>\u201cMe quedo para cerrar a todo vapor y terminar bien mi gobierno y que despu\u00e9s de esto me retiro de la pol\u00edtica,&nbsp; yo hice esto por decisi\u00f3n personal despu\u00e9s de haber alcanzado mi objetivo profesional como gobernador del estado, tambi\u00e9n creo que a mis 50 a\u00f1os estoy en condiciones de iniciar una nueva etapa\u201d.<\/p>\n\n\n\n<p>Destac\u00f3 que es un mexicano libre que no depende de ninguna burocracia partidista.<\/p>\n\n\n\n<p><em>-Karla M\u00e9ndez<\/em><\/p>\n\n\n\n<h2 class=\"wp-block-heading\"><strong>FRENTE DEJA ABIERTA PUERTA A MOVIMIENTO<\/strong><\/h2>\n\n\n\n<p>El Frente Amplio por M\u00e9xico tendr\u00e1 una vigencia al 31 de diciembre de 2024 que podr\u00e1 ser renovada cada tres a\u00f1os si as\u00ed lo determinan sus integrantes, PAN, PRI y PRD y se denominar\u00e1 Construcci\u00f3n del Frente Amplio por M\u00e9xico.<\/p>\n\n\n\n<p>Los dirigentes del<strong>&nbsp;PAN, PRI y PRD&nbsp;<\/strong>festejaron las voces de&nbsp;<strong>Movimiento Ciudadano<\/strong>&nbsp;que piden se negocie con el Frente y dejaron la puerta abierta al partido naranja.<\/p>\n\n\n\n<p>El objetivo del Frente seg\u00fan el documento que entregaron al INE, es \u201cactuar como contrapeso a la concentraci\u00f3n excesiva de poder, promoviendo una mayor rendici\u00f3n de cuentas por parte de las instituciones y los l\u00edderes pol\u00edticos, con la participaci\u00f3n y representaci\u00f3n de la ciudadan\u00eda\u201d.<\/p>\n\n\n\n<figure class=\"wp-block-image is-style-default\"><img decoding=\"async\" src=\"https:\/\/cdn2.excelsior.com.mx\/media\/inside-the-note\/pictures\/2023\/07\/11\/mexicolectivo-25.jpg\" alt=\"Imagen intermedia\" title=\"\"\/><\/figure>\n\n\n\n<p><strong><em>Decenas de pol\u00edticos y personajes de la vida p\u00fablica de M\u00e9xico presentaron la plataforma Mexicolectivo.<\/em><\/strong><\/p>\n\n\n\n<p>Se agrega que con la uni\u00f3n de los tres partidos se podr\u00eda fortalecer la capacidad de generar cambios significativos en el sistema pol\u00edtico y en la toma de decisiones.<\/p>\n\n\n\n<p>Tambi\u00e9n \u201cse considera que, en la actualidad, urge reforzar la democracia mexicana, fortalecer las instituciones de la democracia, el Estado de derecho, las libertades y la participaci\u00f3n ciudadana en la construcci\u00f3n de la agenda pol\u00edtica nacional, siendo estos los prop\u00f3sitos fundamentales de la construcci\u00f3n del Frente.<\/p>\n\n\n\n<p>En el documento se hace un diagn\u00f3stico de varias \u00e1reas del pa\u00eds y se concluye que \u201cen los \u00faltimos cuatro a\u00f1os, llenos de decepciones, claudicaciones e historias tr\u00e1gicas, el gobierno actual ha profundizado la crisis a la que se enfrentan millones de ciudadanos.<\/p>\n\n\n\n<p>cva<\/p>\n\n\n\n<p>Fuente: <a href=\"https:\/\/www.excelsior.com.mx\/nacional\/mc-condiciona-apoyo-a-xochitl-presentan-plataforma-de-mexicolectivo\/1597046\">https:\/\/www.excelsior.com.mx\/nacional\/mc-condiciona-apoyo-a-xochitl-presentan-plataforma-de-mexicolectivo\/1597046<\/a><\/p>\n","protected":false},"excerpt":{"rendered":"<p>Movimiento Ciudadano apoyar\u00eda a la senadora panista si es definida candidata a la Presidencia mediante un proceso sin simulaciones, afirma [&hellip;]<\/p>\n","protected":false},"author":1,"featured_media":54527,"comment_status":"open","ping_status":"open","sticky":false,"template":"","format":"standard","meta":{"site-sidebar-layout":"default","site-content-layout":"","ast-site-content-layout":"default","site-content-style":"default","site-sidebar-style":"default","ast-global-header-display":"","ast-banner-title-visibility":"","ast-main-header-display":"","ast-hfb-above-header-display":"","ast-hfb-below-header-display":"","ast-hfb-mobile-header-display":"","site-post-title":"","ast-breadcrumbs-content":"","ast-featured-img":"","footer-sml-layout":"","theme-transparent-header-meta":"","adv-header-id-meta":"","stick-header-meta":"","header-above-stick-meta":"","header-main-stick-meta":"","header-below-stick-meta":"","astra-migrate-meta-layouts":"default","ast-page-background-enabled":"default","ast-page-background-meta":{"desktop":{"background-color":"var(--ast-global-color-4)","background-image":"","background-repeat":"repeat","background-position":"center center","background-size":"auto","background-attachment":"scroll","background-type":"","background-media":"","overlay-type":"","overlay-color":"","overlay-opacity":"","overlay-gradient":""},"tablet":{"background-color":"","background-image":"","background-repeat":"repeat","background-position":"center center","background-size":"auto","background-attachment":"scroll","background-type":"","background-media":"","overlay-type":"","overlay-color":"","overlay-opacity":"","overlay-gradient":""},"mobile":{"background-color":"","background-image":"","background-repeat":"repeat","background-position":"center center","background-size":"auto","background-attachment":"scroll","background-type":"","background-media":"","overlay-type":"","overlay-color":"","overlay-opacity":"","overlay-gradient":""}},"ast-content-background-meta":{"desktop":{"background-color":"var(--ast-global-color-5)","background-image":"","background-repeat":"repeat","background-position":"center center","background-size":"auto","background-attachment":"scroll","background-type":"","background-media":"","overlay-type":"","overlay-color":"","overlay-opacity":"","overlay-gradient":""},"tablet":{"background-color":"var(--ast-global-color-5)","background-image":"","background-repeat":"repeat","background-position":"center center","background-size":"auto","background-attachment":"scroll","background-type":"","background-media":"","overlay-type":"","overlay-color":"","overlay-opacity":"","overlay-gradient":""},"mobile":{"background-color":"var(--ast-global-color-5)","background-image":"","background-repeat":"repeat","background-position":"center center","background-size":"auto","background-attachment":"scroll","background-type":"","background-media":"","overlay-type":"","overlay-color":"","overlay-opacity":"","overlay-gradient":""}},"footnotes":""},"categories":[8],"tags":[198,5743,2320,17350],"class_list":["post-54526","post","type-post","status-publish","format-standard","has-post-thumbnail","hentry","category-noticias","tag-dante-delgado","tag-elecciones-mexico-2024","tag-movimiento-ciudadano","tag-xochitla-galvez"],"_links":{"self":[{"href":"https:\/\/losperiodistas.com.mx\/portal\/wp-json\/wp\/v2\/posts\/54526","targetHints":{"allow":["GET"]}}],"collection":[{"href":"https:\/\/losperiodistas.com.mx\/portal\/wp-json\/wp\/v2\/posts"}],"about":[{"href":"https:\/\/losperiodistas.com.mx\/portal\/wp-json\/wp\/v2\/types\/post"}],"author":[{"embeddable":true,"href":"https:\/\/losperiodistas.com.mx\/portal\/wp-json\/wp\/v2\/users\/1"}],"replies":[{"embeddable":true,"href":"https:\/\/losperiodistas.com.mx\/portal\/wp-json\/wp\/v2\/comments?post=54526"}],"version-history":[{"count":1,"href":"https:\/\/losperiodistas.com.mx\/portal\/wp-json\/wp\/v2\/posts\/54526\/revisions"}],"predecessor-version":[{"id":54528,"href":"https:\/\/losperiodistas.com.mx\/portal\/wp-json\/wp\/v2\/posts\/54526\/revisions\/54528"}],"wp:featuredmedia":[{"embeddable":true,"href":"https:\/\/losperiodistas.com.mx\/portal\/wp-json\/wp\/v2\/media\/54527"}],"wp:attachment":[{"href":"https:\/\/losperiodistas.com.mx\/portal\/wp-json\/wp\/v2\/media?parent=54526"}],"wp:term":[{"taxonomy":"category","embeddable":true,"href":"https:\/\/losperiodistas.com.mx\/portal\/wp-json\/wp\/v2\/categories?post=54526"},{"taxonomy":"post_tag","embeddable":true,"href":"https:\/\/losperiodistas.com.mx\/portal\/wp-json\/wp\/v2\/tags?post=54526"}],"curies":[{"name":"wp","href":"https:\/\/api.w.org\/{rel}","templated":true}]}}