{"id":54523,"date":"2023-07-11T07:27:49","date_gmt":"2023-07-11T12:27:49","guid":{"rendered":"http:\/\/losperiodistas.com.mx\/portal\/?p=54523"},"modified":"2023-07-11T07:27:51","modified_gmt":"2023-07-11T12:27:51","slug":"retiran-bloqueo-de-autopista-del-sol-mantienen-retenidos-a-servidores-la-jornada","status":"publish","type":"post","link":"https:\/\/losperiodistas.com.mx\/portal\/retiran-bloqueo-de-autopista-del-sol-mantienen-retenidos-a-servidores-la-jornada\/","title":{"rendered":"Retiran bloqueo de autopista del Sol; mantienen retenidos a servidores \/ La Jornada"},"content":{"rendered":"\n<figure class=\"wp-block-image size-large is-style-default\"><img fetchpriority=\"high\" decoding=\"async\" width=\"1024\" height=\"582\" src=\"https:\/\/losperiodistas.com.mx\/portal\/wp-content\/uploads\/2023\/07\/Captura-de-Pantalla-2023-07-11-a-las-6.22.32-1024x582.jpg\" alt=\"\" class=\"wp-image-54524\" srcset=\"https:\/\/losperiodistas.com.mx\/portal\/wp-content\/uploads\/2023\/07\/Captura-de-Pantalla-2023-07-11-a-las-6.22.32-1024x582.jpg 1024w, https:\/\/losperiodistas.com.mx\/portal\/wp-content\/uploads\/2023\/07\/Captura-de-Pantalla-2023-07-11-a-las-6.22.32-300x170.jpg 300w, https:\/\/losperiodistas.com.mx\/portal\/wp-content\/uploads\/2023\/07\/Captura-de-Pantalla-2023-07-11-a-las-6.22.32-768x436.jpg 768w, https:\/\/losperiodistas.com.mx\/portal\/wp-content\/uploads\/2023\/07\/Captura-de-Pantalla-2023-07-11-a-las-6.22.32.jpg 1288w\" sizes=\"(max-width: 1024px) 100vw, 1024px\" \/><\/figure>\n\n\n\n<p><\/p>\n\n\n\n<p class=\"has-vivid-red-color has-text-color has-medium-font-size\"><strong>SERGIO OCAMPO ARISTA \/ LA JORNADA<\/strong><\/p>\n\n\n\n<p><em>Chilpancingo, Gro.,<\/em>\u00a0Alrededor de las 20 horas, los pobladores de los municipios de Quechultenango, Mochitl\u00e1n, Jos\u00e9 Joaqu\u00edn de Herrera y Chilpancingo, retiraron el bloqueo del Parador del Marqu\u00e9s y se marcharon del lugar sin liberar a los polic\u00edas y funcionarios que privaron de la libertad durante las protestas.<\/p>\n\n\n\n<p>Previo a esto, se instal\u00f3 una mesa de di\u00e1logo, con funcionarios del gobierno estatal, pero debido a que no se lleg\u00f3 a ning\u00fan acuerdo con el gobierno estatal, los inconformes volvieron a cerrar la vialidad, en demanda de la liberaci\u00f3n del dirigente transportista del poblado de Colotlipa, Jes\u00fas Echeverr\u00eda Pe\u00f1afiel,&nbsp;<em>El Topo<\/em>, detenido el pasado mi\u00e9rcoles, con armas y drogas.<\/p>\n\n\n\n<p>En conferencia de prensa, Ludwing Reynoso N\u00fa\u00f1ez, secretario de gobierno, advirti\u00f3 que si los pobladores no liberan a los agentes y funcionarios, el gobierno tomar\u00e1 otras medidas.<\/p>\n\n\n\n<p>El funcionario asegur\u00f3 que en la movilizaci\u00f3n se identific\u00f3 a familiares de las personas detenidas la semana pasada y que han sido vinculados con la delincuencia organizada y se ubic\u00f3 gente armada.<\/p>\n\n\n\n<p>Mientras, los pobladores aceptaron que ten\u00edan retenidos los polic\u00edas y a los funcionarios Orlando Soberanis, delegado de gobernaci\u00f3n en la zona Centro; Rafael Juli\u00e1n N, responsable de atenci\u00f3n a los conflictos; y otra persona de la que se desconoce su nombre.<\/p>\n\n\n\n<h2 class=\"wp-block-heading\">La violencia en Chilpancingo se ha extendido por varios d\u00edas<\/h2>\n\n\n\n<p>En esta disputa entre\u00a0<em>Los Ardillos<\/em>\u00a0y los Tlacos, el s\u00e1bado pasado sujetos armados asesinaron a nueve personas con extrema violencia en Acapulco, Chilpancingo y Tixtla.<\/p>\n\n\n\n<p>Asimismo, Samara Mendoza, hija de un transportista local de Chilpancingo, denunci\u00f3 en Facebook, la desaparici\u00f3n de su pap\u00e1, Javier Mendoza.<\/p>\n\n\n\n<p>Explic\u00f3 que su pap\u00e1 sali\u00f3 el s\u00e1bado a trabajar en el taxi 403, pero que desconocen su paradero y si su cuerpo qued\u00f3 calcinado, en una de las unidades que fueron incendiadas en Chilpancingo.<\/p>\n\n\n\n<p>Detall\u00f3 que la fiscal\u00eda de Guerrero, le inform\u00f3 que ser\u00e1 en 20 d\u00edas, cuando le den respuesta, si uno de los cuerpos calcinados es de su pap\u00e1.<\/p>\n\n\n\n<p>Despu\u00e9s de que se rompi\u00f3 el di\u00e1logo con el gobierno estatal, los pobladores provenientes de los municipios de Quechultenango, Mochitl\u00e1n, y Chilpancingo, nuevamente se trasladaron al punto conocido como el Parador del Marqu\u00e9s y reiniciaron el bloqueo instalado desde temprano.<\/p>\n\n\n\n<figure class=\"wp-block-embed is-type-rich is-provider-twitter wp-block-embed-twitter\"><div class=\"wp-block-embed__wrapper\">\n<blockquote class=\"twitter-tweet\" data-width=\"500\" data-dnt=\"true\"><p lang=\"es\" dir=\"ltr\"><a href=\"https:\/\/twitter.com\/hashtag\/VideosLaJornada?src=hash&amp;ref_src=twsrc%5Etfw\">#VideosLaJornada<\/a> Unos cinco mil pobladores de <a href=\"https:\/\/twitter.com\/hashtag\/Quechultenango?src=hash&amp;ref_src=twsrc%5Etfw\">#Quechultenango<\/a>, <a href=\"https:\/\/twitter.com\/hashtag\/Mochitl%C3%A1n?src=hash&amp;ref_src=twsrc%5Etfw\">#Mochitl\u00e1n<\/a> y <a href=\"https:\/\/twitter.com\/hashtag\/Chilpancingo?src=hash&amp;ref_src=twsrc%5Etfw\">#Chilpancingo<\/a>, replegaron a m\u00e1s de 500 polic\u00edas antimotines estatales y de la <a href=\"https:\/\/twitter.com\/GN_MEXICO_?ref_src=twsrc%5Etfw\">@GN_MEXICO_<\/a>  en su intento de ingresar a la capital para exigir la liberaci\u00f3n de dos dirigentes detenidos, presuntamente con\u2026 <a href=\"https:\/\/t.co\/lH7AKXfSfU\">pic.twitter.com\/lH7AKXfSfU<\/a><\/p>&mdash; La Jornada (@lajornadaonline) <a href=\"https:\/\/twitter.com\/lajornadaonline\/status\/1678487963473178626?ref_src=twsrc%5Etfw\">July 10, 2023<\/a><\/blockquote><script async src=\"https:\/\/platform.twitter.com\/widgets.js\" charset=\"utf-8\"><\/script>\n<\/div><\/figure>\n\n\n\n<p>Por la ma\u00f1ana, unos cinco mil pobladores de los municipios de Quechultenango, Mochitl\u00e1n y Chilpancingo, replegaron a m\u00e1s de 500 polic\u00edas antimotines estatales y de la Guardia Nacional en su intento de ingresar a la capital para exigir la liberaci\u00f3n de dos dirigentes detenidos el pasado mi\u00e9rcoles, presuntamente con drogas y armas. Luego de robar un veh\u00edculo blindado, llegaron a Chilpancingo e irrumpieron en Palacio de Gobierno.<\/p>\n\n\n\n<figure class=\"wp-block-embed is-type-rich is-provider-twitter wp-block-embed-twitter\"><div class=\"wp-block-embed__wrapper\">\n<blockquote class=\"twitter-tweet\" data-width=\"500\" data-dnt=\"true\"><p lang=\"es\" dir=\"ltr\"><a href=\"https:\/\/twitter.com\/hashtag\/VideosLaJornada?src=hash&amp;ref_src=twsrc%5Etfw\">#VideosLaJornada<\/a> M\u00e1s de diez polic\u00edas estatales y elementos de la <a href=\"https:\/\/twitter.com\/GN_MEXICO_?ref_src=twsrc%5Etfw\">@GN_MEXICO_<\/a>  son retenidos por los manifestantes en <a href=\"https:\/\/twitter.com\/hashtag\/Guerrero?src=hash&amp;ref_src=twsrc%5Etfw\">#Guerrero<\/a>.<br><br>Nota: <a href=\"https:\/\/t.co\/31ct9M1G9b\">https:\/\/t.co\/31ct9M1G9b<\/a> <a href=\"https:\/\/t.co\/jhJJTXwCSN\">pic.twitter.com\/jhJJTXwCSN<\/a><\/p>&mdash; La Jornada (@lajornadaonline) <a href=\"https:\/\/twitter.com\/lajornadaonline\/status\/1678503272154386437?ref_src=twsrc%5Etfw\">July 10, 2023<\/a><\/blockquote><script async src=\"https:\/\/platform.twitter.com\/widgets.js\" charset=\"utf-8\"><\/script>\n<\/div><\/figure>\n\n\n\n<p>El enfrentamiento ocurri\u00f3 alrededor de las 11 de la ma\u00f1ana a unos metros de las instalaciones de la Guardia Nacional, en la carretera federal Chilpancingo-Acapulco.<\/p>\n\n\n\n<p>Los pobladores se apoderaron de una camioneta Black Mamba (Rino) de la Polic\u00eda Estatal, en el que se trasladaron a la capital.<\/p>\n\n\n\n<figure class=\"wp-block-embed is-type-rich is-provider-twitter wp-block-embed-twitter\"><div class=\"wp-block-embed__wrapper\">\n<blockquote class=\"twitter-tweet\" data-width=\"500\" data-dnt=\"true\"><p lang=\"es\" dir=\"ltr\"><a href=\"https:\/\/twitter.com\/hashtag\/VideosLaJornada?src=hash&amp;ref_src=twsrc%5Etfw\">#VideosLaJornada<\/a> Se registran enfrentamientos por toda la ciudad de Chilpancingo. Al menos unos tres helic\u00f3pteros de la <a href=\"https:\/\/twitter.com\/GN_MEXICO_?ref_src=twsrc%5Etfw\">@GN_MEXICO_<\/a>  y de la Polic\u00eda Estatal vigilan la zona.<br><br>Nota: <a href=\"https:\/\/t.co\/31ct9M1G9b\">https:\/\/t.co\/31ct9M1G9b<\/a> <a href=\"https:\/\/t.co\/arGGTG3JOb\">pic.twitter.com\/arGGTG3JOb<\/a><\/p>&mdash; La Jornada (@lajornadaonline) <a href=\"https:\/\/twitter.com\/lajornadaonline\/status\/1678508771239161858?ref_src=twsrc%5Etfw\">July 10, 2023<\/a><\/blockquote><script async src=\"https:\/\/platform.twitter.com\/widgets.js\" charset=\"utf-8\"><\/script>\n<\/div><\/figure>\n\n\n\n<p>Fuente: <a href=\"https:\/\/www.jornada.com.mx\/notas\/2023\/07\/10\/estados\/se-rompe-dialogo-en-guerrero-reinicia-bloqueo-en-autopista-del-sol\/\">https:\/\/www.jornada.com.mx\/notas\/2023\/07\/10\/estados\/se-rompe-dialogo-en-guerrero-reinicia-bloqueo-en-autopista-del-sol\/<\/a><\/p>\n","protected":false},"excerpt":{"rendered":"<p>SERGIO OCAMPO ARISTA \/ LA JORNADA Chilpancingo, Gro.,\u00a0Alrededor de las 20 horas, los pobladores de los municipios de Quechultenango, Mochitl\u00e1n, [&hellip;]<\/p>\n","protected":false},"author":1,"featured_media":54524,"comment_status":"open","ping_status":"open","sticky":false,"template":"","format":"standard","meta":{"site-sidebar-layout":"default","site-content-layout":"","ast-site-content-layout":"default","site-content-style":"default","site-sidebar-style":"default","ast-global-header-display":"","ast-banner-title-visibility":"","ast-main-header-display":"","ast-hfb-above-header-display":"","ast-hfb-below-header-display":"","ast-hfb-mobile-header-display":"","site-post-title":"","ast-breadcrumbs-content":"","ast-featured-img":"","footer-sml-layout":"","theme-transparent-header-meta":"","adv-header-id-meta":"","stick-header-meta":"","header-above-stick-meta":"","header-main-stick-meta":"","header-below-stick-meta":"","astra-migrate-meta-layouts":"default","ast-page-background-enabled":"default","ast-page-background-meta":{"desktop":{"background-color":"var(--ast-global-color-4)","background-image":"","background-repeat":"repeat","background-position":"center center","background-size":"auto","background-attachment":"scroll","background-type":"","background-media":"","overlay-type":"","overlay-color":"","overlay-opacity":"","overlay-gradient":""},"tablet":{"background-color":"","background-image":"","background-repeat":"repeat","background-position":"center center","background-size":"auto","background-attachment":"scroll","background-type":"","background-media":"","overlay-type":"","overlay-color":"","overlay-opacity":"","overlay-gradient":""},"mobile":{"background-color":"","background-image":"","background-repeat":"repeat","background-position":"center center","background-size":"auto","background-attachment":"scroll","background-type":"","background-media":"","overlay-type":"","overlay-color":"","overlay-opacity":"","overlay-gradient":""}},"ast-content-background-meta":{"desktop":{"background-color":"var(--ast-global-color-5)","background-image":"","background-repeat":"repeat","background-position":"center center","background-size":"auto","background-attachment":"scroll","background-type":"","background-media":"","overlay-type":"","overlay-color":"","overlay-opacity":"","overlay-gradient":""},"tablet":{"background-color":"var(--ast-global-color-5)","background-image":"","background-repeat":"repeat","background-position":"center center","background-size":"auto","background-attachment":"scroll","background-type":"","background-media":"","overlay-type":"","overlay-color":"","overlay-opacity":"","overlay-gradient":""},"mobile":{"background-color":"var(--ast-global-color-5)","background-image":"","background-repeat":"repeat","background-position":"center center","background-size":"auto","background-attachment":"scroll","background-type":"","background-media":"","overlay-type":"","overlay-color":"","overlay-opacity":"","overlay-gradient":""}},"footnotes":""},"categories":[8],"tags":[17342,2589,17349],"class_list":["post-54523","post","type-post","status-publish","format-standard","has-post-thumbnail","hentry","category-noticias","tag-autopista-del-sol","tag-chilpancingo","tag-transportistas"],"_links":{"self":[{"href":"https:\/\/losperiodistas.com.mx\/portal\/wp-json\/wp\/v2\/posts\/54523","targetHints":{"allow":["GET"]}}],"collection":[{"href":"https:\/\/losperiodistas.com.mx\/portal\/wp-json\/wp\/v2\/posts"}],"about":[{"href":"https:\/\/losperiodistas.com.mx\/portal\/wp-json\/wp\/v2\/types\/post"}],"author":[{"embeddable":true,"href":"https:\/\/losperiodistas.com.mx\/portal\/wp-json\/wp\/v2\/users\/1"}],"replies":[{"embeddable":true,"href":"https:\/\/losperiodistas.com.mx\/portal\/wp-json\/wp\/v2\/comments?post=54523"}],"version-history":[{"count":1,"href":"https:\/\/losperiodistas.com.mx\/portal\/wp-json\/wp\/v2\/posts\/54523\/revisions"}],"predecessor-version":[{"id":54525,"href":"https:\/\/losperiodistas.com.mx\/portal\/wp-json\/wp\/v2\/posts\/54523\/revisions\/54525"}],"wp:featuredmedia":[{"embeddable":true,"href":"https:\/\/losperiodistas.com.mx\/portal\/wp-json\/wp\/v2\/media\/54524"}],"wp:attachment":[{"href":"https:\/\/losperiodistas.com.mx\/portal\/wp-json\/wp\/v2\/media?parent=54523"}],"wp:term":[{"taxonomy":"category","embeddable":true,"href":"https:\/\/losperiodistas.com.mx\/portal\/wp-json\/wp\/v2\/categories?post=54523"},{"taxonomy":"post_tag","embeddable":true,"href":"https:\/\/losperiodistas.com.mx\/portal\/wp-json\/wp\/v2\/tags?post=54523"}],"curies":[{"name":"wp","href":"https:\/\/api.w.org\/{rel}","templated":true}]}}