{"id":54520,"date":"2023-07-11T07:13:07","date_gmt":"2023-07-11T12:13:07","guid":{"rendered":"http:\/\/losperiodistas.com.mx\/portal\/?p=54520"},"modified":"2023-07-11T07:13:09","modified_gmt":"2023-07-11T12:13:09","slug":"el-director-de-femsa-la-empresa-duena-de-oxxo-tendra-que-dejar-su-cargo-por-enfermedad-infobae","status":"publish","type":"post","link":"https:\/\/losperiodistas.com.mx\/portal\/el-director-de-femsa-la-empresa-duena-de-oxxo-tendra-que-dejar-su-cargo-por-enfermedad-infobae\/","title":{"rendered":"El director de Femsa, la empresa due\u00f1a de Oxxo, tendr\u00e1 que dejar su cargo por enfermedad | Infobae"},"content":{"rendered":"\n<h2 class=\"has-pale-cyan-blue-background-color has-background has-medium-font-size wp-block-heading\">La empresa inform\u00f3 que Daniel Rodr\u00edguez Cofr\u00e9 ser\u00e1 reemplazado por Jos\u00e9 Antonio Fern\u00e1ndez Carbajal<\/h2>\n\n\n\n<figure class=\"wp-block-image size-large is-style-default\"><img fetchpriority=\"high\" decoding=\"async\" width=\"1024\" height=\"575\" src=\"https:\/\/losperiodistas.com.mx\/portal\/wp-content\/uploads\/2023\/07\/Captura-de-Pantalla-2023-07-11-a-las-6.06.40-1024x575.jpg\" alt=\"\" class=\"wp-image-54521\" srcset=\"https:\/\/losperiodistas.com.mx\/portal\/wp-content\/uploads\/2023\/07\/Captura-de-Pantalla-2023-07-11-a-las-6.06.40-1024x575.jpg 1024w, https:\/\/losperiodistas.com.mx\/portal\/wp-content\/uploads\/2023\/07\/Captura-de-Pantalla-2023-07-11-a-las-6.06.40-300x168.jpg 300w, https:\/\/losperiodistas.com.mx\/portal\/wp-content\/uploads\/2023\/07\/Captura-de-Pantalla-2023-07-11-a-las-6.06.40-768x431.jpg 768w, https:\/\/losperiodistas.com.mx\/portal\/wp-content\/uploads\/2023\/07\/Captura-de-Pantalla-2023-07-11-a-las-6.06.40-1536x862.jpg 1536w, https:\/\/losperiodistas.com.mx\/portal\/wp-content\/uploads\/2023\/07\/Captura-de-Pantalla-2023-07-11-a-las-6.06.40.jpg 1678w\" sizes=\"(max-width: 1024px) 100vw, 1024px\" \/><figcaption>Daniel Rodr\u00edguez Cofr\u00e9 tom\u00f3 la direcci\u00f3n de FEMSA en enero de 2022. Fotograf\u00eda: Especial\/FEMSA<\/figcaption><\/figure>\n\n\n\n<p class=\"has-vivid-red-color has-text-color has-medium-font-size\"><strong>OMAR TINOCO MORALES \/ INFOBAE<\/strong><\/p>\n\n\n\n<p><strong>Daniel Rodr\u00edguez Cofr\u00e9<\/strong>\u00a0dejar\u00e1 el cargo como director general de<strong>\u00a0Fomento Econ\u00f3mico Mexicano (FEMSA)<\/strong>\u00a0debido a que se concentrar\u00e1 en el tratamiento contra el<strong>\u00a0c\u00e1ncer de colon<\/strong>\u00a0que le fue diagnosticado meses atr\u00e1s.<\/p>\n\n\n\n<p>Rodr\u00edguez Cofr\u00e9, de origen chileno, asumi\u00f3 la direcci\u00f3n de la empresa en enero de 2022 luego de su destacada labor en la&nbsp;<strong>Divisi\u00f3n Salud de FEMSA,<\/strong>&nbsp;adem\u00e1s de ayudar a consolidar las operaciones de la Divisi\u00f3n Combustibles en M\u00e9xico.<\/p>\n\n\n\n<p>\u201cDespu\u00e9s de un periodo de profunda reflexi\u00f3n, he tomado esta dif\u00edcil decisi\u00f3n, la cual creo que es lo mejor para mi familia y para FEMSA. Dirigir a FEMSA ha llenado profundamente mi vida profesional, y no podr\u00eda estar m\u00e1s orgulloso de los logros que hemos conseguido juntos\u201d, expuso el directivo al anunciar su salida.<\/p>\n\n\n\n<p>La empresa regiomontana, due\u00f1a de la cadena de<strong>&nbsp;tiendas Oxxo y embotelladora de Coca Cola<\/strong>&nbsp;en nuestro pa\u00eds, inform\u00f3 este lunes sobre la salida de Rodr\u00edguez Cofr\u00e9 y el lugar de la direcci\u00f3n lo tomar\u00e1 provisionalmente Jos\u00e9 Antonio Fern\u00e1ndez Carbajal, uno de los empresario m\u00e1s reconocidos del pa\u00eds.<img decoding=\"async\" alt=\"Oxxo opera en todo el pa\u00eds y tiene presencia en otros pa\u00edses de Latinoam\u00e9rica, s\u00f3lo que bajo otros nombres (getty Images)\" height=\"900\" width=\"1600\" class=\"\" src=\"https:\/\/www.infobae.com\/new-resizer\/V71Mkh-IAz5qYsnSeFwcdu7vj3c=\/1600x900\/filters:format(webp):quality(85)\/cloudfront-us-east-1.images.arcpublishing.com\/infobae\/OBGQOAKLIBGFRMXYZ3CGQ76FZ4.jpg\" srcset=\"https:\/\/www.infobae.com\/new-resizer\/dOUoWlxh7QvVh1QKvfiNCv_-XIc=\/420x236\/filters:format(webp):quality(85)\/cloudfront-us-east-1.images.arcpublishing.com\/infobae\/OBGQOAKLIBGFRMXYZ3CGQ76FZ4.jpg 420w,https:\/\/www.infobae.com\/new-resizer\/f83k5y-E_DIZL3g-180LARAVxgs=\/768x432\/filters:format(webp):quality(85)\/cloudfront-us-east-1.images.arcpublishing.com\/infobae\/OBGQOAKLIBGFRMXYZ3CGQ76FZ4.jpg 768w,https:\/\/www.infobae.com\/new-resizer\/-marpgnvs2jjalp1GzJ-aJsYkhE=\/992x558\/filters:format(webp):quality(85)\/cloudfront-us-east-1.images.arcpublishing.com\/infobae\/OBGQOAKLIBGFRMXYZ3CGQ76FZ4.jpg 992w,https:\/\/www.infobae.com\/new-resizer\/ArZnGtZtqGWH2xpOPqfmmUYuI4g=\/1200x675\/filters:format(webp):quality(85)\/cloudfront-us-east-1.images.arcpublishing.com\/infobae\/OBGQOAKLIBGFRMXYZ3CGQ76FZ4.jpg 1200w,https:\/\/www.infobae.com\/new-resizer\/MsyoSnwcxcDGxBDUT69esuQDVW0=\/1440x810\/filters:format(webp):quality(85)\/cloudfront-us-east-1.images.arcpublishing.com\/infobae\/OBGQOAKLIBGFRMXYZ3CGQ76FZ4.jpg 1440w\">Oxxo opera en todo el pa\u00eds y tiene presencia en otros pa\u00edses de Latinoam\u00e9rica, s\u00f3lo que bajo otros nombres (getty Images)<\/p>\n\n\n\n<p>\u201cEn tanto se designa un reemplazo, el presidente ejecutivo del consejo y exdirector general de Femsa, Jos\u00e9 Antonio Fern\u00e1ndez Carbajal, asumir\u00e1 el rol de director general en funciones de manera interina, con el apoyo del equipo directivo y los directores generales de las unidades de negocio de Femsa. Este nombramiento tiene efectos inmediatos\u201d, indic\u00f3 la empresa en un comunicado a la Bolsa Mexicana de Valores (BMV).<\/p>\n\n\n\n<p>Por su parte, Fern\u00e1ndez Carbajal asegur\u00f3 que el Consejo de Administraci\u00f3n respalda la decisi\u00f3n de Daniel Rodr\u00edguez Cofr\u00e9 para enfocarse en su salud y recuperaci\u00f3n.<\/p>\n\n\n\n<p>\u201cQueremos manifestar nuestro profundo agradecimiento por todas las contribuciones que Daniel ha hecho para FEMSA, y nos entristece que no podr\u00e1 continuar como nuestro director general, por ahora. Daniel ser\u00e1 siempre parte de FEMSA, y \u00e9l y su familia pueden contar con nuestro apoyo\u201d, se\u00f1al\u00f3 Fern\u00e1ndez Carbajal.<img decoding=\"async\" alt=\"FEMSA es la mayor embotelladora de Coca Cola en M\u00e9xico REUTERS\/Daniel Becerril\/File Photo\" height=\"3476\" width=\"5215\" class=\"\" src=\"https:\/\/www.infobae.com\/new-resizer\/0YdKNVDpD2EIg5zRZse0ypR5S3k=\/5215x3476\/filters:format(webp):quality(85)\/cloudfront-us-east-1.images.arcpublishing.com\/infobae\/HORDYFNBO5RXBGTV77IE5XAF7I.jpg\" srcset=\"https:\/\/www.infobae.com\/new-resizer\/oOMwpOsD4wYGxwA-rhEnW0Ptl0I=\/420x280\/filters:format(webp):quality(85)\/cloudfront-us-east-1.images.arcpublishing.com\/infobae\/HORDYFNBO5RXBGTV77IE5XAF7I.jpg 420w,https:\/\/www.infobae.com\/new-resizer\/J15TJqUWvJXLZd4Q-TC7JoScLQk=\/768x512\/filters:format(webp):quality(85)\/cloudfront-us-east-1.images.arcpublishing.com\/infobae\/HORDYFNBO5RXBGTV77IE5XAF7I.jpg 768w,https:\/\/www.infobae.com\/new-resizer\/Kvy7ReYcBtT7XuBuN2ZepHgIP2g=\/992x661\/filters:format(webp):quality(85)\/cloudfront-us-east-1.images.arcpublishing.com\/infobae\/HORDYFNBO5RXBGTV77IE5XAF7I.jpg 992w,https:\/\/www.infobae.com\/new-resizer\/ffnsZcfrHNrejZfctmTtG5QVFJI=\/1200x800\/filters:format(webp):quality(85)\/cloudfront-us-east-1.images.arcpublishing.com\/infobae\/HORDYFNBO5RXBGTV77IE5XAF7I.jpg 1200w,https:\/\/www.infobae.com\/new-resizer\/4jWLOQvLs_i0G9ybykbbM9W5GxI=\/1440x960\/filters:format(webp):quality(85)\/cloudfront-us-east-1.images.arcpublishing.com\/infobae\/HORDYFNBO5RXBGTV77IE5XAF7I.jpg 1440w\">FEMSA es la mayor embotelladora de Coca Cola en M\u00e9xico REUTERS\/Daniel Becerril\/File Photo<\/p>\n\n\n\n<p>Se debe recordar que en febrero de este a\u00f1o se diagnostic\u00f3 c\u00e1ncer al directivo de FEMSA, quien tom\u00f3 las riendas luego de la jubilaci\u00f3n de Eduardo Padilla.<\/p>\n\n\n\n<p><a href=\"https:\/\/www.infobae.com\/mexico\/2023\/07\/05\/sonideros-seran-declarados-patrimonio-cultural-inmaterial-de-la-ciudad-de-mexico\/\" target=\"_blank\" rel=\"noreferrer noopener\">Te puede interesar:<strong>Sonideros ser\u00e1n declarados Patrimonio Cultural Inmaterial de la Ciudad de M\u00e9xico<\/strong><\/a><\/p>\n\n\n\n<p>El Consejo de Administraci\u00f3n de FEMSA aprob\u00f3 la decisi\u00f3n y en las pr\u00f3ximas semanas decidir\u00e1 la estrategia que tomar\u00e1 la compa\u00f1\u00eda, la cual tiene presencia en todo el pa\u00eds y gran parte del continente.<\/p>\n\n\n\n<p>El empresario de origen chileno, quie naci\u00f3 el 18 de junio de 1965, cuenta con estudios de Ingenier\u00eda forestal por la Universidad Austral de Chile y en 2014 lleg\u00f3 a M\u00e9xico.<\/p>\n\n\n\n<p>Al integrarse a la empresa regiomontana, se desempe\u00f1\u00f3 como director de la Divisi\u00f3n Salud de FEMSA.<\/p>\n\n\n\n<h2 class=\"wp-block-heading\">\u201cEl Diablo Fern\u00e1ndez\u201d estar\u00e1 al frente de Femsa<\/h2>\n\n\n\n<p><img loading=\"lazy\" decoding=\"async\" height=\"360\" width=\"640\" srcset=\"https:\/\/www.infobae.com\/new-resizer\/Jf3LhDRqxtwZgJ87Q9FZ97rGQOM=\/420x236\/filters:format(webp):quality(85)\/cloudfront-us-east-1.images.arcpublishing.com\/infobae\/S23CIFPCMZADRBG4EDQB36LDVE.jpg 420w,https:\/\/www.infobae.com\/new-resizer\/E9iGuCD7dp_89WFAYY4H6PicjjA=\/768x432\/filters:format(webp):quality(85)\/cloudfront-us-east-1.images.arcpublishing.com\/infobae\/S23CIFPCMZADRBG4EDQB36LDVE.jpg 768w,https:\/\/www.infobae.com\/new-resizer\/6yTSBlIboHMOmGiE9MPkTdVKx6k=\/992x558\/filters:format(webp):quality(85)\/cloudfront-us-east-1.images.arcpublishing.com\/infobae\/S23CIFPCMZADRBG4EDQB36LDVE.jpg 992w,https:\/\/www.infobae.com\/new-resizer\/tmjoDYaZ67ktUEvzpZmtXXeJkHE=\/1200x675\/filters:format(webp):quality(85)\/cloudfront-us-east-1.images.arcpublishing.com\/infobae\/S23CIFPCMZADRBG4EDQB36LDVE.jpg 1200w,https:\/\/www.infobae.com\/new-resizer\/Q3uA6o1HmUEv-MZ0TUINjIMcooc=\/1440x810\/filters:format(webp):quality(85)\/cloudfront-us-east-1.images.arcpublishing.com\/infobae\/S23CIFPCMZADRBG4EDQB36LDVE.jpg 1440w\" class=\"\" src=\"https:\/\/www.infobae.com\/new-resizer\/hg41QjgStqyJ8ZKLopBXWBPVZ0U=\/640x360\/filters:format(webp):quality(85)\/cloudfront-us-east-1.images.arcpublishing.com\/infobae\/S23CIFPCMZADRBG4EDQB36LDVE.jpg\" alt=\"&quot;El Diablo&quot; Fern\u00e1ndez es presidente de Grupo FEMSA. Foto: FEMSA\"><\/p>\n\n\n\n<p>\u00abEl Diablo\u00bb Fern\u00e1ndez es presidente de Grupo FEMSA. Foto: FEMSA<\/p>\n\n\n\n<p>A Jos\u00e9 Antonio Fern\u00e1ndez Carbajal se le conoce como&nbsp;\u201c<strong>El Diablo Fern\u00e1ndez\u201d<\/strong>&nbsp;por su habilidad para los negocios y convertir a FEMSA en una de las empresas m\u00e1s exitosas a nivel nacional e internacional, considerando que esta empresa opera a la mayor embotelladora de Coca Cola fuera de Estados Unidos.<\/p>\n\n\n\n<p>Pero el Diablo Fern\u00e1ndez no s\u00f3lo est\u00e1 detr\u00e1s de las tiendas&nbsp;Oxxo, que actualmente cuenta con m\u00e1s de 14 mil sucursales, negocio que se ha extendido hasta Europa, sino que entre la cartera de negocios en los que ha participado se enlista el&nbsp;<strong>Tec de Monterrey<\/strong>, y la venta de la&nbsp;<strong>Cervecer\u00eda Cuauht\u00e9moc Moctezuma.<\/strong>&nbsp;<\/p>\n\n\n\n<p>Fern\u00e1ndez ha sido parte de FEMSA desde 1995, y en 2001 fue nombrado presidente del Consejo de Administraci\u00f3n de la compa\u00f1\u00eda.<\/p>\n\n\n\n<p>En 2010 fue nombrado vicepresidente del&nbsp;<strong>Consejo de Administraci\u00f3n de Heineken NV\u2019s<\/strong>&nbsp;y Presidente del Comit\u00e9 de las Am\u00e9ricas de Heineken, y en 2014 fue nombrado presidente ejecutivo del Consejo de Administraci\u00f3n de FEMSA.<\/p>\n\n\n\n<p>Se espera que su puesto como nuevo director sea interino en lo que la empresa designa al sucesor de Rodr\u00edguez Cofr\u00e9.<\/p>\n\n\n\n<p>Fuente: <a href=\"https:\/\/www.infobae.com\/mexico\/2023\/07\/11\/el-director-de-femsa-la-empresa-duena-de-oxxo-tendra-que-dejar-su-cargo-por-enfermedad\/\">https:\/\/www.infobae.com\/mexico\/2023\/07\/11\/el-director-de-femsa-la-empresa-duena-de-oxxo-tendra-que-dejar-su-cargo-por-enfermedad\/<\/a><\/p>\n","protected":false},"excerpt":{"rendered":"<p>La empresa inform\u00f3 que Daniel Rodr\u00edguez Cofr\u00e9 ser\u00e1 reemplazado por Jos\u00e9 Antonio Fern\u00e1ndez Carbajal OMAR TINOCO MORALES \/ INFOBAE Daniel [&hellip;]<\/p>\n","protected":false},"author":1,"featured_media":54521,"comment_status":"open","ping_status":"open","sticky":false,"template":"","format":"standard","meta":{"site-sidebar-layout":"default","site-content-layout":"","ast-site-content-layout":"default","site-content-style":"default","site-sidebar-style":"default","ast-global-header-display":"","ast-banner-title-visibility":"","ast-main-header-display":"","ast-hfb-above-header-display":"","ast-hfb-below-header-display":"","ast-hfb-mobile-header-display":"","site-post-title":"","ast-breadcrumbs-content":"","ast-featured-img":"","footer-sml-layout":"","theme-transparent-header-meta":"","adv-header-id-meta":"","stick-header-meta":"","header-above-stick-meta":"","header-main-stick-meta":"","header-below-stick-meta":"","astra-migrate-meta-layouts":"default","ast-page-background-enabled":"default","ast-page-background-meta":{"desktop":{"background-color":"var(--ast-global-color-4)","background-image":"","background-repeat":"repeat","background-position":"center center","background-size":"auto","background-attachment":"scroll","background-type":"","background-media":"","overlay-type":"","overlay-color":"","overlay-opacity":"","overlay-gradient":""},"tablet":{"background-color":"","background-image":"","background-repeat":"repeat","background-position":"center center","background-size":"auto","background-attachment":"scroll","background-type":"","background-media":"","overlay-type":"","overlay-color":"","overlay-opacity":"","overlay-gradient":""},"mobile":{"background-color":"","background-image":"","background-repeat":"repeat","background-position":"center center","background-size":"auto","background-attachment":"scroll","background-type":"","background-media":"","overlay-type":"","overlay-color":"","overlay-opacity":"","overlay-gradient":""}},"ast-content-background-meta":{"desktop":{"background-color":"var(--ast-global-color-5)","background-image":"","background-repeat":"repeat","background-position":"center center","background-size":"auto","background-attachment":"scroll","background-type":"","background-media":"","overlay-type":"","overlay-color":"","overlay-opacity":"","overlay-gradient":""},"tablet":{"background-color":"var(--ast-global-color-5)","background-image":"","background-repeat":"repeat","background-position":"center center","background-size":"auto","background-attachment":"scroll","background-type":"","background-media":"","overlay-type":"","overlay-color":"","overlay-opacity":"","overlay-gradient":""},"mobile":{"background-color":"var(--ast-global-color-5)","background-image":"","background-repeat":"repeat","background-position":"center center","background-size":"auto","background-attachment":"scroll","background-type":"","background-media":"","overlay-type":"","overlay-color":"","overlay-opacity":"","overlay-gradient":""}},"footnotes":""},"categories":[8],"tags":[1085,11954,11955],"class_list":["post-54520","post","type-post","status-publish","format-standard","has-post-thumbnail","hentry","category-noticias","tag-el-diablo-fernandez","tag-femsa","tag-oxxo"],"_links":{"self":[{"href":"https:\/\/losperiodistas.com.mx\/portal\/wp-json\/wp\/v2\/posts\/54520","targetHints":{"allow":["GET"]}}],"collection":[{"href":"https:\/\/losperiodistas.com.mx\/portal\/wp-json\/wp\/v2\/posts"}],"about":[{"href":"https:\/\/losperiodistas.com.mx\/portal\/wp-json\/wp\/v2\/types\/post"}],"author":[{"embeddable":true,"href":"https:\/\/losperiodistas.com.mx\/portal\/wp-json\/wp\/v2\/users\/1"}],"replies":[{"embeddable":true,"href":"https:\/\/losperiodistas.com.mx\/portal\/wp-json\/wp\/v2\/comments?post=54520"}],"version-history":[{"count":1,"href":"https:\/\/losperiodistas.com.mx\/portal\/wp-json\/wp\/v2\/posts\/54520\/revisions"}],"predecessor-version":[{"id":54522,"href":"https:\/\/losperiodistas.com.mx\/portal\/wp-json\/wp\/v2\/posts\/54520\/revisions\/54522"}],"wp:featuredmedia":[{"embeddable":true,"href":"https:\/\/losperiodistas.com.mx\/portal\/wp-json\/wp\/v2\/media\/54521"}],"wp:attachment":[{"href":"https:\/\/losperiodistas.com.mx\/portal\/wp-json\/wp\/v2\/media?parent=54520"}],"wp:term":[{"taxonomy":"category","embeddable":true,"href":"https:\/\/losperiodistas.com.mx\/portal\/wp-json\/wp\/v2\/categories?post=54520"},{"taxonomy":"post_tag","embeddable":true,"href":"https:\/\/losperiodistas.com.mx\/portal\/wp-json\/wp\/v2\/tags?post=54520"}],"curies":[{"name":"wp","href":"https:\/\/api.w.org\/{rel}","templated":true}]}}