{"id":5452,"date":"2021-03-10T07:44:28","date_gmt":"2021-03-10T13:44:28","guid":{"rendered":"http:\/\/losperiodistas.com.mx\/portal\/?p=5452"},"modified":"2021-03-10T07:44:29","modified_gmt":"2021-03-10T13:44:29","slug":"un-ano-despues-hacia-donde-va-la-pandemia-segunda-parte","status":"publish","type":"post","link":"https:\/\/losperiodistas.com.mx\/portal\/un-ano-despues-hacia-donde-va-la-pandemia-segunda-parte\/","title":{"rendered":"Un a\u00f1o despu\u00e9s, \u00bfhacia d\u00f3nde va la pandemia? Segunda Parte"},"content":{"rendered":"\n<p class=\"has-vivid-cyan-blue-color has-text-color\" style=\"font-size:26px\"><em>Por Fernando Manzanilla Prieto<\/em><\/p>\n\n\n\n<p>La mayor\u00eda de los analistas coincide en que la estrategia mundial para enfrentar la pandemia est\u00e1 condenada al fracaso a menos que haya un cambio en el orden global, actualmente dominado por la l\u00f3gica salvaje del mercado.<\/p>\n\n\n\n<p>Como lo mencion\u00e9 en la entrega anterior, para alcanzar la famosa inmunidad de reba\u00f1o se requiere vacunar lo m\u00e1s pronto posible al 75% de la poblaci\u00f3n mundial. Ello implica producir, distribuir y aplicar alrededor 12 mil millones de vacunas, pensando en que cada persona necesita dos dosis.<\/p>\n\n\n\n<p>El problema es que este a\u00f1o, la capacidad de producci\u00f3n mundial (4 mil millones de dosis) solo alcanza para cubrir una tercera parte de este requerimiento. Esto se debe a que las patentes de las nuevas vacunas son propiedad exclusiva de las empresas farmac\u00e9uticas que las desarrollaron. Lo que limita la posibilidad de que otras empresas con capacidad instalada puedan participar en la producci\u00f3n de las vacunas.<\/p>\n\n\n\n<p>Ante esta \u201cescasez\u201d propia de la l\u00f3gica del mercado, los pa\u00edses m\u00e1s ricos se han adelantado a adquirir la mayor parte de las dosis que se producir\u00e1n en 2021, limitando su disponibilidad en econom\u00edas intermedias y dejando pr\u00e1cticamente sin vacunas a los pa\u00edses m\u00e1s pobres este a\u00f1o. Situaci\u00f3n que, seg\u00fan los expertos, nos condenar\u00e1 como humanidad a perder, al menos este a\u00f1o, la carrera frente al surgimiento de nuevas variantes del virus, m\u00e1s contagiosas y resistentes, que seguir\u00edan circulando libremente, mutando, contagiando y reinfectando con mayor agresividad a toda la poblaci\u00f3n mundial, incluida la que ya se haya vacunado.<\/p>\n\n\n\n<p>Los expertos se\u00f1alan que la \u00fanica forma de salir de este c\u00edrculo vicioso es acelerando el proceso de vacunaci\u00f3n en todos los rincones del planeta y esto solo ser\u00e1 posible, primero, si las empresas farmac\u00e9uticas est\u00e1n dispuestas a compartir los derechos de sus patentes; y, segundo, si los pa\u00edses m\u00e1s ricos est\u00e1n dispuestos a financiar la instalaci\u00f3n de plantas productoras de vacunas en los pa\u00edses pobres, garantizando con ello una distribuci\u00f3n equitativa y suficiente del medicamento para as\u00ed poder alcanzar la anhelada inmunidad de reba\u00f1o global, necesaria para detener el surgimiento de nuevas variantes del Covid potencialmente m\u00e1s letales.<\/p>\n\n\n\n<p>Los expertos tambi\u00e9n advierten que, desgraciadamente, nada de esto va a ocurrir en el corto plazo. La realidad es que ni las farmac\u00e9uticas ni los pa\u00edses ricos estar\u00e1n dispuestos a cambiar las reglas del juego solo a partir de modelos que auguran escenarios catastr\u00f3ficos. A pesar de las peticiones del Papa Francisco y de las gestiones de Macron en el G20, todav\u00eda se ve lejano el d\u00eda en que la vacuna anti Covid sea declarada como un \u201cbien global\u201d.<\/p>\n\n\n\n<p>Como suele ocurrir cuando est\u00e1 de por medio la naturaleza humana, antes de ver un cambio \u201cespont\u00e1neo\u201d en las reglas del juego, tendremos que esperar hasta encontrarnos en una situaci\u00f3n l\u00edmite. Y esto solo ocurrir\u00e1 cuando surja una variante que supere completamente la eficacia de la tecnolog\u00eda actual de las vacunas disponibles.<\/p>\n\n\n\n<p>Hace unos d\u00edas un grupo de cient\u00edficos de California detect\u00f3 una variante del Covid que ha causado alarma entre los expertos dada su peligrosidad, porque adem\u00e1s de ser m\u00e1s contagiosa es m\u00e1s letal dada su capacidad de evadir los anticuerpos generados por las vacunas actuales. Esto la convierte en una amenaza mayor que las variantes brit\u00e1nica, sudafricana y brasile\u00f1a. Si bien la comunidad cient\u00edfica esperaba que el virus mutara, la mayor\u00eda reconoce que nadie previ\u00f3 que esto ocurriera tan r\u00e1pido.<\/p>\n\n\n\n<p>No tengo duda de que en los pr\u00f3ximos meses el surgimiento de variantes cada vez m\u00e1s letales obligar\u00e1 al mundo (l\u00e9ase a las farmac\u00e9uticas y a los pa\u00edses ricos) a cooperar y a emprender una gran acci\u00f3n colectiva que cambiar\u00e1 para siempre la l\u00f3gica mundial de la cooperaci\u00f3n y la solidaridad para enfrentar amenazas globales.<\/p>\n","protected":false},"excerpt":{"rendered":"<p>Por Fernando Manzanilla Prieto La mayor\u00eda de los analistas coincide en que la estrategia mundial para enfrentar la pandemia est\u00e1 [&hellip;]<\/p>\n","protected":false},"author":1,"featured_media":3274,"comment_status":"open","ping_status":"open","sticky":false,"template":"","format":"standard","meta":{"site-sidebar-layout":"default","site-content-layout":"","ast-site-content-layout":"default","site-content-style":"default","site-sidebar-style":"default","ast-global-header-display":"","ast-banner-title-visibility":"","ast-main-header-display":"","ast-hfb-above-header-display":"","ast-hfb-below-header-display":"","ast-hfb-mobile-header-display":"","site-post-title":"","ast-breadcrumbs-content":"","ast-featured-img":"","footer-sml-layout":"","theme-transparent-header-meta":"","adv-header-id-meta":"","stick-header-meta":"","header-above-stick-meta":"","header-main-stick-meta":"","header-below-stick-meta":"","astra-migrate-meta-layouts":"default","ast-page-background-enabled":"default","ast-page-background-meta":{"desktop":{"background-color":"var(--ast-global-color-4)","background-image":"","background-repeat":"repeat","background-position":"center center","background-size":"auto","background-attachment":"scroll","background-type":"","background-media":"","overlay-type":"","overlay-color":"","overlay-opacity":"","overlay-gradient":""},"tablet":{"background-color":"","background-image":"","background-repeat":"repeat","background-position":"center center","background-size":"auto","background-attachment":"scroll","background-type":"","background-media":"","overlay-type":"","overlay-color":"","overlay-opacity":"","overlay-gradient":""},"mobile":{"background-color":"","background-image":"","background-repeat":"repeat","background-position":"center center","background-size":"auto","background-attachment":"scroll","background-type":"","background-media":"","overlay-type":"","overlay-color":"","overlay-opacity":"","overlay-gradient":""}},"ast-content-background-meta":{"desktop":{"background-color":"var(--ast-global-color-5)","background-image":"","background-repeat":"repeat","background-position":"center center","background-size":"auto","background-attachment":"scroll","background-type":"","background-media":"","overlay-type":"","overlay-color":"","overlay-opacity":"","overlay-gradient":""},"tablet":{"background-color":"var(--ast-global-color-5)","background-image":"","background-repeat":"repeat","background-position":"center center","background-size":"auto","background-attachment":"scroll","background-type":"","background-media":"","overlay-type":"","overlay-color":"","overlay-opacity":"","overlay-gradient":""},"mobile":{"background-color":"var(--ast-global-color-5)","background-image":"","background-repeat":"repeat","background-position":"center center","background-size":"auto","background-attachment":"scroll","background-type":"","background-media":"","overlay-type":"","overlay-color":"","overlay-opacity":"","overlay-gradient":""}},"footnotes":""},"categories":[24],"tags":[],"class_list":["post-5452","post","type-post","status-publish","format-standard","has-post-thumbnail","hentry","category-fernando-manzanilla"],"_links":{"self":[{"href":"https:\/\/losperiodistas.com.mx\/portal\/wp-json\/wp\/v2\/posts\/5452","targetHints":{"allow":["GET"]}}],"collection":[{"href":"https:\/\/losperiodistas.com.mx\/portal\/wp-json\/wp\/v2\/posts"}],"about":[{"href":"https:\/\/losperiodistas.com.mx\/portal\/wp-json\/wp\/v2\/types\/post"}],"author":[{"embeddable":true,"href":"https:\/\/losperiodistas.com.mx\/portal\/wp-json\/wp\/v2\/users\/1"}],"replies":[{"embeddable":true,"href":"https:\/\/losperiodistas.com.mx\/portal\/wp-json\/wp\/v2\/comments?post=5452"}],"version-history":[{"count":1,"href":"https:\/\/losperiodistas.com.mx\/portal\/wp-json\/wp\/v2\/posts\/5452\/revisions"}],"predecessor-version":[{"id":5453,"href":"https:\/\/losperiodistas.com.mx\/portal\/wp-json\/wp\/v2\/posts\/5452\/revisions\/5453"}],"wp:featuredmedia":[{"embeddable":true,"href":"https:\/\/losperiodistas.com.mx\/portal\/wp-json\/wp\/v2\/media\/3274"}],"wp:attachment":[{"href":"https:\/\/losperiodistas.com.mx\/portal\/wp-json\/wp\/v2\/media?parent=5452"}],"wp:term":[{"taxonomy":"category","embeddable":true,"href":"https:\/\/losperiodistas.com.mx\/portal\/wp-json\/wp\/v2\/categories?post=5452"},{"taxonomy":"post_tag","embeddable":true,"href":"https:\/\/losperiodistas.com.mx\/portal\/wp-json\/wp\/v2\/tags?post=5452"}],"curies":[{"name":"wp","href":"https:\/\/api.w.org\/{rel}","templated":true}]}}