{"id":54517,"date":"2023-07-11T06:48:35","date_gmt":"2023-07-11T11:48:35","guid":{"rendered":"http:\/\/losperiodistas.com.mx\/portal\/?p=54517"},"modified":"2023-07-11T06:48:37","modified_gmt":"2023-07-11T11:48:37","slug":"los-toros-de-nunez-del-cuvillo-dejan-un-quinto-encierro-limpio-emocionante-y-veloz-rtve","status":"publish","type":"post","link":"https:\/\/losperiodistas.com.mx\/portal\/los-toros-de-nunez-del-cuvillo-dejan-un-quinto-encierro-limpio-emocionante-y-veloz-rtve\/","title":{"rendered":"Los toros de N\u00fa\u00f1ez del Cuvillo dejan un quinto encierro limpio, emocionante y veloz | Rtve"},"content":{"rendered":"\n<p class=\"has-background has-medium-font-size\" style=\"background-color:#f22323\">Los toros de la ganader\u00eda gaditana han dejado dos heridos con politraumatismos, ninguno por asta\u00a0<\/p>\n\n\n\n<p><\/p>\n\n\n\n<figure class=\"wp-block-embed is-type-video is-provider-youtube wp-block-embed-youtube wp-embed-aspect-16-9 wp-has-aspect-ratio\"><div class=\"wp-block-embed__wrapper\">\n<iframe title=\"SAN FERM\u00cdN 2023: Los TOROS de N\u00da\u00d1EZ del CUVILLO dejan un QUINTO ENCIERRO emocionante y VELOZ | RTVE\" width=\"500\" height=\"281\" src=\"https:\/\/www.youtube.com\/embed\/_AI9XuTVySI?feature=oembed\" frameborder=\"0\" allow=\"accelerometer; autoplay; clipboard-write; encrypted-media; gyroscope; picture-in-picture; web-share\" referrerpolicy=\"strict-origin-when-cross-origin\" allowfullscreen><\/iframe>\n<\/div><\/figure>\n\n\n\n<p><\/p>\n\n\n\n<p class=\"has-vivid-red-color has-text-color has-medium-font-size\"><strong>SILVIA QU\u00cdLEZ \/ RTVE<\/strong><\/p>\n\n\n\n<p>El q<strong>uinto encierro de San Ferm\u00edn 2023 con toros de N\u00fa\u00f1ez del Cuvillo<\/strong>&nbsp;ha sido emocionante, veloz y con momentos de peligro, pero menos atropellado que los cuatro anteriores, m\u00e1s&nbsp;limpio, lo que&nbsp;ha permitido a los mozos hacer bonitas carreras porque la manada se ha estirado dejando&nbsp;huecos desde el inicio.&nbsp;<\/p>\n\n\n\n<p>Los toros de la ganader\u00eda gaditana&nbsp;han tardado&nbsp;<strong>dos&nbsp;minutos y veinti\u00fan&nbsp;segundos en completar el recorrido<\/strong>&nbsp;entre los corrales de Santo Domingo y la plaza de toros de Pamplona, el mismo tiempo que hicieron los toros de Fuente Ymbro este lunes, lejano todav\u00eda de la&nbsp;<a href=\"https:\/\/www.rtve.es\/noticias\/20150714\/ultimo-encierro-san-fermin-2015-toros-miura\/1178880.shtml\">marca hist\u00f3rica de los Miura de 2015<\/a>, de dos minutos y cinco segundos.&nbsp;&nbsp;<\/p>\n\n\n\n<p>El \u00faltimo parte m\u00e9dico de este quinto encierro ha habido&nbsp;<strong>dos traslados de mozos heridos&nbsp;al Complejo Hospitalario de Navarra<\/strong>&nbsp;por politraumatismos.<\/p>\n\n\n\n<p>Uno de los corredores heridos es un vecino de Barber\u00e0 del Vall\u00e8s (Barcelona), de 45 a\u00f1os,&nbsp;que ha sido trasladado desde el tramo de Mercaderes con&nbsp;un traumatismo craneoencef\u00e1lico con herida en la zona occipital. Desde el tramo de Santo Domingo ha sido conducido al hospital el estadounidense K.T., de 38 a\u00f1os, con traumatismo en la pierna derecha, trauma craneal y herida incisa.&nbsp;<\/p>\n\n\n\n<p>En la enfermer\u00eda de la&nbsp;<strong>plaza de toros han sido atendidos otros dos corredores<\/strong>, que no han precisado traslado al hospital.<\/p>\n\n\n\n<p>En el Complejo Hospitalario de Navarra permanecen el mozo\u00a0<a href=\"https:\/\/www.rtve.es\/noticias\/20230709\/tercer-encierro-san-fermin-2023-cronica\/2451562.shtml\">herido por asta de toro<\/a>\u00a0el pasado d\u00eda 9, G.F.F., de 48 a\u00f1os de Vila-Real (Castell\u00f3n)\u00a0<strong>permanece ingresado y evoluciona favorablemente<\/strong>\u00a0y en observaci\u00f3n en urgencias\u00a0el gal\u00e9s de 60 a\u00f1os B.H., quien este lunes sufri\u00f3 fracturas costales.<\/p>\n\n\n\n<p><a href=\"https:\/\/www.rtve.es\/play\/audios\/las-mananas-de-rne-con-inigo-alfonso\/quinto-encierro-sanfermines-2023\/6932382\/\" target=\"_blank\" rel=\"noreferrer noopener\"><strong>LAS MA\u00d1ANAS DE RNE CON \u00cd\u00d1IGO ALFONSOQuinto encierro de los Sanfermines 2023<em>ESCUCHAR AUDIO<\/em><\/strong><\/a><\/p>\n\n\n\n<p>La manada ha salido muy hermanada de los Corrales de Santo Domingo y ha estado liderada casi desde el primer tramo por un&nbsp;<strong>toro negro de nombre Farfonillo y 555 kilos de peso<\/strong>&nbsp;que se ha abierto paso a toda velocidad desmarc\u00e1ndose de sus hermanos.<\/p>\n\n\n\n<p>Los bravoz han cruzado velozmente por la plaza del Ayuntamiento hasta la curva de Mercaderes, donde dos toros han resbalado y han chocado contra el vallado, uno de los cuales se ha quedado unos segundos tendido en el suelo.<\/p>\n\n\n\n<h3 class=\"wp-block-heading\"><strong>Un toro negro se desmarca de sus hermanos<\/strong><\/h3>\n\n\n\n<p>Mientras tanto, el&nbsp;<strong>toro negro que iba en cabeza se ha separado todav\u00eda m\u00e1s de sus hermanos<\/strong>&nbsp;y ha recorrido a toda velocidad la recta de la Estafeta, rodeado por una multitud de mozos.<\/p>\n\n\n\n<p>El resto de la manada llegaba m\u00e1s retrasada, tambi\u00e9n&nbsp;<strong>rodeada por los mozos que intentaban buscar su oportunidad de correr<\/strong>&nbsp;por delante de los astados. Algunos corredores han tropezado y los toros les han pasado por encima. En otras dos ocasiones, en el lado derecho de la Estafeta, las ca\u00eddas de los corredores han provocado peque\u00f1os montones pero lejos de las reses.<\/p>\n\n\n\n<p>Superado el tramo de Telef\u00f3nica y enfilando hacia la plaza de toros, otro mozo ha tropezado delante de los astados. Despu\u00e9s, otro toro ha&nbsp;<strong>golpeado con el cuerno a una chica<\/strong>&nbsp;que se encontraba parada de espaldas en la parte derecha del vallado.<\/p>\n\n\n\n<p>Una vez en el interior del coso taurino, las reses han ido entrando una a una en chiqueros sin que se hayan producido momentos de tensi\u00f3n o peligro.<\/p>\n\n\n\n<p>Los N\u00fa\u00f1ez del Cuvillo protagonizaron un\u00a0<strong>primer encierro en 2022\u00a0con carreras bonitas y cinco heridos sin gravedad<\/strong>, fue tambi\u00e9n muy r\u00e1pido, dur\u00f3 dos minutos y 35 segundos y estuvo marcado por un\u00a0mont\u00f3n en la plaza.\u00a0<\/p>\n\n\n\n<p><a href=\"https:\/\/www.rtve.es\/noticias\/20220707\/primer-encierro-san-fermin\/2386991.shtml\"><strong>Primer encierro de San Ferm\u00edn r\u00e1pido y complicado con un mont\u00f3n en la entrada a la plaza<\/strong><\/a><\/p>\n\n\n\n<p>Es la duod\u00e9cima participaci\u00f3n en los Sanfermines para los astados de Vejer de la Frontera que por la tarde lidiar\u00e1n los diestros Morante de la Puebla, Alejandro Talavante y Roca Rey.<\/p>\n\n\n\n<h3 class=\"wp-block-heading\"><strong>Toros peligrosos en la carrera<\/strong><\/h3>\n\n\n\n<p>La manada que ha corrido este encierro est\u00e1 formada por&nbsp;<strong>tres toros de capa negra<\/strong>, &#8216;Farfonillo&#8217; (n\u00famero 30 de 555 kg), &#8216;Morito&#8217; (n\u00ba 103, de 565 kg) y &#8216;Ganador&#8217; (n\u00ba 205, de 565 kg), uno colorado de nombre &#8216;Pesadillo&#8217; (81, de 515 kg), un jabonero de nombre &#8216;Encumbrado&#8217; (n\u00ba 121, de 560 kg), y un jabonero sucio de nombre &#8216;Asturiano&#8217; (165, de 545 kg).<\/p>\n\n\n\n<p>La ganader\u00eda\u00a0de Joaqu\u00edn N\u00fa\u00f1ez del Cuvillo es una de las preferidas\u00a0por las figuras del toreo por su volumen y juego. El encaste comenz\u00f3 en 1982, con vacas y sementales de Jos\u00e9 Luis Osborne V\u00e1zquez, al que su propietario, el sevillano Joaqu\u00edn N\u00fa\u00f1ez del Cuvillo, fue a\u00f1adiendo reses del Conde de La Corte (a trav\u00e9s de Mora Figueroa), N\u00fa\u00f1ez (Sayalero y Bandr\u00e9s), Marqu\u00e9s de Domecq (Torrealta) y Juan Pedro Domecq.<\/p>\n\n\n\n<p class=\"has-cyan-bluish-gray-background-color has-background\"><a href=\"https:\/\/www.rtve.es\/noticias\/20230703\/nunez-cuvillo-ganaderia-quinto-encierro-2023\/2450996.shtml\"><strong>N\u00fa\u00f1ez del Cuvillo: los preferidos por las figuras<\/strong><em>RAFA GARC\u00cdA GARC\u00cdA DE LA TORRE (CLAR\u00cdN &#8211; RNE)<\/em><\/a><\/p>\n\n\n\n<p>Son toros de pelaje muy variado: negro, ensabanado, colorado, casta\u00f1o y jabonero -blanco amarillento, como el de las antiguas pastillas de jab\u00f3n; puede ser blanco claro o amarillo como la paja, pajizo-. Es un toro con volumen, que se arranca y remata siempre, llegando hasta el final. Por eso es peligroso en la carrera, ya que persigue y\u00a0<strong>no le importa estrellarse en el vallado en pos de quien les cite<\/strong>.<\/p>\n\n\n\n<p>Fuente: <a href=\"https:\/\/www.rtve.es\/noticias\/20230711\/quinto-encierro-san-fermin-2023-cronica\/2451663.shtml\">https:\/\/www.rtve.es\/noticias\/20230711\/quinto-encierro-san-fermin-2023-cronica\/2451663.shtml<\/a><\/p>\n","protected":false},"excerpt":{"rendered":"<p>Los toros de la ganader\u00eda gaditana han dejado dos heridos con politraumatismos, ninguno por asta\u00a0 SILVIA QU\u00cdLEZ \/ RTVE El [&hellip;]<\/p>\n","protected":false},"author":1,"featured_media":54518,"comment_status":"open","ping_status":"open","sticky":false,"template":"","format":"standard","meta":{"site-sidebar-layout":"default","site-content-layout":"","ast-site-content-layout":"default","site-content-style":"default","site-sidebar-style":"default","ast-global-header-display":"","ast-banner-title-visibility":"","ast-main-header-display":"","ast-hfb-above-header-display":"","ast-hfb-below-header-display":"","ast-hfb-mobile-header-display":"","site-post-title":"","ast-breadcrumbs-content":"","ast-featured-img":"","footer-sml-layout":"","theme-transparent-header-meta":"","adv-header-id-meta":"","stick-header-meta":"","header-above-stick-meta":"","header-main-stick-meta":"","header-below-stick-meta":"","astra-migrate-meta-layouts":"default","ast-page-background-enabled":"default","ast-page-background-meta":{"desktop":{"background-color":"var(--ast-global-color-4)","background-image":"","background-repeat":"repeat","background-position":"center center","background-size":"auto","background-attachment":"scroll","background-type":"","background-media":"","overlay-type":"","overlay-color":"","overlay-opacity":"","overlay-gradient":""},"tablet":{"background-color":"","background-image":"","background-repeat":"repeat","background-position":"center center","background-size":"auto","background-attachment":"scroll","background-type":"","background-media":"","overlay-type":"","overlay-color":"","overlay-opacity":"","overlay-gradient":""},"mobile":{"background-color":"","background-image":"","background-repeat":"repeat","background-position":"center center","background-size":"auto","background-attachment":"scroll","background-type":"","background-media":"","overlay-type":"","overlay-color":"","overlay-opacity":"","overlay-gradient":""}},"ast-content-background-meta":{"desktop":{"background-color":"var(--ast-global-color-5)","background-image":"","background-repeat":"repeat","background-position":"center center","background-size":"auto","background-attachment":"scroll","background-type":"","background-media":"","overlay-type":"","overlay-color":"","overlay-opacity":"","overlay-gradient":""},"tablet":{"background-color":"var(--ast-global-color-5)","background-image":"","background-repeat":"repeat","background-position":"center center","background-size":"auto","background-attachment":"scroll","background-type":"","background-media":"","overlay-type":"","overlay-color":"","overlay-opacity":"","overlay-gradient":""},"mobile":{"background-color":"var(--ast-global-color-5)","background-image":"","background-repeat":"repeat","background-position":"center center","background-size":"auto","background-attachment":"scroll","background-type":"","background-media":"","overlay-type":"","overlay-color":"","overlay-opacity":"","overlay-gradient":""}},"footnotes":""},"categories":[8],"tags":[17347,17348,17346],"class_list":["post-54517","post","type-post","status-publish","format-standard","has-post-thumbnail","hentry","category-noticias","tag-nunez-del-cuvillo","tag-quinto-encierro","tag-san-fermiun-2023"],"_links":{"self":[{"href":"https:\/\/losperiodistas.com.mx\/portal\/wp-json\/wp\/v2\/posts\/54517","targetHints":{"allow":["GET"]}}],"collection":[{"href":"https:\/\/losperiodistas.com.mx\/portal\/wp-json\/wp\/v2\/posts"}],"about":[{"href":"https:\/\/losperiodistas.com.mx\/portal\/wp-json\/wp\/v2\/types\/post"}],"author":[{"embeddable":true,"href":"https:\/\/losperiodistas.com.mx\/portal\/wp-json\/wp\/v2\/users\/1"}],"replies":[{"embeddable":true,"href":"https:\/\/losperiodistas.com.mx\/portal\/wp-json\/wp\/v2\/comments?post=54517"}],"version-history":[{"count":1,"href":"https:\/\/losperiodistas.com.mx\/portal\/wp-json\/wp\/v2\/posts\/54517\/revisions"}],"predecessor-version":[{"id":54519,"href":"https:\/\/losperiodistas.com.mx\/portal\/wp-json\/wp\/v2\/posts\/54517\/revisions\/54519"}],"wp:featuredmedia":[{"embeddable":true,"href":"https:\/\/losperiodistas.com.mx\/portal\/wp-json\/wp\/v2\/media\/54518"}],"wp:attachment":[{"href":"https:\/\/losperiodistas.com.mx\/portal\/wp-json\/wp\/v2\/media?parent=54517"}],"wp:term":[{"taxonomy":"category","embeddable":true,"href":"https:\/\/losperiodistas.com.mx\/portal\/wp-json\/wp\/v2\/categories?post=54517"},{"taxonomy":"post_tag","embeddable":true,"href":"https:\/\/losperiodistas.com.mx\/portal\/wp-json\/wp\/v2\/tags?post=54517"}],"curies":[{"name":"wp","href":"https:\/\/api.w.org\/{rel}","templated":true}]}}