{"id":54511,"date":"2023-07-11T06:24:32","date_gmt":"2023-07-11T11:24:32","guid":{"rendered":"http:\/\/losperiodistas.com.mx\/portal\/?p=54511"},"modified":"2023-07-11T06:24:34","modified_gmt":"2023-07-11T11:24:34","slug":"se-confrontan-pobladores-y-autoridades-en-chilpancingo-el-economista","status":"publish","type":"post","link":"https:\/\/losperiodistas.com.mx\/portal\/se-confrontan-pobladores-y-autoridades-en-chilpancingo-el-economista\/","title":{"rendered":"Se confrontan pobladores y autoridades en Chilpancingo\u00a0| El Economista"},"content":{"rendered":"\n<p class=\"has-background has-medium-font-size\" style=\"background-color:#ef6666\">Luego de que por m\u00e1s de 12 horas miles de pobladores cerraron la carretera federal Chilpancingo\u2013Acapulco, mejor conocida como la autopista del sol, lo que provoc\u00f3 enfrentamientos con elementos de la polic\u00eda Estatal y la Guardia Nacional, autoridades de Guerrero acusaron que los manifestantes buscan desestabilizar a la entidad.<\/p>\n\n\n\n<p><\/p>\n\n\n\n<figure class=\"wp-block-image size-large is-style-default\"><img fetchpriority=\"high\" decoding=\"async\" width=\"1024\" height=\"684\" src=\"https:\/\/losperiodistas.com.mx\/portal\/wp-content\/uploads\/2023\/07\/Captura-de-Pantalla-2023-07-11-a-las-5.20.18-1024x684.jpg\" alt=\"\" class=\"wp-image-54512\" srcset=\"https:\/\/losperiodistas.com.mx\/portal\/wp-content\/uploads\/2023\/07\/Captura-de-Pantalla-2023-07-11-a-las-5.20.18-1024x684.jpg 1024w, https:\/\/losperiodistas.com.mx\/portal\/wp-content\/uploads\/2023\/07\/Captura-de-Pantalla-2023-07-11-a-las-5.20.18-300x201.jpg 300w, https:\/\/losperiodistas.com.mx\/portal\/wp-content\/uploads\/2023\/07\/Captura-de-Pantalla-2023-07-11-a-las-5.20.18-768x513.jpg 768w, https:\/\/losperiodistas.com.mx\/portal\/wp-content\/uploads\/2023\/07\/Captura-de-Pantalla-2023-07-11-a-las-5.20.18.jpg 1514w\" sizes=\"(max-width: 1024px) 100vw, 1024px\" \/><figcaption>Alrededor de 5,000 pobladores bloquearon la carretera federal.<\/figcaption><\/figure>\n\n\n\n<p class=\"has-vivid-red-color has-text-color has-medium-font-size\"><strong>MARITZA P\u00c9REZ \/ EL ECONOMISTA<\/strong><\/p>\n\n\n\n<p>Luego de que por m\u00e1s de 12 horas miles de pobladores cerraron la carretera federal Chilpancingo\u2013Acapulco, mejor conocida como la autopista del sol, lo que provoc\u00f3 enfrentamientos con elementos de la polic\u00eda Estatal y la Guardia Nacional, autoridades de Guerrero acusaron que los manifestantes buscan desestabilizar a la entidad.<\/p>\n\n\n\n<p>La ma\u00f1ana de este lunes, alrededor de 5,000 pobladores diferentes localidades de Guerrero bloquearon la autopista del sol, en protesta por la detenci\u00f3n de dos l\u00edderes transportistas de la zona de Chilpancingo y quienes, seg\u00fan la Fiscal\u00eda General de la Rep\u00fablica (FGR), uno de ellos estar\u00eda ligado al grupo delictivo los Ardillos.<\/p>\n\n\n\n<p>Tras la presencia de los manifestantes, cerca de 700 elementos de la Polic\u00eda Estatal y la Guardia Nacional trataron de contener la situaci\u00f3n, no obstante, al verse rebasados fueron agredidos e incluso algunos de ellos fueron retenidos por los manifestantes, adem\u00e1s de que fue robado un veh\u00edculo blindado.<\/p>\n\n\n\n<h2 class=\"wp-block-heading\">Saldo de enfrentamiento<\/h2>\n\n\n\n<p>Datos preliminares hablan de cuatro polic\u00edas estatales y ocho elementos de la Guardia Nacional lesionados.<\/p>\n\n\n\n<p>En tanto, durante la tarde, los manifestantes se dirigieron hac\u00eda el centro de Chilpancingo, donde hicieron destrozos al Congreso y el Palacio Nacional.<\/p>\n\n\n\n<p>Seg\u00fan medios locales, despu\u00e9s de las 8 pm, los manifestantes liberaron la v\u00eda y se marcharon con rumbo a Petaquillas, llevando detenidos a nueve elementos de la Guardia Nacional y de la Polic\u00eda Estatal, as\u00ed como un veh\u00edculo blindado.<\/p>\n\n\n\n<p>Los medios de la entidad tambi\u00e9n se\u00f1alaron que el secretario de Seguridad P\u00fablica de Guerrero, Evelio M\u00e9ndez G\u00f3mez sostuvo que los pobladores son provenientes de los municipios de la Sierra y la Monta\u00f1a de Guerrero y se establecieron conversaciones con ellos, pero hasta ahora no han dado a conocer sus demandas.<\/p>\n\n\n\n<p>Por su parte, el secretario general de Gobierno, Ludwig Marcial Reynoso N\u00fa\u00f1ez, describi\u00f3 a la protesta como inusual debido a la agresi\u00f3n y falta de di\u00e1logo de los manifestantes.<\/p>\n\n\n\n<p><a href=\"mailto:politica@eleconomista.mx\">politica@eleconomista.mx<\/a><\/p>\n\n\n\n<p>Fuente: <a href=\"https:\/\/www.eleconomista.com.mx\/politica\/Se-confrontan-pobladores-y-autoridades-en-Chilpancingo-20230710-0158.html\">https:\/\/www.eleconomista.com.mx\/politica\/Se-confrontan-pobladores-y-autoridades-en-Chilpancingo-20230710-0158.html<\/a><\/p>\n","protected":false},"excerpt":{"rendered":"<p>Luego de que por m\u00e1s de 12 horas miles de pobladores cerraron la carretera federal Chilpancingo\u2013Acapulco, mejor conocida como la [&hellip;]<\/p>\n","protected":false},"author":1,"featured_media":54512,"comment_status":"open","ping_status":"open","sticky":false,"template":"","format":"standard","meta":{"site-sidebar-layout":"default","site-content-layout":"","ast-site-content-layout":"default","site-content-style":"default","site-sidebar-style":"default","ast-global-header-display":"","ast-banner-title-visibility":"","ast-main-header-display":"","ast-hfb-above-header-display":"","ast-hfb-below-header-display":"","ast-hfb-mobile-header-display":"","site-post-title":"","ast-breadcrumbs-content":"","ast-featured-img":"","footer-sml-layout":"","theme-transparent-header-meta":"","adv-header-id-meta":"","stick-header-meta":"","header-above-stick-meta":"","header-main-stick-meta":"","header-below-stick-meta":"","astra-migrate-meta-layouts":"default","ast-page-background-enabled":"default","ast-page-background-meta":{"desktop":{"background-color":"var(--ast-global-color-4)","background-image":"","background-repeat":"repeat","background-position":"center center","background-size":"auto","background-attachment":"scroll","background-type":"","background-media":"","overlay-type":"","overlay-color":"","overlay-opacity":"","overlay-gradient":""},"tablet":{"background-color":"","background-image":"","background-repeat":"repeat","background-position":"center center","background-size":"auto","background-attachment":"scroll","background-type":"","background-media":"","overlay-type":"","overlay-color":"","overlay-opacity":"","overlay-gradient":""},"mobile":{"background-color":"","background-image":"","background-repeat":"repeat","background-position":"center center","background-size":"auto","background-attachment":"scroll","background-type":"","background-media":"","overlay-type":"","overlay-color":"","overlay-opacity":"","overlay-gradient":""}},"ast-content-background-meta":{"desktop":{"background-color":"var(--ast-global-color-5)","background-image":"","background-repeat":"repeat","background-position":"center center","background-size":"auto","background-attachment":"scroll","background-type":"","background-media":"","overlay-type":"","overlay-color":"","overlay-opacity":"","overlay-gradient":""},"tablet":{"background-color":"var(--ast-global-color-5)","background-image":"","background-repeat":"repeat","background-position":"center center","background-size":"auto","background-attachment":"scroll","background-type":"","background-media":"","overlay-type":"","overlay-color":"","overlay-opacity":"","overlay-gradient":""},"mobile":{"background-color":"var(--ast-global-color-5)","background-image":"","background-repeat":"repeat","background-position":"center center","background-size":"auto","background-attachment":"scroll","background-type":"","background-media":"","overlay-type":"","overlay-color":"","overlay-opacity":"","overlay-gradient":""}},"footnotes":""},"categories":[8],"tags":[17342,2589,17343,2127],"class_list":["post-54511","post","type-post","status-publish","format-standard","has-post-thumbnail","hentry","category-noticias","tag-autopista-del-sol","tag-chilpancingo","tag-cierre-autopista","tag-guardia-nacional"],"_links":{"self":[{"href":"https:\/\/losperiodistas.com.mx\/portal\/wp-json\/wp\/v2\/posts\/54511","targetHints":{"allow":["GET"]}}],"collection":[{"href":"https:\/\/losperiodistas.com.mx\/portal\/wp-json\/wp\/v2\/posts"}],"about":[{"href":"https:\/\/losperiodistas.com.mx\/portal\/wp-json\/wp\/v2\/types\/post"}],"author":[{"embeddable":true,"href":"https:\/\/losperiodistas.com.mx\/portal\/wp-json\/wp\/v2\/users\/1"}],"replies":[{"embeddable":true,"href":"https:\/\/losperiodistas.com.mx\/portal\/wp-json\/wp\/v2\/comments?post=54511"}],"version-history":[{"count":1,"href":"https:\/\/losperiodistas.com.mx\/portal\/wp-json\/wp\/v2\/posts\/54511\/revisions"}],"predecessor-version":[{"id":54513,"href":"https:\/\/losperiodistas.com.mx\/portal\/wp-json\/wp\/v2\/posts\/54511\/revisions\/54513"}],"wp:featuredmedia":[{"embeddable":true,"href":"https:\/\/losperiodistas.com.mx\/portal\/wp-json\/wp\/v2\/media\/54512"}],"wp:attachment":[{"href":"https:\/\/losperiodistas.com.mx\/portal\/wp-json\/wp\/v2\/media?parent=54511"}],"wp:term":[{"taxonomy":"category","embeddable":true,"href":"https:\/\/losperiodistas.com.mx\/portal\/wp-json\/wp\/v2\/categories?post=54511"},{"taxonomy":"post_tag","embeddable":true,"href":"https:\/\/losperiodistas.com.mx\/portal\/wp-json\/wp\/v2\/tags?post=54511"}],"curies":[{"name":"wp","href":"https:\/\/api.w.org\/{rel}","templated":true}]}}