{"id":5448,"date":"2021-03-10T07:20:07","date_gmt":"2021-03-10T13:20:07","guid":{"rendered":"http:\/\/losperiodistas.com.mx\/portal\/?p=5448"},"modified":"2021-03-10T07:20:08","modified_gmt":"2021-03-10T13:20:08","slug":"muere-el-creador-de-la-cinta-de-cassette-lou-ottens-abc","status":"publish","type":"post","link":"https:\/\/losperiodistas.com.mx\/portal\/muere-el-creador-de-la-cinta-de-cassette-lou-ottens-abc\/","title":{"rendered":"Muere el creador de la cinta de cassette, Lou Ottens | ABC"},"content":{"rendered":"\n<p style=\"font-size:18px\"><em>El ingeniero, fallecido a los 94 a\u00f1os, trabajaba en los sesenta para la compa\u00f1\u00eda Hasselt, propiedad de Endhoven Philips, cuando alumbr\u00f3 el formato<\/em><\/p>\n\n\n\n<p class=\"has-vivid-cyan-blue-color has-text-color has-medium-font-size\">NACHO SERRANO \/ ABC<\/p>\n\n\n\n<p>Este martes se comunic\u00f3 que el pasado s\u00e1bado falleci\u00f3 a los 94 a\u00f1os&nbsp;<strong>Lou Ottens<\/strong>, el creador de la&nbsp;<strong>cinta de cassette<\/strong>, el formato de reproducci\u00f3n musical &#8216;m\u00e1s f\u00edsico&#8217; de todos. No s\u00f3lo fue el m\u00e1s f\u00e1cil de transportar, tambi\u00e9n fue el m\u00e1s manoseado de todos los formatos, el que se &#8216;rulaba&#8217; en los patios de colegios, el que se pasaba de pupitre en pupitre, el que m\u00e1s se decoraba y personalizaba cuando se le dedicaba una recopilaci\u00f3n a una amiga, el que se rebobinaba a mano con boli bic. Y sin duda el m\u00e1s duradero, sin desmerecer la calidad de sonido.<\/p>\n\n\n\n<p>Lou Ottens dirigi\u00f3 el equipo que desarroll\u00f3 el cassette en la compa\u00f1\u00eda Hasselt, propiedad de Endhoven&nbsp;<strong>Philips<\/strong>, a principios de los a\u00f1os sesenta. En 1964 se culmin\u00f3 el invento y se mand\u00f3 a fabricar en masa en Alemania. Un a\u00f1o despu\u00e9s empez\u00f3 a comercializarse en Europa, y en 1969 desembarc\u00f3 en Estados Unidos con una tirada inicial de cuarenta y nueve t\u00edtulos para The Mercury Record Company, una filial de Philips.<\/p>\n\n\n\n<p>La idea de Ottens consist\u00eda en&nbsp;<strong>usar cintas magn\u00e9ticas para grabar se\u00f1ales anal\u00f3gicas<\/strong>&nbsp;para la reproducci\u00f3n. La carcasa de pl\u00e1stico conten\u00eda dos carretes entre los que pasaba la cinta magn\u00e9tica, a unos 4,76 cent\u00edmetros por segundo. Esta cinta magn\u00e9tica conten\u00eda dos pares de pistas estereof\u00f3nicas, uno por cada cara: una cara se reproduc\u00eda cuando se pon\u00eda la cara A para arriba, y la otra cuando se le daba la vuelta, es decir, cuando se pon\u00eda la cara B.<\/p>\n\n\n\n<p>\u00abComo nuestro objetivo era hacer una grabadora de bolsillo,&nbsp;<strong>nuestro invento deb\u00eda caber en el bolsillo lateral de mi chaqueta<\/strong>\u00bb, explic\u00f3 Ottens en una entrevista con el medio The Register, en la que hizo gala de un gran sentido del humor. \u00abHice un bloque de madera que encajaba en mi bolsillo, y seguimos ese modelo. Eso no significa que llevar la grabadora real en mi chaqueta sea muy c\u00f3modo o aconsejable\u00bb. Ottens sol\u00eda hablar en plural cuando le preguntaban sobre el invento de la cinta de cassette, porque tuvo un nutrido equipo bajo su mando. \u00abEl grupo de ingenieros que llegu\u00e9 a dirigir a finales de la d\u00e9cada de 1950 y principios de la de 1960, estaba formado en su mayor\u00eda por j\u00f3venes con experiencia en el dise\u00f1o o fabricaci\u00f3n de equipos de grabaci\u00f3n y reproducci\u00f3n de discos, divididos en grupos y con sede en Eindhoven. Era un grupo mixto de origen belga y holand\u00e9s. Tuvimos la suerte de poder recurrir siempre al conocimiento disponible en los laboratorios y f\u00e1bricas del centro de investigaci\u00f3n de Eindhoven, que estaba a cincuenta kil\u00f3metros. No estoy seguro de c\u00f3mo de grande era el equipo&#8230; Tal vez en total 40 personas\u00bb.<\/p>\n\n\n\n<figure class=\"wp-block-image\"><img decoding=\"async\" src=\"https:\/\/static1.abc.es\/media\/cultura\/2021\/03\/10\/lou-ottens-2259915-U80676350527hsv-510x349@abc.jpg\" alt=\"\"\/><\/figure>\n\n\n\n<p>La cinta dio tres grandes saltos en los a\u00f1os setenta. El primero en 1971, cuando se empezaron a fabricar cassettes que combinaban la reducci\u00f3n de ruidos Dolby con una cinta magn\u00e9tica de di\u00f3xido de cromo. El segundo fue en 1974, cuando&nbsp;<strong>la empresa japonesa Maxell lanz\u00f3 los cassettes con cinta virgen que permit\u00edan hacer copias<\/strong>&nbsp;de los \u00e1lbumes originales, gracias a las grabadoras dom\u00e9sticas que a continuaci\u00f3n comercializaron Pioneer, Sony, Akai, Technics y Sony. Y el tercero, que lo consolid\u00f3 como formato port\u00e1til predilecto de los mel\u00f3manos, fue&nbsp;<strong>en 1979, cuando Sony present\u00f3 el Walkman<\/strong>. Pero la llegada del CD, y despu\u00e9s del disc-man, llev\u00f3 a la cassette a un lento declive que se acentu\u00f3 cuando se dejaron de fabricar walkmans en 2010.<\/p>\n\n\n\n<p>En Espa\u00f1a, el cassette salv\u00f3 a muchas m\u00fasicas populares de la marginaci\u00f3n, ya que permiti\u00f3 que siguieran vendi\u00e9ndose sin problema en los puntos de distribuci\u00f3n ajenos a la industria (gasolineras, etc&#8230;). Pero las ventas empezaron a caer dr\u00e1sticamente con el cambio de siglo, y las f\u00e1bricas empezaron a cerrar hacia 2004. Dos a\u00f1os despu\u00e9s, las\u00a0<strong>ventas cayeron hasta las 8.000 unidades, lo que hizo dar por muerto al formato<\/strong>. Sin embargo, en enero de 2018, la consultora Nielsen hizo un estudio que dio toda una sorpresa a la industria musical: el a\u00f1o anterior, el cassette hab\u00eda tenido su mejor a\u00f1o en ventas desde 2012. El crecimiento, nada menos que de un 74 por ciento en Estados Unidos y un 35 por ciento a nivel global, tuvo mucho que ver con el hecho de que las bandas sonoras de \u00abGuardianes de la Galaxia\u00bb y \u00abStranger Things\u00bb se vendieron en este formato y le dieron un enorme impulso. Pero aquello no fue una an\u00e9cdota. La nostalgia sigui\u00f3 pegando fuerte en 2018, a\u00f1o en que el crecimiento ascendi\u00f3 hasta un 125 por ciento en Reino Unido, y en 2019 se mantuvo la tendencia a la alta. Pero\u00a0<strong>en 2020 el incremento de ventas fue del 103 por ciento<\/strong>\u00a0en sus ventas con respecto al a\u00f1o anterior, seg\u00fan Official Charts Company, . De hecho, en seis meses se han vendido m\u00e1s cintas que en todo 2018. Este renacimiento del formato ha hecho que surjan nuevos proyectos como La Casseter\u00eda, una f\u00e1brica de cintas en Madrid.<\/p>\n\n\n\n<p>Fuente: https:\/\/www.abc.es\/cultura\/musica\/abci-muere-creador-cinta-cassette-ottens-202103101043_noticia.html<\/p>\n","protected":false},"excerpt":{"rendered":"<p>El ingeniero, fallecido a los 94 a\u00f1os, trabajaba en los sesenta para la compa\u00f1\u00eda Hasselt, propiedad de Endhoven Philips, cuando [&hellip;]<\/p>\n","protected":false},"author":1,"featured_media":5449,"comment_status":"open","ping_status":"open","sticky":false,"template":"","format":"standard","meta":{"site-sidebar-layout":"default","site-content-layout":"","ast-site-content-layout":"default","site-content-style":"default","site-sidebar-style":"default","ast-global-header-display":"","ast-banner-title-visibility":"","ast-main-header-display":"","ast-hfb-above-header-display":"","ast-hfb-below-header-display":"","ast-hfb-mobile-header-display":"","site-post-title":"","ast-breadcrumbs-content":"","ast-featured-img":"","footer-sml-layout":"","theme-transparent-header-meta":"","adv-header-id-meta":"","stick-header-meta":"","header-above-stick-meta":"","header-main-stick-meta":"","header-below-stick-meta":"","astra-migrate-meta-layouts":"default","ast-page-background-enabled":"default","ast-page-background-meta":{"desktop":{"background-color":"var(--ast-global-color-4)","background-image":"","background-repeat":"repeat","background-position":"center center","background-size":"auto","background-attachment":"scroll","background-type":"","background-media":"","overlay-type":"","overlay-color":"","overlay-opacity":"","overlay-gradient":""},"tablet":{"background-color":"","background-image":"","background-repeat":"repeat","background-position":"center center","background-size":"auto","background-attachment":"scroll","background-type":"","background-media":"","overlay-type":"","overlay-color":"","overlay-opacity":"","overlay-gradient":""},"mobile":{"background-color":"","background-image":"","background-repeat":"repeat","background-position":"center center","background-size":"auto","background-attachment":"scroll","background-type":"","background-media":"","overlay-type":"","overlay-color":"","overlay-opacity":"","overlay-gradient":""}},"ast-content-background-meta":{"desktop":{"background-color":"var(--ast-global-color-5)","background-image":"","background-repeat":"repeat","background-position":"center center","background-size":"auto","background-attachment":"scroll","background-type":"","background-media":"","overlay-type":"","overlay-color":"","overlay-opacity":"","overlay-gradient":""},"tablet":{"background-color":"var(--ast-global-color-5)","background-image":"","background-repeat":"repeat","background-position":"center center","background-size":"auto","background-attachment":"scroll","background-type":"","background-media":"","overlay-type":"","overlay-color":"","overlay-opacity":"","overlay-gradient":""},"mobile":{"background-color":"var(--ast-global-color-5)","background-image":"","background-repeat":"repeat","background-position":"center center","background-size":"auto","background-attachment":"scroll","background-type":"","background-media":"","overlay-type":"","overlay-color":"","overlay-opacity":"","overlay-gradient":""}},"footnotes":""},"categories":[8],"tags":[394,393],"class_list":["post-5448","post","type-post","status-publish","format-standard","has-post-thumbnail","hentry","category-noticias","tag-cinta-de-cassette","tag-lou-ottens"],"_links":{"self":[{"href":"https:\/\/losperiodistas.com.mx\/portal\/wp-json\/wp\/v2\/posts\/5448","targetHints":{"allow":["GET"]}}],"collection":[{"href":"https:\/\/losperiodistas.com.mx\/portal\/wp-json\/wp\/v2\/posts"}],"about":[{"href":"https:\/\/losperiodistas.com.mx\/portal\/wp-json\/wp\/v2\/types\/post"}],"author":[{"embeddable":true,"href":"https:\/\/losperiodistas.com.mx\/portal\/wp-json\/wp\/v2\/users\/1"}],"replies":[{"embeddable":true,"href":"https:\/\/losperiodistas.com.mx\/portal\/wp-json\/wp\/v2\/comments?post=5448"}],"version-history":[{"count":1,"href":"https:\/\/losperiodistas.com.mx\/portal\/wp-json\/wp\/v2\/posts\/5448\/revisions"}],"predecessor-version":[{"id":5450,"href":"https:\/\/losperiodistas.com.mx\/portal\/wp-json\/wp\/v2\/posts\/5448\/revisions\/5450"}],"wp:featuredmedia":[{"embeddable":true,"href":"https:\/\/losperiodistas.com.mx\/portal\/wp-json\/wp\/v2\/media\/5449"}],"wp:attachment":[{"href":"https:\/\/losperiodistas.com.mx\/portal\/wp-json\/wp\/v2\/media?parent=5448"}],"wp:term":[{"taxonomy":"category","embeddable":true,"href":"https:\/\/losperiodistas.com.mx\/portal\/wp-json\/wp\/v2\/categories?post=5448"},{"taxonomy":"post_tag","embeddable":true,"href":"https:\/\/losperiodistas.com.mx\/portal\/wp-json\/wp\/v2\/tags?post=5448"}],"curies":[{"name":"wp","href":"https:\/\/api.w.org\/{rel}","templated":true}]}}