{"id":5445,"date":"2021-03-10T06:46:28","date_gmt":"2021-03-10T12:46:28","guid":{"rendered":"http:\/\/losperiodistas.com.mx\/portal\/?p=5445"},"modified":"2021-03-10T06:46:29","modified_gmt":"2021-03-10T12:46:29","slug":"no-hay-promesa-de-volar-en-el-aeropuerto-de-santa-lucia-volaris-el-economista","status":"publish","type":"post","link":"https:\/\/losperiodistas.com.mx\/portal\/no-hay-promesa-de-volar-en-el-aeropuerto-de-santa-lucia-volaris-el-economista\/","title":{"rendered":"No hay promesa de volar en el aeropuerto de Santa Luc\u00eda: Volaris | El Economista"},"content":{"rendered":"\n<p style=\"font-size:18px\"><em>Enrique Beltranena, se\u00f1al\u00f3 que a\u00fan no est\u00e1 decidido si la aerol\u00ednea operar\u00e1 en el AIFA, hasta que no haya certeza de que existan las condiciones adecuadas en materia de seguridad, infraestructura, capacidad de servicios y costos.<\/em><\/p>\n\n\n\n<p class=\"has-vivid-cyan-blue-color has-text-color has-medium-font-size\">A21 \/ EL ECONOMISTA<\/p>\n\n\n\n<p>El director general de Volaris, Enrique Beltranena, se\u00f1al\u00f3 que a\u00fan no est\u00e1 decidido si la aerol\u00ednea operar\u00e1 en el Aeropuerto Internacional Felipe \u00c1ngeles (AIFA), hasta que no haya certeza de que existan las condiciones adecuadas en materia de seguridad, infraestructura, capacidad de servicios y costos.<\/p>\n\n\n\n<p>\u201cEs preciso aclarar que para Volaris es muy importante ser part\u00edcipe de la redefinici\u00f3n del tr\u00e1fico a\u00e9reo en el \u00e1rea metropolitana de M\u00e9xico. Sin embargo, esto no significa que Volaris haya tomado una decisi\u00f3n de volar a Santa Luc\u00eda. Primero tenemos que analizar si se dan las condiciones adecuadas en materia de seguridad, infraestructura, capacidad de servicios y costos\u201d, se\u00f1al\u00f3 Enrique Beltranena a petici\u00f3n expresa de A21.<\/p>\n\n\n\n<p>\u201cComo aerol\u00ednea tenemos que esperar a que se termine el proceso de construcci\u00f3n y se inicie la operaci\u00f3n. A partir de ah\u00ed, analizaremos si encaja con nuestro modelo de negocios y la estrategia de conexi\u00f3n punto a punto\u201d, a\u00f1adi\u00f3 el directivo.<\/p>\n\n\n\n<p>Volaris, como aerol\u00ednea de ultra bajo costo, no tiene un hub espec\u00edfico desde el cual opere, aunque la mayor parte de sus actividades comerciales despegan desde los aeropuertos de Ciudad de M\u00e9xico y Tijuana. Como parte de su estrategia comercial, la aerol\u00ednea busca optimizar sus gastos con el objetivo no solo de competir directamente con otras compa\u00f1\u00edas a\u00e9reas, sino tambi\u00e9n con el transporte terrestre de autobuses, generando un nuevo segmento de pasajeros e incrementar su participaci\u00f3n de mercado.<\/p>\n\n\n\n<p>\u201cSe est\u00e1 avanzando a buena velocidad y de las tres pistas programadas ya hay dos que est\u00e1n pr\u00e1cticamente terminadas. Adem\u00e1s, se ha hecho una excelente labor removiendo todo lo que estaba en la base militar para poder iniciar el proceso de construcci\u00f3n que permiti\u00f3 redireccionar las pistas de aterrizaje eliminando los obst\u00e1culos\u201d, se\u00f1al\u00f3 Beltranena.<\/p>\n\n\n\n<p>Con respecto a los estudios y certificaciones, corresponde a las autoridades en la materia definir e informar cu\u00e1les son los requisitos y procedimientos necesarios para este proyecto, a\u00f1adi\u00f3 el director general de Volaris. En este sentido, de acuerdo con el Colegio de Pilotos Aviadores de M\u00e9xico, el AIFA a\u00fan carece de los estudios finales que sustenten la capacidad combinada con el aeropuerto capitalino, as\u00ed como certificaciones nacionales e internacionales, redefinici\u00f3n del espacio a\u00e9reo y su Certificado de Aer\u00f3dromo Civil de Servicio P\u00fablico, emitido por la Agencia Federal de Aviaci\u00f3n Civil.<\/p>\n\n\n\n<p>El pasado 10 de febrero, el A321neo de Volaris fue una de las primeras aeronaves que aterriz\u00f3 en el complejo en construcci\u00f3n durante la ceremonia del D\u00eda Nacional de la Fuerza A\u00e9rea Mexicana, convocada por el presidente Andr\u00e9s Manuel L\u00f3pez Obrador, con el fin de inaugurar una pista con su terminal militar.Sin embargo, el AIFA todav\u00eda no est\u00e1 terminado, y la construcci\u00f3n se encuentra\u00a0 aproximadamente al 50%, de acuerdo con los datos de la Sedena. El gobierno federal prometi\u00f3 inaugurarlo el 21 de marzo de 2022.<\/p>\n\n\n\n<p>Fuente: https:\/\/www.eleconomista.com.mx\/empresas\/No-hay-promesa-de-volar-en-Santa-Lucia-Volaris-20210310-0022.html<\/p>\n","protected":false},"excerpt":{"rendered":"<p>Enrique Beltranena, se\u00f1al\u00f3 que a\u00fan no est\u00e1 decidido si la aerol\u00ednea operar\u00e1 en el AIFA, hasta que no haya certeza [&hellip;]<\/p>\n","protected":false},"author":1,"featured_media":5446,"comment_status":"open","ping_status":"open","sticky":false,"template":"","format":"standard","meta":{"site-sidebar-layout":"default","site-content-layout":"","ast-site-content-layout":"default","site-content-style":"default","site-sidebar-style":"default","ast-global-header-display":"","ast-banner-title-visibility":"","ast-main-header-display":"","ast-hfb-above-header-display":"","ast-hfb-below-header-display":"","ast-hfb-mobile-header-display":"","site-post-title":"","ast-breadcrumbs-content":"","ast-featured-img":"","footer-sml-layout":"","theme-transparent-header-meta":"","adv-header-id-meta":"","stick-header-meta":"","header-above-stick-meta":"","header-main-stick-meta":"","header-below-stick-meta":"","astra-migrate-meta-layouts":"default","ast-page-background-enabled":"default","ast-page-background-meta":{"desktop":{"background-color":"var(--ast-global-color-4)","background-image":"","background-repeat":"repeat","background-position":"center center","background-size":"auto","background-attachment":"scroll","background-type":"","background-media":"","overlay-type":"","overlay-color":"","overlay-opacity":"","overlay-gradient":""},"tablet":{"background-color":"","background-image":"","background-repeat":"repeat","background-position":"center center","background-size":"auto","background-attachment":"scroll","background-type":"","background-media":"","overlay-type":"","overlay-color":"","overlay-opacity":"","overlay-gradient":""},"mobile":{"background-color":"","background-image":"","background-repeat":"repeat","background-position":"center center","background-size":"auto","background-attachment":"scroll","background-type":"","background-media":"","overlay-type":"","overlay-color":"","overlay-opacity":"","overlay-gradient":""}},"ast-content-background-meta":{"desktop":{"background-color":"var(--ast-global-color-5)","background-image":"","background-repeat":"repeat","background-position":"center center","background-size":"auto","background-attachment":"scroll","background-type":"","background-media":"","overlay-type":"","overlay-color":"","overlay-opacity":"","overlay-gradient":""},"tablet":{"background-color":"var(--ast-global-color-5)","background-image":"","background-repeat":"repeat","background-position":"center center","background-size":"auto","background-attachment":"scroll","background-type":"","background-media":"","overlay-type":"","overlay-color":"","overlay-opacity":"","overlay-gradient":""},"mobile":{"background-color":"var(--ast-global-color-5)","background-image":"","background-repeat":"repeat","background-position":"center center","background-size":"auto","background-attachment":"scroll","background-type":"","background-media":"","overlay-type":"","overlay-color":"","overlay-opacity":"","overlay-gradient":""}},"footnotes":""},"categories":[8],"tags":[391,392,390],"class_list":["post-5445","post","type-post","status-publish","format-standard","has-post-thumbnail","hentry","category-noticias","tag-aifa","tag-seguridad-aerea-felipe-angeles","tag-volaris"],"_links":{"self":[{"href":"https:\/\/losperiodistas.com.mx\/portal\/wp-json\/wp\/v2\/posts\/5445","targetHints":{"allow":["GET"]}}],"collection":[{"href":"https:\/\/losperiodistas.com.mx\/portal\/wp-json\/wp\/v2\/posts"}],"about":[{"href":"https:\/\/losperiodistas.com.mx\/portal\/wp-json\/wp\/v2\/types\/post"}],"author":[{"embeddable":true,"href":"https:\/\/losperiodistas.com.mx\/portal\/wp-json\/wp\/v2\/users\/1"}],"replies":[{"embeddable":true,"href":"https:\/\/losperiodistas.com.mx\/portal\/wp-json\/wp\/v2\/comments?post=5445"}],"version-history":[{"count":1,"href":"https:\/\/losperiodistas.com.mx\/portal\/wp-json\/wp\/v2\/posts\/5445\/revisions"}],"predecessor-version":[{"id":5447,"href":"https:\/\/losperiodistas.com.mx\/portal\/wp-json\/wp\/v2\/posts\/5445\/revisions\/5447"}],"wp:featuredmedia":[{"embeddable":true,"href":"https:\/\/losperiodistas.com.mx\/portal\/wp-json\/wp\/v2\/media\/5446"}],"wp:attachment":[{"href":"https:\/\/losperiodistas.com.mx\/portal\/wp-json\/wp\/v2\/media?parent=5445"}],"wp:term":[{"taxonomy":"category","embeddable":true,"href":"https:\/\/losperiodistas.com.mx\/portal\/wp-json\/wp\/v2\/categories?post=5445"},{"taxonomy":"post_tag","embeddable":true,"href":"https:\/\/losperiodistas.com.mx\/portal\/wp-json\/wp\/v2\/tags?post=5445"}],"curies":[{"name":"wp","href":"https:\/\/api.w.org\/{rel}","templated":true}]}}