{"id":54262,"date":"2023-07-07T08:31:46","date_gmt":"2023-07-07T13:31:46","guid":{"rendered":"http:\/\/losperiodistas.com.mx\/portal\/?p=54262"},"modified":"2023-07-07T08:31:48","modified_gmt":"2023-07-07T13:31:48","slug":"san-fermin-2023","status":"publish","type":"post","link":"https:\/\/losperiodistas.com.mx\/portal\/san-fermin-2023\/","title":{"rendered":"<strong>San Ferm\u00edn 2023<\/strong>"},"content":{"rendered":"\n<h1 class=\"wp-block-heading\" id=\"h1_maincontent\"><strong>Primer encierro de San Ferm\u00edn limpio y tenso en el \u00faltimo tramo con toros de La Palmosilla<\/strong> | Rtve<\/h1>\n\n\n\n<p class=\"has-background\" style=\"background-color:#f43c3c\">La ganader\u00eda de Tarifa, muy noble,\u00a0ha dejado seis heridos, ninguno por asta de toro<\/p>\n\n\n\n<p><\/p>\n\n\n\n<figure class=\"wp-block-image size-large is-style-default\"><img fetchpriority=\"high\" decoding=\"async\" width=\"1024\" height=\"575\" src=\"https:\/\/losperiodistas.com.mx\/portal\/wp-content\/uploads\/2023\/07\/Captura-de-Pantalla-2023-07-07-a-las-7.26.02-1024x575.jpg\" alt=\"\" class=\"wp-image-54263\" srcset=\"https:\/\/losperiodistas.com.mx\/portal\/wp-content\/uploads\/2023\/07\/Captura-de-Pantalla-2023-07-07-a-las-7.26.02-1024x575.jpg 1024w, https:\/\/losperiodistas.com.mx\/portal\/wp-content\/uploads\/2023\/07\/Captura-de-Pantalla-2023-07-07-a-las-7.26.02-300x169.jpg 300w, https:\/\/losperiodistas.com.mx\/portal\/wp-content\/uploads\/2023\/07\/Captura-de-Pantalla-2023-07-07-a-las-7.26.02-768x432.jpg 768w, https:\/\/losperiodistas.com.mx\/portal\/wp-content\/uploads\/2023\/07\/Captura-de-Pantalla-2023-07-07-a-las-7.26.02-1536x863.jpg 1536w, https:\/\/losperiodistas.com.mx\/portal\/wp-content\/uploads\/2023\/07\/Captura-de-Pantalla-2023-07-07-a-las-7.26.02-2048x1151.jpg 2048w\" sizes=\"(max-width: 1024px) 100vw, 1024px\" \/><\/figure>\n\n\n\n<p>https:\/\/secure-embed.rtve.es\/drmn\/embed\/video\/6929972 <img decoding=\"async\" src=\"https:\/\/img2.rtve.es\/css\/rtve.commons\/rtve.header.footer\/i\/logoRTVEes.png\" alt=\"\"><a href=\"https:\/\/www.rtve.es\/play\/videos\/sanfermines\/primer-encierro-san-fermin-2023-palmosilla\/6929972\/\"> <strong>Primer encierro de San Ferm\u00edn 2023 con toros de La Palmosilla<\/strong><\/a><\/p>\n\n\n\n<p><\/p>\n\n\n\n<p class=\"has-vivid-red-color has-text-color has-medium-font-size\"><strong>SILVIA QU\u00cdLEZ \/ RTVE<\/strong><\/p>\n\n\n\n<p>El&nbsp;<strong>primer encierro de San Ferm\u00edn 2023<\/strong>&nbsp;con toros de&nbsp;<strong>La Palmosilla<\/strong>, ha sido muy r\u00e1pido y limpio. Los astados de la ganader\u00eda gaditana de Tarifa&nbsp;han salido muy agrupados de los corrales y&nbsp;la manada, ya m\u00e1s estirada en la calle Estafeta, ha permitido&nbsp;bonitas carreras de los mozos. Se han vivido momentos tensos en el \u00faltimo tramo, sobre todo en&nbsp;la llegada al callej\u00f3n,&nbsp;donde ha habido numerosas ca\u00eddas.<\/p>\n\n\n\n<p>El\u00a0\u00faltimo parte m\u00e9dico\u00a0ha informado de\u00a0<strong>seis heridos, de 25 a 50 a\u00f1os, que han requerido asistencia m\u00e9dica por contusiones<\/strong>, uno en Estafeta, otro en la bajada de Javier, dos en Telef\u00f3nica y otros dos en la plaza de toros,\u00a0ninguno por asta.\u00a0Algunos corredores al caerse han sufrido pisotones debido a la velocidad de los astados, dos negros y cuatro casta\u00f1os,\u00a0que han pasado por encima de algunos de los mozos.<\/p>\n\n\n\n<p>Tres de los heridos que han requerido ser trasladados&nbsp;al hospital son estadounidenses: desde el tramo de Telef\u00f3nica sur M.M.O. , de 27 a\u00f1os,&nbsp;quien presenta una fractura de r\u00f3tula que est\u00e1 en valoraci\u00f3n y que, seg\u00fan han apuntado, seguramente requerir\u00e1 tratamiento quir\u00fargico, desde la bajada de Javier ha sido trasladado V.M.O. de 41 a\u00f1os, con fractura abierta de mu\u00f1eca, que requerir\u00e1 cirug\u00eda, mientras que el tercer&nbsp;estadounidense herido, identificado como L.G.O., de 26 a\u00f1os, ha sido atendido por un traumatismo.<\/p>\n\n\n\n<p>Otro de los corredores heridos es I.O.V, de 25 a\u00f1os y residente en Ripollet (Barcelona), que ha llegado con un traumatismo craneoencef\u00e1lico para una segunda valoraci\u00f3n.&nbsp;En proceso de valoraci\u00f3n se encuentra G.R.S., vecino de Olloki (Navarra) de 46 a\u00f1os, quien ha sido trasladado desde Espoz y Mina con un traumatismo craneoencef\u00e1lico. Por \u00faltimo, se encuentra en observaci\u00f3n para un seguimiento m\u00e1s detallado. F.I.A., vecino de Pamplona de 50 a\u00f1os, que ha sufrido un traumatismo en el trayecto de Telef\u00f3nica de pron\u00f3stico reservado.<\/p>\n\n\n\n<h3 class=\"wp-block-heading\"><strong>Tensi\u00f3n por varias ca\u00eddas en el \u00faltimo tramo&nbsp;<\/strong><\/h3>\n\n\n\n<p>En dos minutos y 32 segundos, los\u00a0<strong>toros han completado el recorrido desde los corrales<\/strong>\u00a0de la Cuesta de Santo Domingo hasta la Plaza de Toros. El tiempo del encierro se ha extendido en m\u00e1s de diez segundos porque uno de los morlacos se ha quedado m\u00e1s rezagado junto a un cabestro en la plaza.<\/p>\n\n\n\n<p><a href=\"https:\/\/www.rtve.es\/play\/audios\/sanfermines-en-rne\/sanfermines-2023\/6930022\/\" target=\"_blank\" rel=\"noreferrer noopener\"><strong>SANFERMINES EN RNEPrimer encierro de los Sanfermines 2023<em>ESCUCHAR AUDIO<\/em><\/strong><\/a><\/p>\n\n\n\n<p>Encabezaba la carrera un cabestro. Tres toros iban m\u00e1s agrupados en cabeza de la manada y tras ellos se han ido descolgando dos astados y finalmente el sexto toro, que ha cubierto en solitario toda la parte final del recorrido.<\/p>\n\n\n\n<p>Cuesta arriba y haciendo forzar la carrera de los mozos, los&nbsp;<strong>bravos han completado este primer tramo con limpieza<\/strong>, excepto alguna ca\u00edda, hasta llegar a la plaza Consistorial, donde uno de los astados ha barrido sin problemas su lado izquierdo.&nbsp;<\/p>\n\n\n\n<p>Ya en Mercaderes, la manada, compacta, ha enfilado hasta la curva, que ha superado sin llegar a caer, un punto que ha servido para que ya encabezados por los cabestros comenzaran a estirarse y atravesar en esa disposici\u00f3n la larga calle de la Estafeta.<\/p>\n\n\n\n<p>Con los corredores intentando coger sitio ante las astas, la&nbsp;<strong>velocidad de unos y otros ha generado algunos huecos para lucirse<\/strong>, aunque tambi\u00e9n la velocidad de los bureles ha propiciado algunas ca\u00eddas de los participantes.<\/p>\n\n\n\n<p>Rapid\u00edsimos han atravesado el tramo de Telef\u00f3nica, con un toro negro que ha amagado un barrido a su izquierda sin consecuencias, al parecer, por lo que ya muy estirados han entrado en el coso, los cinco&nbsp;primeros directamente a chiqueros, pero no as\u00ed uno de sus hermanos casta\u00f1os que ha&nbsp;dejado momentos de tensi\u00f3n en el callej\u00f3n de la plaza.<\/p>\n\n\n\n<h3 class=\"wp-block-heading\"><strong>Tercer a\u00f1o de La Palmosilla en San Ferm\u00edn<\/strong><\/h3>\n\n\n\n<p>Los toros de La Palmosilla han protagonizado el primer encierro en reconocimiento a la \u00absignificativa\u00bb corrida que la ganader\u00eda protagoniz\u00f3 en la \u00faltima edici\u00f3n de los Sanfermines. As\u00ed lo recordaba este jueves el responsable, Javier N\u00fa\u00f1ez, que se\u00f1alaba en La Hora de La 1 de TVE, poco antes del chupinazo,&nbsp;el&nbsp;<strong>comportamiento noble que caracteriza a estos toros<\/strong>.&nbsp;<\/p>\n\n\n\n<p>Los astados ser\u00e1n lidiados esta tarde en la Plaza de Toros por los diestros Rafaelillo, Manuel Escribano y Leo Valadez.<\/p>\n\n\n\n<p>La Palmosilla, que participa por tercera vez en San Ferm\u00edn, era\u00a0uno de los hierros m\u00e1s esperados y atractivos de esta edici\u00f3n de San Ferm\u00edn, qued\u00f3 en\u00a0tercera posici\u00f3n en el Hierro de Oro de RNE del a\u00f1o pasado tras Victoriano del R\u00edo y La Quinta.<\/p>\n\n\n\n<p><a href=\"https:\/\/www.rtve.es\/noticias\/20230703\/palmosilla-ganaderia-primer-encierro-2023\/2450949.shtml\"><strong>La Palmosilla: la gran revelaci\u00f3n ganadera<\/strong><em>RAFA GARC\u00cdA GARC\u00cdA DE LA TORRE (CLAR\u00cdN &#8211; RNE)<\/em><\/a><\/p>\n\n\n\n<p>Estas reses pastan en la finca La China, en el t\u00e9rmino municipal de Tarifa (C\u00e1diz). Fue creada en 1996 con vacas y sementales de Juan Pedro Domecq y N\u00fa\u00f1ez del Cuvillo. Son unos toros con trap\u00edo, poderosos, musculosos e\u00a0imponentes, que entrenan y se preparan para participar en esta cita de Pamplona.\u00a0<\/p>\n\n\n\n<p>Fuente: <a href=\"https:\/\/www.rtve.es\/noticias\/20230707\/primer-encierro-san-fermin-2023-cronica\/2451429.shtml\">https:\/\/www.rtve.es\/noticias\/20230707\/primer-encierro-san-fermin-2023-cronica\/2451429.shtml<\/a><\/p>\n","protected":false},"excerpt":{"rendered":"<p>Primer encierro de San Ferm\u00edn limpio y tenso en el \u00faltimo tramo con toros de La Palmosilla | Rtve La [&hellip;]<\/p>\n","protected":false},"author":1,"featured_media":54263,"comment_status":"open","ping_status":"open","sticky":false,"template":"","format":"standard","meta":{"site-sidebar-layout":"default","site-content-layout":"","ast-site-content-layout":"default","site-content-style":"default","site-sidebar-style":"default","ast-global-header-display":"","ast-banner-title-visibility":"","ast-main-header-display":"","ast-hfb-above-header-display":"","ast-hfb-below-header-display":"","ast-hfb-mobile-header-display":"","site-post-title":"","ast-breadcrumbs-content":"","ast-featured-img":"","footer-sml-layout":"","theme-transparent-header-meta":"","adv-header-id-meta":"","stick-header-meta":"","header-above-stick-meta":"","header-main-stick-meta":"","header-below-stick-meta":"","astra-migrate-meta-layouts":"default","ast-page-background-enabled":"default","ast-page-background-meta":{"desktop":{"background-color":"var(--ast-global-color-4)","background-image":"","background-repeat":"repeat","background-position":"center center","background-size":"auto","background-attachment":"scroll","background-type":"","background-media":"","overlay-type":"","overlay-color":"","overlay-opacity":"","overlay-gradient":""},"tablet":{"background-color":"","background-image":"","background-repeat":"repeat","background-position":"center center","background-size":"auto","background-attachment":"scroll","background-type":"","background-media":"","overlay-type":"","overlay-color":"","overlay-opacity":"","overlay-gradient":""},"mobile":{"background-color":"","background-image":"","background-repeat":"repeat","background-position":"center center","background-size":"auto","background-attachment":"scroll","background-type":"","background-media":"","overlay-type":"","overlay-color":"","overlay-opacity":"","overlay-gradient":""}},"ast-content-background-meta":{"desktop":{"background-color":"var(--ast-global-color-5)","background-image":"","background-repeat":"repeat","background-position":"center center","background-size":"auto","background-attachment":"scroll","background-type":"","background-media":"","overlay-type":"","overlay-color":"","overlay-opacity":"","overlay-gradient":""},"tablet":{"background-color":"var(--ast-global-color-5)","background-image":"","background-repeat":"repeat","background-position":"center center","background-size":"auto","background-attachment":"scroll","background-type":"","background-media":"","overlay-type":"","overlay-color":"","overlay-opacity":"","overlay-gradient":""},"mobile":{"background-color":"var(--ast-global-color-5)","background-image":"","background-repeat":"repeat","background-position":"center center","background-size":"auto","background-attachment":"scroll","background-type":"","background-media":"","overlay-type":"","overlay-color":"","overlay-opacity":"","overlay-gradient":""}},"footnotes":""},"categories":[8],"tags":[17267,17268],"class_list":["post-54262","post","type-post","status-publish","format-standard","has-post-thumbnail","hentry","category-noticias","tag-la-palmosilla","tag-sanfermines-2023"],"_links":{"self":[{"href":"https:\/\/losperiodistas.com.mx\/portal\/wp-json\/wp\/v2\/posts\/54262","targetHints":{"allow":["GET"]}}],"collection":[{"href":"https:\/\/losperiodistas.com.mx\/portal\/wp-json\/wp\/v2\/posts"}],"about":[{"href":"https:\/\/losperiodistas.com.mx\/portal\/wp-json\/wp\/v2\/types\/post"}],"author":[{"embeddable":true,"href":"https:\/\/losperiodistas.com.mx\/portal\/wp-json\/wp\/v2\/users\/1"}],"replies":[{"embeddable":true,"href":"https:\/\/losperiodistas.com.mx\/portal\/wp-json\/wp\/v2\/comments?post=54262"}],"version-history":[{"count":1,"href":"https:\/\/losperiodistas.com.mx\/portal\/wp-json\/wp\/v2\/posts\/54262\/revisions"}],"predecessor-version":[{"id":54265,"href":"https:\/\/losperiodistas.com.mx\/portal\/wp-json\/wp\/v2\/posts\/54262\/revisions\/54265"}],"wp:featuredmedia":[{"embeddable":true,"href":"https:\/\/losperiodistas.com.mx\/portal\/wp-json\/wp\/v2\/media\/54263"}],"wp:attachment":[{"href":"https:\/\/losperiodistas.com.mx\/portal\/wp-json\/wp\/v2\/media?parent=54262"}],"wp:term":[{"taxonomy":"category","embeddable":true,"href":"https:\/\/losperiodistas.com.mx\/portal\/wp-json\/wp\/v2\/categories?post=54262"},{"taxonomy":"post_tag","embeddable":true,"href":"https:\/\/losperiodistas.com.mx\/portal\/wp-json\/wp\/v2\/tags?post=54262"}],"curies":[{"name":"wp","href":"https:\/\/api.w.org\/{rel}","templated":true}]}}