{"id":54231,"date":"2023-07-06T07:27:25","date_gmt":"2023-07-06T12:27:25","guid":{"rendered":"http:\/\/losperiodistas.com.mx\/portal\/?p=54231"},"modified":"2023-07-06T12:28:44","modified_gmt":"2023-07-06T17:28:44","slug":"invertir-en-la-salud-mental","status":"publish","type":"post","link":"https:\/\/losperiodistas.com.mx\/portal\/invertir-en-la-salud-mental\/","title":{"rendered":"Invertir en la salud mental"},"content":{"rendered":"\n<p><\/p>\n\n\n\n<p class=\"has-vivid-red-color has-text-color\" style=\"font-size:26px\"><strong><em>Por Fernando Manzanilla Prieto<\/em><\/strong><\/p>\n\n\n\n<p><\/p>\n\n\n\n<p>Hace algunos d\u00edas, el Gobierno Federal anunci\u00f3 la creaci\u00f3n de la Comisi\u00f3n Nacional de Salud Mental y Adicciones, la CONASAMA, un \u00f3rgano administrativo desconcentrado de la Secretar\u00eda de Salud, cuyo objetivo es promover la salud mental y el bienestar integral de la poblaci\u00f3n.<\/p>\n\n\n\n<p>Seg\u00fan lo informado, esta Comisi\u00f3n tendr\u00e1 entre sus actividades elaborar la pol\u00edtica p\u00fablica, estrategias y programas de promoci\u00f3n, prevenci\u00f3n y atenci\u00f3n de problemas y trastornos de salud mental, as\u00ed como de la adicci\u00f3n al alcohol, tabaco, nicotina y cualquier sustancia que pueda provocar da\u00f1os a la salud.<\/p>\n\n\n\n<p>Considero que este cambio de paradigma que impulsa la propia federaci\u00f3n, respecto a la atenci\u00f3n prioritaria de la salud mental y las adicciones, es fundamental y mucho m\u00e1s en estos tiempos en que gran cantidad de las problem\u00e1ticas que estamos viviendo tanto en nuestro pa\u00eds, como en el entorno global, est\u00e1n vinculadas a ellas.<\/p>\n\n\n\n<p>Seg\u00fan la Organizaci\u00f3n Mundial de la Salud (OMS), la humanidad est\u00e1 viviendo un momento crucial en la historia de las enfermedades no transmisibles, las cuales se han visto alentadas por los impactos de la globalizaci\u00f3n, el r\u00e1pido crecimiento urbano, el envejecimiento de la poblaci\u00f3n y los h\u00e1bitos de vida poco saludables, como son una alimentaci\u00f3n inadecuada, la falta de actividad f\u00edsica y el consumo de sustancias psicoactivas.<\/p>\n\n\n\n<p>Asimismo, la pandemia por COVID-19 ha dejado una estela de estragos en la salud f\u00edsica y mental de la poblaci\u00f3n, como son miedo, preocupaci\u00f3n y ansiedad. Tan solo en una encuesta realizada en el 2021 por el Foro Econ\u00f3mico Mundial en 30 pa\u00edses, m\u00e1s de la mitad de los participantes expusieron que su salud mental hab\u00eda empeorado desde el comienzo de la pandemia, superando el promedio global del estudio de 45%.<\/p>\n\n\n\n<p>No podemos pasar por alto que los efectos de estos padecimientos se reflejan en un costo incalculable para la sociedad. Al respecto, un estudio realizado por la Escuela de Econom\u00eda y Ciencia Pol\u00edtica de Londres revel\u00f3 que las p\u00e9rdidas econ\u00f3micas debidas a los trastornos mentales que provocan discapacidad o muerte entre los j\u00f3venes se estiman en casi 390 mil millones de d\u00f3lares al a\u00f1o.<\/p>\n\n\n\n<p>Desafortunadamente en M\u00e9xico el tema de la salud mental y las adicciones representa un foco rojo. Seg\u00fan datos de la Encuesta Nacional de Salud y Nutrici\u00f3n 2021 sobre Covid-19, se estim\u00f3 que entre la poblaci\u00f3n adolescente de 10 a 19 a\u00f1os, 6.6% padece depresi\u00f3n, mientras que en la poblaci\u00f3n adulta es el 16.1%; el 19.1% de la poblaci\u00f3n consume tabaco; el 10.3% consume en exceso alcohol; en la poblaci\u00f3n adolescente, el 21.1% consume alcohol y el 6.3% tienen ideas suicidas.<\/p>\n\n\n\n<p>Al respecto, en junio de 2022, la UNAM public\u00f3 un estudio que describe el aumento de suicidios, principalmente entre adolescentes y j\u00f3venes de 14 a 29 a\u00f1os de edad. Actualmente, el suicidio es la cuarta causa de muerte entre j\u00f3venes de M\u00e9xico y el mundo, pero se vaticina que para 2029 se convierta en la segunda.<\/p>\n\n\n\n<p>Precisamente, es en el escenario descrito donde radica la importancia de la creaci\u00f3n de la CONASAMA, ya que para nadie es un secreto que en nuestro pa\u00eds hist\u00f3ricamente los recursos econ\u00f3micos, humanos y materiales disponibles para la atenci\u00f3n de la salud mental no son suficientes y han sido mal distribuidos, lo que ha generado una gran brecha entre el n\u00famero de personas con trastornos mentales que necesitan tratamiento y aquellos que lo reciben.<\/p>\n\n\n\n<p>Es imperativo implementar estrategias efectivas para promover la salud mental y el bienestar integral en el pa\u00eds, por ello es que aplaudo esta acci\u00f3n del Gobierno Federal, la cual sin duda se debe replicar en los estados bajo una combinaci\u00f3n de medidas a nivel individual, comunitario y gubernamental.<\/p>\n\n\n\n<p>Se necesita educar a la poblaci\u00f3n sobre la importancia de la salud mental, fomentar la conciencia y eliminar el estigma asociado a los trastornos mentales. Adem\u00e1s, es necesario ampliar y mejorar el acceso a servicios de salud mental de calidad, especialmente en \u00e1reas rurales y comunidades marginadas. El fortalecimiento de la atenci\u00f3n primaria de salud y la capacitaci\u00f3n de profesionales de la salud en el campo de la salud mental tambi\u00e9n son aspectos clave para abordar esta problem\u00e1tica.<\/p>\n\n\n\n<p>No queda m\u00e1s que esperar que el plan de trabajo de la Comisi\u00f3n empiece a permear en todo el pa\u00eds y que los estados y municipios hagan lo propio, ya que invertir en la salud mental puede mejorar la calidad de vida de las y los ciudadanos, reducir la carga econ\u00f3mica y social asociada para as\u00ed construir una naci\u00f3n m\u00e1s resiliente y pr\u00f3spera.<\/p>\n","protected":false},"excerpt":{"rendered":"<p>Por Fernando Manzanilla Prieto Hace algunos d\u00edas, el Gobierno Federal anunci\u00f3 la creaci\u00f3n de la Comisi\u00f3n Nacional de Salud Mental [&hellip;]<\/p>\n","protected":false},"author":1,"featured_media":54232,"comment_status":"open","ping_status":"open","sticky":false,"template":"","format":"standard","meta":{"site-sidebar-layout":"default","site-content-layout":"","ast-site-content-layout":"default","site-content-style":"default","site-sidebar-style":"default","ast-global-header-display":"","ast-banner-title-visibility":"","ast-main-header-display":"","ast-hfb-above-header-display":"","ast-hfb-below-header-display":"","ast-hfb-mobile-header-display":"","site-post-title":"","ast-breadcrumbs-content":"","ast-featured-img":"","footer-sml-layout":"","theme-transparent-header-meta":"","adv-header-id-meta":"","stick-header-meta":"","header-above-stick-meta":"","header-main-stick-meta":"","header-below-stick-meta":"","astra-migrate-meta-layouts":"default","ast-page-background-enabled":"default","ast-page-background-meta":{"desktop":{"background-color":"var(--ast-global-color-4)","background-image":"","background-repeat":"repeat","background-position":"center center","background-size":"auto","background-attachment":"scroll","background-type":"","background-media":"","overlay-type":"","overlay-color":"","overlay-opacity":"","overlay-gradient":""},"tablet":{"background-color":"","background-image":"","background-repeat":"repeat","background-position":"center center","background-size":"auto","background-attachment":"scroll","background-type":"","background-media":"","overlay-type":"","overlay-color":"","overlay-opacity":"","overlay-gradient":""},"mobile":{"background-color":"","background-image":"","background-repeat":"repeat","background-position":"center center","background-size":"auto","background-attachment":"scroll","background-type":"","background-media":"","overlay-type":"","overlay-color":"","overlay-opacity":"","overlay-gradient":""}},"ast-content-background-meta":{"desktop":{"background-color":"var(--ast-global-color-5)","background-image":"","background-repeat":"repeat","background-position":"center center","background-size":"auto","background-attachment":"scroll","background-type":"","background-media":"","overlay-type":"","overlay-color":"","overlay-opacity":"","overlay-gradient":""},"tablet":{"background-color":"var(--ast-global-color-5)","background-image":"","background-repeat":"repeat","background-position":"center center","background-size":"auto","background-attachment":"scroll","background-type":"","background-media":"","overlay-type":"","overlay-color":"","overlay-opacity":"","overlay-gradient":""},"mobile":{"background-color":"var(--ast-global-color-5)","background-image":"","background-repeat":"repeat","background-position":"center center","background-size":"auto","background-attachment":"scroll","background-type":"","background-media":"","overlay-type":"","overlay-color":"","overlay-opacity":"","overlay-gradient":""}},"footnotes":""},"categories":[24,8],"tags":[17261,153],"class_list":["post-54231","post","type-post","status-publish","format-standard","has-post-thumbnail","hentry","category-fernando-manzanilla","category-noticias","tag-conasama","tag-salud-mental"],"_links":{"self":[{"href":"https:\/\/losperiodistas.com.mx\/portal\/wp-json\/wp\/v2\/posts\/54231","targetHints":{"allow":["GET"]}}],"collection":[{"href":"https:\/\/losperiodistas.com.mx\/portal\/wp-json\/wp\/v2\/posts"}],"about":[{"href":"https:\/\/losperiodistas.com.mx\/portal\/wp-json\/wp\/v2\/types\/post"}],"author":[{"embeddable":true,"href":"https:\/\/losperiodistas.com.mx\/portal\/wp-json\/wp\/v2\/users\/1"}],"replies":[{"embeddable":true,"href":"https:\/\/losperiodistas.com.mx\/portal\/wp-json\/wp\/v2\/comments?post=54231"}],"version-history":[{"count":2,"href":"https:\/\/losperiodistas.com.mx\/portal\/wp-json\/wp\/v2\/posts\/54231\/revisions"}],"predecessor-version":[{"id":54234,"href":"https:\/\/losperiodistas.com.mx\/portal\/wp-json\/wp\/v2\/posts\/54231\/revisions\/54234"}],"wp:featuredmedia":[{"embeddable":true,"href":"https:\/\/losperiodistas.com.mx\/portal\/wp-json\/wp\/v2\/media\/54232"}],"wp:attachment":[{"href":"https:\/\/losperiodistas.com.mx\/portal\/wp-json\/wp\/v2\/media?parent=54231"}],"wp:term":[{"taxonomy":"category","embeddable":true,"href":"https:\/\/losperiodistas.com.mx\/portal\/wp-json\/wp\/v2\/categories?post=54231"},{"taxonomy":"post_tag","embeddable":true,"href":"https:\/\/losperiodistas.com.mx\/portal\/wp-json\/wp\/v2\/tags?post=54231"}],"curies":[{"name":"wp","href":"https:\/\/api.w.org\/{rel}","templated":true}]}}