{"id":54226,"date":"2023-07-06T12:21:51","date_gmt":"2023-07-06T17:21:51","guid":{"rendered":"http:\/\/losperiodistas.com.mx\/portal\/?p=54226"},"modified":"2023-07-06T12:21:52","modified_gmt":"2023-07-06T17:21:52","slug":"el-crimen-organizado-intervendra-en-las-elecciones-del-2024-a-favor-de-morena-felipe-calderon-proceso","status":"publish","type":"post","link":"https:\/\/losperiodistas.com.mx\/portal\/el-crimen-organizado-intervendra-en-las-elecciones-del-2024-a-favor-de-morena-felipe-calderon-proceso\/","title":{"rendered":"El crimen organizado intervendr\u00e1 en las elecciones del 2024 a favor de Morena: Felipe Calder\u00f3n | Proceso"},"content":{"rendered":"\n<p class=\"has-light-green-cyan-background-color has-background\"><strong>En breve entrevista con Proceso, el expresidente Felipe Calder\u00f3n da \u201cpor un hecho\u201d que el crimen organizado no s\u00f3lo intervendr\u00e1 en las elecciones del 2024, sino que lo har\u00e1 \u201cen favor de los candidatos de Morena\u201d. De cara a esos comicios, plantea \u201cla pregunta clave\u00bb: \u00bfC\u00f3mo se comportar\u00e1 el Ej\u00e9rcito?<\/strong><\/p>\n\n\n\n<figure class=\"wp-block-embed is-type-video is-provider-youtube wp-block-embed-youtube wp-embed-aspect-16-9 wp-has-aspect-ratio\"><div class=\"wp-block-embed__wrapper\">\n<iframe title=\"El crimen organizado intervendr\u00e1 en las elecciones del 2024 a favor de Morena: Felipe Calder\u00f3n\" width=\"500\" height=\"281\" src=\"https:\/\/www.youtube.com\/embed\/dz8zViTSgKQ?feature=oembed\" frameborder=\"0\" allow=\"accelerometer; autoplay; clipboard-write; encrypted-media; gyroscope; picture-in-picture; web-share\" referrerpolicy=\"strict-origin-when-cross-origin\" allowfullscreen><\/iframe>\n<\/div><\/figure>\n\n\n\n<p><\/p>\n\n\n\n<p class=\"has-vivid-red-color has-text-color has-medium-font-size\"><strong>ALEJANDRO GUTI\u00c9RREZ \/ PROCESO<\/strong><\/p>\n\n\n\n<p><strong>Madrid (Proceso).\u2014<\/strong>&nbsp;&nbsp;El crimen organizado \u201cva a intervenir\u201d en las elecciones del 2024, como \u201cya intervino en las elecciones locales de 2021\u201d, se\u00f1al\u00f3 el expresidente de M\u00e9xico, Felipe Calder\u00f3n.<\/p>\n\n\n\n<p>De hecho, afirm\u00f3, \u201cya est\u00e1 interviniendo, auspiciando, propiciando. No s\u00e9 si financiando\u201d.<\/p>\n\n\n\n<p class=\"has-cyan-bluish-gray-background-color has-background\"><strong>NOTICIAS RELACIONADAS<\/strong><\/p>\n\n\n\n<ul class=\"wp-block-list\"><li><a href=\"https:\/\/www.proceso.com.mx\/nacional\/2023\/6\/30\/silvano-aureoles-felipe-calderon-son-muy-hipocritas-amlo-309821.html\">Silvano Aureoles y Felipe Calder\u00f3n \u201cson muy hip\u00f3critas\u201d: AMLO<\/a><\/li><li><a href=\"https:\/\/www.proceso.com.mx\/nacional\/2023\/6\/29\/felipe-calderon-condena-asesinato-de-hipolito-mora-me-uno-las-exigencias-de-justicia-309746.html\">Felipe Calder\u00f3n condena asesinato de Hip\u00f3lito Mora: \u00abMe uno a las exigencias de justicia\u00bb<\/a><\/li><li><a href=\"https:\/\/www.proceso.com.mx\/nacional\/2023\/6\/28\/felipe-calderon-lamenta-el-retiro-de-lilly-tellez-pide-marko-cortes-que-atienda-sus-reclamos-309675.html\">Felipe Calder\u00f3n lamenta el retiro de Lilly T\u00e9llez y pide a Marko Cort\u00e9s que atienda sus reclamos<\/a><\/li><\/ul>\n\n\n\n<p>A pregunta expresa de&nbsp;<strong>Proceso<\/strong>&nbsp;sobre la eventual participaci\u00f3n del narcotr\u00e1fico en los comicios del pr\u00f3ximo a\u00f1o, afirm\u00f3: \u201cAqu\u00ed la clave es que va a intervenir, eso lo doy por un hecho, a favor de los candidatos de Morena\u201d.<\/p>\n\n\n\n<p>Sostuvo que \u201cla \u00fanica manera de superar eso, es con una votaci\u00f3n abrumadora y masiva, sobre todo en aquellas zonas que el crimen organizado no pueda controlar y desde ya, que el INE, con la autoridad que a\u00fan le queda, pueda anular o neutralizar los intentos del crimen organizado por intervenir en todas aquellas zonas que todos sabemos que existen\u201d.<\/p>\n\n\n\n<p>Calder\u00f3n no ofreci\u00f3 pruebas en las que apoya su afirmaci\u00f3n sobre la actuaci\u00f3n del narco a favor de Morena en los comicios federales del pr\u00f3ximo a\u00f1o.&nbsp;<\/p>\n\n\n\n<figure class=\"wp-block-image is-style-default\"><img decoding=\"async\" src=\"https:\/\/www.proceso.com.mx\/u\/fotografias\/m\/2023\/7\/5\/f768x400-176967_220870_23.jpg\" alt=\"\"\/><figcaption>Campa\u00f1as en zonas de violencia<\/figcaption><\/figure>\n\n\n\n<p>Insisti\u00f3&nbsp;en que durante su gobierno se combat\u00eda al crimen organizado \u201ccon toda la fuerza de la ley. Lo que hoy estamos viendo en M\u00e9xico, esta tragedia en la cual a los ciudadanos que discrepan del gobierno, como el caso de Hip\u00f3lito Mora, a pesar de que \u00e9l estaba amenazado, a pesar de que \u00e9l pidi\u00f3 ayuda, se le abandona y se le deja en las manos de los criminales, como se dej\u00f3 al dirigente (Jes\u00fas Gonz\u00e1lez) del (partido) Verde en Guerrero, que tambi\u00e9n advirti\u00f3 las amenazas en su contra y se deja en manos de los criminales\u201d.&nbsp;<\/p>\n\n\n\n<figure class=\"wp-block-image is-style-default\"><img decoding=\"async\" src=\"https:\/\/www.proceso.com.mx\/u\/fotografias\/m\/2023\/7\/5\/f768x400-176968_220871_15.jpg\" alt=\"\"\/><figcaption>Funerales de Hip\u00f3lito Mora. \u00abLo abandonaron\u00bb<\/figcaption><\/figure>\n\n\n\n<p>\u201cEn mi gobierno se actuaba con todo el peso de la ley y en este gobierno se dan abrazos y los balazos se los llevan los ciudadanos\u201d, se\u00f1al\u00f3.<\/p>\n\n\n\n<p>Previamente Calder\u00f3n hab\u00eda hablado de los riesgos de la participaci\u00f3n del crimen organizado en los comicios federales del 2024. Lo hizo durante su intervenci\u00f3n en el foro de la Fundaci\u00f3n Internacional para la Libertad (FIL), que preside Mario Vargas Llosa. FIL es uno de los cientos de&nbsp;think tanksauspiciados por Atlas Network, la \u201cabeja reina\u201d de las redes de la derecha mundial, del pensamiento ultraconservador en favor del libre mercado a ultranza y en defensa de la libertad personal, que mueve sus hilos para tratar de influir en gobiernos, grandes empresas y fondos de inversi\u00f3n alrededor del urbe.<\/p>\n\n\n\n<p>Luego de ofrecer un panorama cr\u00edtico sobre M\u00e9xico bajo la presidencia de Andr\u00e9s Manuel L\u00f3pez Obrador, Calder\u00f3n se\u00f1al\u00f3 que \u201cel crimen organizado se ha expandido, y obviamente va a tener incidencia electoral (en 2024) y esto es extremadamente preocupante\u201d.<\/p>\n\n\n\n<p>Y enumer\u00f3 cuatro factores \u201cde enorme riesgo para la Presidencia el pr\u00f3ximo a\u00f1o\u201d. El primero, dijo, es \u201cla vuelta al aparato de Estado compitiendo ilegalmente e impunemente\u201d en las elecciones.<\/p>\n\n\n\n<p>Luego se\u00f1al\u00f3 la presencia del crimen organizado con amplio dominio territorial en M\u00e9xico, que, dijo, por supuesto va a participar en elecciones. Record\u00f3 que el propio L\u00f3pez Obrador declar\u00f3 que \u201ccuando sus colaboradores traen el chaleco morado no los detiene el crimen organizado, los deja pasar, \u00e9l mismo lo dice, claro, son sus candidatos; en cambio, a los ciudadanos si se les extorsiona, si se les para, si se les secuestra y si se les asesina. Esta es la gran diferencia entre traer un chaleco de Morena, que son los mismos de los Servidores de la Naci\u00f3n y ser un ciudadano com\u00fan\u201d, afirm\u00f3.<\/p>\n\n\n\n<figure class=\"wp-block-image is-style-default\"><img decoding=\"async\" src=\"https:\/\/www.proceso.com.mx\/u\/fotografias\/m\/2023\/7\/5\/f768x400-176969_220872_15.jpeg\" alt=\"\"\/><figcaption>Elecciones del 2021. \u00abEl narco intervino\u00bb<\/figcaption><\/figure>\n\n\n\n<p>El exmandatario se pregunt\u00f3 qu\u00e9 va a pasar \u201cen caso de derrota de la candidata de AMLO (en alusi\u00f3n a Claudia Sheinbaum), \u00bfva a reconocer el resultado?. La respuesta l\u00f3gica es que no, (porque) nunca ha reconocido una derrota ni siquiera dentro de su partido\u201d.<\/p>\n\n\n\n<p>\u201cLa siguiente pregunta es, no reconoci\u00e9ndolo \u00e9l (AMLO), \u00bfseguir\u00e1 funcionando lo que queda de la institucionalidad mexicana? Probablemente el Instituto (Nacional) Electoral s\u00ed, porque trat\u00f3 de atacarlo, cambio posiciones clave, pero no suficiente para cambiar la cabeza\u201d.<\/p>\n\n\n\n<p>\u201cY la gran pregunta es \u00bfcu\u00e1l ser\u00e1 el comportamiento del Ej\u00e9rcito?\u201d, expres\u00f3 en referencia a la fuerte presencia militar no s\u00f3lo en funciones de seguridad, sino en aduanas, obras p\u00fablicas y otras tareas.<\/p>\n\n\n\n<p>Fuente: <a href=\"https:\/\/www.proceso.com.mx\/nacional\/2023\/7\/5\/el-crimen-organizado-intervendra-en-las-elecciones-del-2024-favor-de-morena-felipe-calderon-310146.html\">https:\/\/www.proceso.com.mx\/nacional\/2023\/7\/5\/el-crimen-organizado-intervendra-en-las-elecciones-del-2024-favor-de-morena-felipe-calderon-310146.html<\/a><\/p>\n","protected":false},"excerpt":{"rendered":"<p>En breve entrevista con Proceso, el expresidente Felipe Calder\u00f3n da \u201cpor un hecho\u201d que el crimen organizado no s\u00f3lo intervendr\u00e1 [&hellip;]<\/p>\n","protected":false},"author":1,"featured_media":54229,"comment_status":"open","ping_status":"open","sticky":false,"template":"","format":"standard","meta":{"site-sidebar-layout":"default","site-content-layout":"","ast-site-content-layout":"default","site-content-style":"default","site-sidebar-style":"default","ast-global-header-display":"","ast-banner-title-visibility":"","ast-main-header-display":"","ast-hfb-above-header-display":"","ast-hfb-below-header-display":"","ast-hfb-mobile-header-display":"","site-post-title":"","ast-breadcrumbs-content":"","ast-featured-img":"","footer-sml-layout":"","theme-transparent-header-meta":"","adv-header-id-meta":"","stick-header-meta":"","header-above-stick-meta":"","header-main-stick-meta":"","header-below-stick-meta":"","astra-migrate-meta-layouts":"default","ast-page-background-enabled":"default","ast-page-background-meta":{"desktop":{"background-color":"var(--ast-global-color-4)","background-image":"","background-repeat":"repeat","background-position":"center center","background-size":"auto","background-attachment":"scroll","background-type":"","background-media":"","overlay-type":"","overlay-color":"","overlay-opacity":"","overlay-gradient":""},"tablet":{"background-color":"","background-image":"","background-repeat":"repeat","background-position":"center center","background-size":"auto","background-attachment":"scroll","background-type":"","background-media":"","overlay-type":"","overlay-color":"","overlay-opacity":"","overlay-gradient":""},"mobile":{"background-color":"","background-image":"","background-repeat":"repeat","background-position":"center center","background-size":"auto","background-attachment":"scroll","background-type":"","background-media":"","overlay-type":"","overlay-color":"","overlay-opacity":"","overlay-gradient":""}},"ast-content-background-meta":{"desktop":{"background-color":"var(--ast-global-color-5)","background-image":"","background-repeat":"repeat","background-position":"center center","background-size":"auto","background-attachment":"scroll","background-type":"","background-media":"","overlay-type":"","overlay-color":"","overlay-opacity":"","overlay-gradient":""},"tablet":{"background-color":"var(--ast-global-color-5)","background-image":"","background-repeat":"repeat","background-position":"center center","background-size":"auto","background-attachment":"scroll","background-type":"","background-media":"","overlay-type":"","overlay-color":"","overlay-opacity":"","overlay-gradient":""},"mobile":{"background-color":"var(--ast-global-color-5)","background-image":"","background-repeat":"repeat","background-position":"center center","background-size":"auto","background-attachment":"scroll","background-type":"","background-media":"","overlay-type":"","overlay-color":"","overlay-opacity":"","overlay-gradient":""}},"footnotes":""},"categories":[8],"tags":[5486,1735,247,1963],"class_list":["post-54226","post","type-post","status-publish","format-standard","has-post-thumbnail","hentry","category-noticias","tag-elecciones-2024","tag-felipe-calderon","tag-morena","tag-narcotrafico-mexico"],"_links":{"self":[{"href":"https:\/\/losperiodistas.com.mx\/portal\/wp-json\/wp\/v2\/posts\/54226","targetHints":{"allow":["GET"]}}],"collection":[{"href":"https:\/\/losperiodistas.com.mx\/portal\/wp-json\/wp\/v2\/posts"}],"about":[{"href":"https:\/\/losperiodistas.com.mx\/portal\/wp-json\/wp\/v2\/types\/post"}],"author":[{"embeddable":true,"href":"https:\/\/losperiodistas.com.mx\/portal\/wp-json\/wp\/v2\/users\/1"}],"replies":[{"embeddable":true,"href":"https:\/\/losperiodistas.com.mx\/portal\/wp-json\/wp\/v2\/comments?post=54226"}],"version-history":[{"count":1,"href":"https:\/\/losperiodistas.com.mx\/portal\/wp-json\/wp\/v2\/posts\/54226\/revisions"}],"predecessor-version":[{"id":54230,"href":"https:\/\/losperiodistas.com.mx\/portal\/wp-json\/wp\/v2\/posts\/54226\/revisions\/54230"}],"wp:featuredmedia":[{"embeddable":true,"href":"https:\/\/losperiodistas.com.mx\/portal\/wp-json\/wp\/v2\/media\/54229"}],"wp:attachment":[{"href":"https:\/\/losperiodistas.com.mx\/portal\/wp-json\/wp\/v2\/media?parent=54226"}],"wp:term":[{"taxonomy":"category","embeddable":true,"href":"https:\/\/losperiodistas.com.mx\/portal\/wp-json\/wp\/v2\/categories?post=54226"},{"taxonomy":"post_tag","embeddable":true,"href":"https:\/\/losperiodistas.com.mx\/portal\/wp-json\/wp\/v2\/tags?post=54226"}],"curies":[{"name":"wp","href":"https:\/\/api.w.org\/{rel}","templated":true}]}}