{"id":54223,"date":"2023-07-06T11:02:24","date_gmt":"2023-07-06T16:02:24","guid":{"rendered":"http:\/\/losperiodistas.com.mx\/portal\/?p=54223"},"modified":"2023-07-06T11:02:26","modified_gmt":"2023-07-06T16:02:26","slug":"eduardo-verastegui-el-pan-partido-tradicionalmente-conservador-ha-muerto-aci","status":"publish","type":"post","link":"https:\/\/losperiodistas.com.mx\/portal\/eduardo-verastegui-el-pan-partido-tradicionalmente-conservador-ha-muerto-aci\/","title":{"rendered":"Eduardo Ver\u00e1stegui: El PAN, partido tradicionalmente conservador, \u201cha muerto\u201d | ACI"},"content":{"rendered":"\n<figure class=\"wp-block-embed is-type-video is-provider-youtube wp-block-embed-youtube wp-embed-aspect-16-9 wp-has-aspect-ratio\"><div class=\"wp-block-embed__wrapper\">\n<iframe title=\"M\u00e9xico, el PAN ha muerto\" width=\"500\" height=\"281\" src=\"https:\/\/www.youtube.com\/embed\/EIf8qZkVxic?feature=oembed\" frameborder=\"0\" allow=\"accelerometer; autoplay; clipboard-write; encrypted-media; gyroscope; picture-in-picture; web-share\" referrerpolicy=\"strict-origin-when-cross-origin\" allowfullscreen><\/iframe>\n<\/div><\/figure>\n\n\n\n<p><\/p>\n\n\n\n<p class=\"has-vivid-red-color has-text-color has-medium-font-size\"><strong>DAVID RAMOS \/ ACI PRENSA<\/strong><\/p>\n\n\n\n<p>El actor, productor y activista cat\u00f3lico Eduardo Ver\u00e1stegui, que est\u00e1 considerando la&nbsp;<a href=\"https:\/\/www.aciprensa.com\/noticias\/eduardo-verastegui-explica-por-que-podria-ser-candidato-a-la-presidencia-de-mexico-13154\" target=\"_blank\" rel=\"noreferrer noopener\">posibilidad de postularse a la presidencia de M\u00e9xico<\/a>, asegur\u00f3 este 5 de julio que el Partido Acci\u00f3n Nacional (PAN), identificado tradicionalmente como un grupo pol\u00edtico conservador y defensor de la vida y la familia, \u201cha muerto\u201d.<\/p>\n\n\n\n<p>\u201cEl PAN ha muerto y no estamos seguros de que descanse en paz, porque muri\u00f3 en estado de desgracia\u201d, expres\u00f3 Ver\u00e1stegui en un videomensaje difundido la tarde de hoy.<\/p>\n\n\n\n<p>\u201cLa c\u00fapula del PAN traicion\u00f3 a su militancia al imponer una candidata que representa todo lo opuesto a los valores que defienden la mayor\u00eda de sus seguidores\u201d, continu\u00f3, en referencia a X\u00f3chitl G\u00e1lvez, senadora federal por el PAN y candidata a liderar la alianza pol\u00edtica Va por M\u00e9xico con miras a las elecciones presidenciales de 2024.<\/p>\n\n\n\n<p>La alianza Va por M\u00e9xico suma, adem\u00e1s del PAN, al Partido Revolucionario Institucional (PRI) y al Partido de la Revoluci\u00f3n Democr\u00e1tica (PRD). El actual presidente de M\u00e9xico, Andr\u00e9s Manuel L\u00f3pez Obrador, milit\u00f3 en el PRI desde 1976 hasta 1988, para luego pasarse a las filas del PRD en 1989. Se mantendr\u00eda en ese grupo pol\u00edtico hasta 2012. En 2014 lanz\u00f3 su actual partido, Morena.<\/p>\n\n\n\n<p>El PAN, surgido en 1939, era hasta hace algunos a\u00f1os el rival pol\u00edtico hist\u00f3rico del PRI, que gobern\u00f3 el pa\u00eds durante siete d\u00e9cadas consecutivas. Finalmente en el a\u00f1o 2000 el PAN logr\u00f3 hacerse con la presidencia, que mantuvo durante dos sexenios seguidos: los gobiernos de Vicente Fox y Felipe Calder\u00f3n.<\/p>\n\n\n\n<p>De acuerdo a sus&nbsp;<a href=\"https:\/\/www.pan.org.mx\/documentos\/MANUAL_DE_PARTICIPANTE.pdf\" target=\"_blank\" rel=\"noreferrer noopener\">documentos oficiales<\/a>, el PAN \u00abse nutre de tradiciones milenarias: la judeo-cristiana, la aristot\u00e9lico tomista y la humanista que tiene su origen en la Grecia cl\u00e1sica de Pericles, S\u00f3crates, Plat\u00f3n y Arist\u00f3teles\u00bb.<\/p>\n\n\n\n<h4 class=\"wp-block-heading\">M\u00c1S EN AM\u00c9RICA<\/h4>\n\n\n\n<div class=\"wp-block-image is-style-default\"><figure class=\"alignleft is-resized\"><a href=\"https:\/\/www.aciprensa.com\/noticias\/eduardo-verastegui-reza-por-periodista-jorge-ramos-en-su-programa-de-univision-84750\" target=\"_blank\" rel=\"noreferrer noopener\"><img decoding=\"async\" src=\"https:\/\/www.aciprensa.com\/imagespp\/Eduardo-Verastegui-Youtube-04072023.jpg\" alt=\"\" width=\"240\" height=\"132\"\/><\/a><\/figure><\/div>\n\n\n\n<h3 class=\"wp-block-heading\"><a target=\"_blank\" href=\"https:\/\/www.aciprensa.com\/noticias\/eduardo-verastegui-reza-por-periodista-jorge-ramos-en-su-programa-de-univision-84750\" rel=\"noreferrer noopener\">Eduardo Ver\u00e1stegui reza por conocido periodista en su programa en vivo<\/a><\/h3>\n\n\n\n<p><a target=\"_blank\" href=\"https:\/\/www.aciprensa.com\/noticias\/eduardo-verastegui-reza-por-periodista-jorge-ramos-en-su-programa-de-univision-84750\" rel=\"noreferrer noopener\">Leer la noticia<\/a><\/p>\n\n\n\n<p><\/p>\n\n\n\n<p>En su video, Ver\u00e1stegui record\u00f3 un mensaje\u00a0<a href=\"https:\/\/www.senado.gob.mx\/65\/intervenciones\/1262\/26648\" target=\"_blank\" rel=\"noreferrer noopener\">que G\u00e1lvez pronunci\u00f3 ante el Congreso de la Uni\u00f3n el 29 de julio de 2021<\/a>, en el que la senadora hab\u00eda asegurado que proviene \u201cde la liga obrera marxista, soy trotskista de origen\u201d.<\/p>\n\n\n\n<p>Para el productor mexicano, que recientemente estren\u00f3 en Estados Unidos su pel\u00edcula&nbsp;<em>Sound of Freedom (Sonido de libertad)<\/em>, sobre el drama de la trata de ni\u00f1os, \u201clos par\u00e1sitos del poder mataron al PAN con una escopeta modelo X\u00f3chitl calibre 666\u201d.<\/p>\n\n\n\n<p>\u201cCon la llegada del supremacismo progresista al PAN, hoy ese partido y Morena son exactamente lo mismo\u201d, continu\u00f3.<\/p>\n\n\n\n<p>\u201cPero se los dije, se los he estado diciendo: todos los partidos son lo mismo\u201d, indic\u00f3.<\/p>\n\n\n\n<p>Ver\u00e1stegui se\u00f1al\u00f3 como responsables a \u201clas c\u00fapulas, cuyos integrantes son promotores de la izquierda populista, comunista y trotskista\u201d.<\/p>\n\n\n\n<p>Sin embargo, continu\u00f3 Ver\u00e1stegui, \u201cles tengo una muy buena noticia: Pese a que la mayor\u00eda del pueblo mexicano se ha quedado sin representaci\u00f3n pol\u00edtica, no est\u00e1 hu\u00e9rfano\u201d.<\/p>\n\n\n\n<p>\u201cMuchos mexicanos que ya ve\u00edamos venir esta ola de traici\u00f3n hemos estado construyendo un movimiento de patriotas que busca defender los tres pilares que sostienen esta gran naci\u00f3n: Dios, patria y familia. Es por eso que les quiero hacer una invitaci\u00f3n a este movimiento, a sumarse a este ej\u00e9rcito de mexicanos que no va a permitir que nos roben el alma\u201d.<\/p>\n\n\n\n<p>\u201cMuy pronto\u201d, anunci\u00f3, \u201cles haremos saber c\u00f3mo incorporarse a este movimiento\u201d.<\/p>\n\n\n\n<p>\u201cLleg\u00f3 el momento de la unidad, familia, porque juntos somos m\u00e1s fuertes. Las puertas del Movimiento Viva M\u00e9xico est\u00e1n abiertas. \u00a1Viva M\u00e9xico! Dios los bendiga\u201d, concluy\u00f3.<\/p>\n\n\n\n<p>Fuente: <a href=\"https:\/\/www.aciprensa.com\/noticias\/eduardo-verastegui-el-pan-partido-tradicionalmente-conservador-ha-muerto-54451\">https:\/\/www.aciprensa.com\/noticias\/eduardo-verastegui-el-pan-partido-tradicionalmente-conservador-ha-muerto-54451<\/a><\/p>\n","protected":false},"excerpt":{"rendered":"<p>DAVID RAMOS \/ ACI PRENSA El actor, productor y activista cat\u00f3lico Eduardo Ver\u00e1stegui, que est\u00e1 considerando la&nbsp;posibilidad de postularse a [&hellip;]<\/p>\n","protected":false},"author":1,"featured_media":54224,"comment_status":"open","ping_status":"open","sticky":false,"template":"","format":"standard","meta":{"site-sidebar-layout":"default","site-content-layout":"","ast-site-content-layout":"default","site-content-style":"default","site-sidebar-style":"default","ast-global-header-display":"","ast-banner-title-visibility":"","ast-main-header-display":"","ast-hfb-above-header-display":"","ast-hfb-below-header-display":"","ast-hfb-mobile-header-display":"","site-post-title":"","ast-breadcrumbs-content":"","ast-featured-img":"","footer-sml-layout":"","theme-transparent-header-meta":"","adv-header-id-meta":"","stick-header-meta":"","header-above-stick-meta":"","header-main-stick-meta":"","header-below-stick-meta":"","astra-migrate-meta-layouts":"default","ast-page-background-enabled":"default","ast-page-background-meta":{"desktop":{"background-color":"var(--ast-global-color-4)","background-image":"","background-repeat":"repeat","background-position":"center center","background-size":"auto","background-attachment":"scroll","background-type":"","background-media":"","overlay-type":"","overlay-color":"","overlay-opacity":"","overlay-gradient":""},"tablet":{"background-color":"","background-image":"","background-repeat":"repeat","background-position":"center center","background-size":"auto","background-attachment":"scroll","background-type":"","background-media":"","overlay-type":"","overlay-color":"","overlay-opacity":"","overlay-gradient":""},"mobile":{"background-color":"","background-image":"","background-repeat":"repeat","background-position":"center center","background-size":"auto","background-attachment":"scroll","background-type":"","background-media":"","overlay-type":"","overlay-color":"","overlay-opacity":"","overlay-gradient":""}},"ast-content-background-meta":{"desktop":{"background-color":"var(--ast-global-color-5)","background-image":"","background-repeat":"repeat","background-position":"center center","background-size":"auto","background-attachment":"scroll","background-type":"","background-media":"","overlay-type":"","overlay-color":"","overlay-opacity":"","overlay-gradient":""},"tablet":{"background-color":"var(--ast-global-color-5)","background-image":"","background-repeat":"repeat","background-position":"center center","background-size":"auto","background-attachment":"scroll","background-type":"","background-media":"","overlay-type":"","overlay-color":"","overlay-opacity":"","overlay-gradient":""},"mobile":{"background-color":"var(--ast-global-color-5)","background-image":"","background-repeat":"repeat","background-position":"center center","background-size":"auto","background-attachment":"scroll","background-type":"","background-media":"","overlay-type":"","overlay-color":"","overlay-opacity":"","overlay-gradient":""}},"footnotes":""},"categories":[8],"tags":[13861,248],"class_list":["post-54223","post","type-post","status-publish","format-standard","has-post-thumbnail","hentry","category-noticias","tag-eduardo-verastegui","tag-pan"],"_links":{"self":[{"href":"https:\/\/losperiodistas.com.mx\/portal\/wp-json\/wp\/v2\/posts\/54223","targetHints":{"allow":["GET"]}}],"collection":[{"href":"https:\/\/losperiodistas.com.mx\/portal\/wp-json\/wp\/v2\/posts"}],"about":[{"href":"https:\/\/losperiodistas.com.mx\/portal\/wp-json\/wp\/v2\/types\/post"}],"author":[{"embeddable":true,"href":"https:\/\/losperiodistas.com.mx\/portal\/wp-json\/wp\/v2\/users\/1"}],"replies":[{"embeddable":true,"href":"https:\/\/losperiodistas.com.mx\/portal\/wp-json\/wp\/v2\/comments?post=54223"}],"version-history":[{"count":1,"href":"https:\/\/losperiodistas.com.mx\/portal\/wp-json\/wp\/v2\/posts\/54223\/revisions"}],"predecessor-version":[{"id":54225,"href":"https:\/\/losperiodistas.com.mx\/portal\/wp-json\/wp\/v2\/posts\/54223\/revisions\/54225"}],"wp:featuredmedia":[{"embeddable":true,"href":"https:\/\/losperiodistas.com.mx\/portal\/wp-json\/wp\/v2\/media\/54224"}],"wp:attachment":[{"href":"https:\/\/losperiodistas.com.mx\/portal\/wp-json\/wp\/v2\/media?parent=54223"}],"wp:term":[{"taxonomy":"category","embeddable":true,"href":"https:\/\/losperiodistas.com.mx\/portal\/wp-json\/wp\/v2\/categories?post=54223"},{"taxonomy":"post_tag","embeddable":true,"href":"https:\/\/losperiodistas.com.mx\/portal\/wp-json\/wp\/v2\/tags?post=54223"}],"curies":[{"name":"wp","href":"https:\/\/api.w.org\/{rel}","templated":true}]}}