{"id":54218,"date":"2023-07-06T10:46:13","date_gmt":"2023-07-06T15:46:13","guid":{"rendered":"http:\/\/losperiodistas.com.mx\/portal\/?p=54218"},"modified":"2023-07-06T10:57:08","modified_gmt":"2023-07-06T15:57:08","slug":"violencia-recrudecera-si-oposicion-no-logra-inflar-a-xochitl-galvez-amlo-el-financiero","status":"publish","type":"post","link":"https:\/\/losperiodistas.com.mx\/portal\/violencia-recrudecera-si-oposicion-no-logra-inflar-a-xochitl-galvez-amlo-el-financiero\/","title":{"rendered":"Violencia recrudecer\u00e1 si oposici\u00f3n no logra \u2018inflar\u2019 a X\u00f3chitl G\u00e1lvez: AMLO | El Financiero"},"content":{"rendered":"\n<h2 class=\"has-pale-cyan-blue-background-color has-background wp-block-heading\">Estos fueron los temas m\u00e1s importantes de la conferencia matutina de este jueves 6 de julio de 2023.<\/h2>\n\n\n\n<figure class=\"wp-block-image size-large is-style-default\"><img fetchpriority=\"high\" decoding=\"async\" width=\"1024\" height=\"680\" src=\"https:\/\/losperiodistas.com.mx\/portal\/wp-content\/uploads\/2023\/07\/Captura-de-Pantalla-2023-07-06-a-las-9.39.38-1024x680.jpg\" alt=\"\" class=\"wp-image-54219\" srcset=\"https:\/\/losperiodistas.com.mx\/portal\/wp-content\/uploads\/2023\/07\/Captura-de-Pantalla-2023-07-06-a-las-9.39.38-1024x680.jpg 1024w, https:\/\/losperiodistas.com.mx\/portal\/wp-content\/uploads\/2023\/07\/Captura-de-Pantalla-2023-07-06-a-las-9.39.38-300x199.jpg 300w, https:\/\/losperiodistas.com.mx\/portal\/wp-content\/uploads\/2023\/07\/Captura-de-Pantalla-2023-07-06-a-las-9.39.38-768x510.jpg 768w, https:\/\/losperiodistas.com.mx\/portal\/wp-content\/uploads\/2023\/07\/Captura-de-Pantalla-2023-07-06-a-las-9.39.38-1536x1021.jpg 1536w, https:\/\/losperiodistas.com.mx\/portal\/wp-content\/uploads\/2023\/07\/Captura-de-Pantalla-2023-07-06-a-las-9.39.38.jpg 1830w\" sizes=\"(max-width: 1024px) 100vw, 1024px\" \/><figcaption>Andr\u00e9s Manuel L\u00f3pez Obrador se presenta en su conferencia del 6 de julio del 2023.\u00a0(Cuartoscuro)<\/figcaption><\/figure>\n\n\n\n<p class=\"has-vivid-red-color has-text-color has-medium-font-size\"><strong>EL FINANCIERO<\/strong><\/p>\n\n\n\n<p>El presidente&nbsp;<a href=\"https:\/\/www.bing.com\/ck\/a?!&amp;&amp;p=f42e74e156894c74JmltdHM9MTY4MzA3MjAwMCZpZ3VpZD0xNGNmNGFmMi1mMDFhLTZiYWQtMmFkYy01ODc0ZjE1YjZhYzAmaW5zaWQ9NTE3Nw&amp;ptn=3&amp;hsh=3&amp;fclid=14cf4af2-f01a-6bad-2adc-5874f15b6ac0&amp;psq=andres+manuel+lopez+obrador+el+financiero&amp;u=a1aHR0cHM6Ly93d3cuZWxmaW5hbmNpZXJvLmNvbS5teC90YWdzL2FuZHJlcy1tYW51ZWwtbG9wZXotb2JyYWRvci8&amp;ntb=1\">Andr\u00e9s Manuel L\u00f3pez Obrador<\/a>&nbsp;encabez\u00f3 la&nbsp;<strong>conferencia de prensa matutina<\/strong>&nbsp;este jueves 6<strong>&nbsp;de julio<\/strong>&nbsp;desde Palacio Nacional.<\/p>\n\n\n\n<h2 class=\"wp-block-heading\">AMLO agrega \u2018Un x100to\u2019 de Bad Bunny y Grupo Frontera a su playlist<\/h2>\n\n\n\n<p>El presidente agreg\u00f3 una nueva canci\u00f3n a su&nbsp;<em>playlist<\/em>&nbsp;dedicada a j\u00f3venes, que no hace apolog\u00eda a la violencia, se trata del tema&nbsp;<em>Un x100to&nbsp;<\/em>de Bad Bunny con Grupo Frontera.<\/p>\n\n\n\n<p>Esta es la octava canci\u00f3n del repertorio que comenz\u00f3 a compartir desde la semana pasada para contrarrestar los mensajes de otros temas, en los que se exalta de violencia y los lujos adquiridos a partir de actividades il\u00edcitas. Hasta ahora, la playlist va as\u00ed:<\/p>\n\n\n\n<ul class=\"wp-block-list\"><li>\u2018No se va\u2019 de&nbsp;<a href=\"https:\/\/www.elfinanciero.com.mx\/entretenimiento\/2023\/04\/19\/bad-bunny-y-grupo-frontera-tumban-a-peso-pluma-del-1-en-top-global-de-spotify-con-un-x100to\/\">Grupo Frontera<\/a><\/li><li>\u2018Te mereces un amor\u2019 de Vivir Quintana<\/li><li>\u2018Ten\u00edas que ser t\u00fa\u2019 de Silvana Estrada y Daniel, me est\u00e1s matando<\/li><li>\u2018Fr\u00e1gil\u2019 de Yarithza y Su Esencia con Grupo Frontera<\/li><li>\u2018Latinoam\u00e9rica\u2019 de Calle 13 (Residente)<\/li><li>\u2018Am\u00e9rica\u2019 de Los Tigres del Norte<\/li><li>\u2018Ya sup\u00e9rame\u2019 de Grupo Firme<\/li><li>\u2018Oye Mujer\u2019 de&nbsp;<a href=\"https:\/\/www.elfinanciero.com.mx\/reflector\/edmundo-el-ingeniero-mexicano-de-la-nasa-que-compone-electrocumbias\/\">Raymix<\/a><\/li><\/ul>\n\n\n\n<h2 class=\"wp-block-heading\">\u00bfDe qu\u00e9 hablar\u00e1 AMLO con gobernadores de Morena en la reuni\u00f3n de hoy en Palacio Nacional?<\/h2>\n\n\n\n<p>L\u00f3pez Obrador adelant\u00f3 que la reuni\u00f3n con gobernadores de Morena ser\u00e1 este jueves a las 18:00 horas en Palacio Nacional y salud ser\u00e1 el tema principal.<a href=\"https:\/\/www.elfinanciero.com.mx\/nacional\/2023\/07\/05\/amlo-mananera-temas-hoy-5-julio-2023-en-vivo\/\"><\/a><a href=\"https:\/\/www.elfinanciero.com.mx\/nacional\/2023\/07\/05\/amlo-mananera-temas-hoy-5-julio-2023-en-vivo\/\">AMLO sobre declinaci\u00f3n de \u00c1ngel Gurria: \u2018Era improbable que juntara 150 mil firmas\u2019<\/a><\/p>\n\n\n\n<hr class=\"wp-block-separator\"\/>\n\n\n\n<h2 class=\"wp-block-heading\">Zonas en tramos del Tren Maya contar\u00e1n con planes de desarrollo, adelanta AMLO<\/h2>\n\n\n\n<p>Ante las preocupaciones por el aumento de habitantes en la pen\u00ednsula de Yucat\u00e1n, derivado del impulso tur\u00edstico y econ\u00f3mico del&nbsp;<a href=\"https:\/\/www.elfinanciero.com.mx\/nacional\/2023\/02\/04\/tren-maya-este-podria-ser-el-impacto-ecologico-en-la-selva-de-calakmul\/\" target=\"_blank\" rel=\"noreferrer noopener\">Tren Maya<\/a>, el presidente L\u00f3pez Obrador aclar\u00f3 que las zonas por donde pasar\u00e1, contar\u00e1n con un plan de desarrollo a trav\u00e9s del cual se&nbsp;<strong>regular\u00e1n servicios p\u00fablicos&nbsp;<\/strong>como drenaje y se garantizar\u00e1 el cuidado del agua.<\/p>\n\n\n\n<p>\u201cVamos a dejar como\u00a0<strong>25 planes de desarrollo por donde pasa el tren<\/strong>, Tulum va a tener su plan de desarrollo, Tenosique (Tabasco), Candelaria, Esc\u00e1rcega (Campeche), todos sus planes de desarrollo urbano porque s\u00ed tenemos que cuidar eso, esa es una de las recomendaciones\u201d, adelant\u00f3.<\/p>\n\n\n\n<p>Remarc\u00f3 que el megaproyecto se ubicar\u00e1 en el sureste de M\u00e9xico, una zona que concentra el 70 por ciento del agua tanto subterr\u00e1nea como superficial del pa\u00eds y atravesar\u00e1 el r\u00edo Usumacinta, el m\u00e1s caudaloso a nivel nacional, con el potencial de abastecer a la gran cantidad de personas que lleguen a establecerse por el aumento de turismo.<\/p>\n\n\n\n<p>Asimismo, para atender el desabasto se construye un acueducto en el tramo que va Esc\u00e1rcega a Calakmul y para proteger los acu\u00edferos se trabaja en estudios del impacto de las<a href=\"https:\/\/www.elfinanciero.com.mx\/estados\/2023\/03\/23\/protestas-en-yucatan-por-granjas-porcinas-de-keken-detienen-a-4-personas-en-sitilpech\/\" target=\"_blank\" rel=\"noreferrer noopener\">\u00a0granjas porc\u00edcolas<\/a>, detall\u00f3.<\/p>\n\n\n\n<p class=\"has-cyan-bluish-gray-background-color has-background\"><a href=\"https:\/\/www.elfinanciero.com.mx\/nacional\/2023\/07\/04\/guardia-naciona-de-amlo-menos-efectiva-que-policia-federal-de-garcia-luna-causa-en-comun\/\"><\/a><a href=\"https:\/\/www.elfinanciero.com.mx\/nacional\/2023\/07\/04\/guardia-naciona-de-amlo-menos-efectiva-que-policia-federal-de-garcia-luna-causa-en-comun\/\">Guardia Nacional de AMLO, 40% menos efectiva que Polic\u00eda Federal de Garc\u00eda Luna: Causa en Com\u00fan<\/a><\/p>\n\n\n\n<hr class=\"wp-block-separator\"\/>\n\n\n\n<h2 class=\"wp-block-heading\">Violencia incrementar\u00e1 si campa\u00f1a de X\u00f3chitl G\u00e1lvez no funciona, sugiere AMLO<\/h2>\n\n\n\n<p>L\u00f3pez Obrador sugiri\u00f3 que si la oposici\u00f3n no logra impulsar la campa\u00f1a de X\u00f3chitl G\u00e1lvez, los casos de violencia aumentar\u00e1n para desacreditar al actual gobierno. Esto a ra\u00edz de los&nbsp;<strong>restos humanos que fueron colgados de un puente peatonal de Toluca<\/strong>, crimen que ha sido atribuido al&nbsp;<a href=\"https:\/\/www.elfinanciero.com.mx\/edomex\/2023\/06\/14\/supera-hasta-a-pena-nieto-delfina-gomez-logra-mas-votos-que-los-ultimos-gobernadores-de-edomex\/\" target=\"_blank\" rel=\"noreferrer noopener\">cambio de administraci\u00f3n en el Estado de M\u00e9xico<\/a>.<\/p>\n\n\n\n<p>\u201cLa cuesti\u00f3n electoral y por eso es bueno abordar el tema porque imag\u00ednense, si no logran\u00a0<em>inflar el globo<\/em>, si no logran que emprenda el vuelo, la se\u00f1ora X\u00f3chitl, \u00bfqu\u00e9 van a hacer?\u00a0<strong>Se van a poner m\u00e1s rudos<\/strong>&#8230; vienen las campa\u00f1as aunque aqu\u00ed vamos a estar informando a la gente\u201d, advirti\u00f3.<\/p>\n\n\n\n<figure class=\"wp-block-embed is-type-rich is-provider-twitter wp-block-embed-twitter\"><div class=\"wp-block-embed__wrapper\">\n<blockquote class=\"twitter-tweet\" data-width=\"500\" data-dnt=\"true\"><p lang=\"es\" dir=\"ltr\"><a href=\"https:\/\/twitter.com\/hashtag\/EnLaMa%C3%B1anera?src=hash&amp;ref_src=twsrc%5Etfw\">#EnLaMa\u00f1anera<\/a> | \u201cLa percepci\u00f3n puede ser otra por el amarillismo en los medios, con prop\u00f3sitos politiqueros\u201d: <a href=\"https:\/\/twitter.com\/hashtag\/AMLO?src=hash&amp;ref_src=twsrc%5Etfw\">#AMLO<\/a> considera que el incremento a homicidios y ataques es para darle m\u00e1s apoyo a la senadora X\u00f3chitl G\u00e1lvez: \u201cla sensaci\u00f3n que se tiene es que hay mucha violencia\u201d <a href=\"https:\/\/t.co\/QhNVgHOkyZ\">pic.twitter.com\/QhNVgHOkyZ<\/a><\/p>&mdash; El Financiero TV (@ElFinancieroTv) <a href=\"https:\/\/twitter.com\/ElFinancieroTv\/status\/1676967312967208963?ref_src=twsrc%5Etfw\">July 6, 2023<\/a><\/blockquote><script async src=\"https:\/\/platform.twitter.com\/widgets.js\" charset=\"utf-8\"><\/script>\n<\/div><\/figure>\n\n\n\n<h2 class=\"wp-block-heading\">AMLO descarta queja formal de EU contra Alicia B\u00e1rcena: \u2018No tenemos que pedirle permiso\u2019<\/h2>\n\n\n\n<p>L\u00f3pez Obrador descart\u00f3 que el gobierno de Estados Unidos emitiera una&nbsp;<strong>queja formal&nbsp;<\/strong>contra&nbsp;<a href=\"https:\/\/www.elfinanciero.com.mx\/nacional\/2023\/06\/13\/perfil-alicia-barcena-la-futura-canciller-que-estuvo-al-frente-de-cepal-por-14-anos\/\" target=\"_blank\" rel=\"noreferrer noopener\">Alicia B\u00e1rcena&nbsp;<\/a>por una supuesta afinidad con gobiernos contrarios como el de Cuba, como afirm\u00f3 la periodista Dolia Est\u00e9vez.<\/p>\n\n\n\n<p>\u201cAdem\u00e1s, M\u00e9xico es un pa\u00eds independiente, soberano, ni modo que para nombrar al secretario de Relaciones Exteriores, en este caso Alicia B\u00e1rcena tengamos que pedirle permiso o ver si les va a gustar o no les va a gustar en Rusia o en China, no, son decisiones nuestras, soberanas\u201d, sostuvo.<\/p>\n\n\n\n<p>Reiter\u00f3 que le guarda mucha confianza y por eso la invit\u00f3 a participar como secretaria de Relaciones Exteriores tras la salida de Marcelo Ebrard. \u201cEstamos ya trabajando en temas de migraci\u00f3n, drogas, tr\u00e1fico de armas\u201d, adelant\u00f3. Antes de asumir el nuevo cargo, B\u00e1rcena fue\u00a0<strong>embajadora de M\u00e9xico en Chile.<\/strong><\/p>\n\n\n\n<figure class=\"wp-block-embed is-type-rich is-provider-twitter wp-block-embed-twitter\"><div class=\"wp-block-embed__wrapper\">\n<blockquote class=\"twitter-tweet\" data-width=\"500\" data-dnt=\"true\"><p lang=\"es\" dir=\"ltr\"><a href=\"https:\/\/twitter.com\/hashtag\/EnLaMa%C3%B1anera?src=hash&amp;ref_src=twsrc%5Etfw\">#EnLaMa\u00f1anera<\/a> | <a href=\"https:\/\/twitter.com\/aliciabarcena?ref_src=twsrc%5Etfw\">@aliciabarcena<\/a>, titular de la <a href=\"https:\/\/twitter.com\/SRE_mx?ref_src=twsrc%5Etfw\">@SRE_mx<\/a>, \u201ces una de las mejores diplom\u00e1ticas de M\u00e9xico porque ha estado en Organismos internacionales\u201d: <a href=\"https:\/\/twitter.com\/hashtag\/AMLO?src=hash&amp;ref_src=twsrc%5Etfw\">#AMLO<\/a> informa que por su reciente nombramiento \u201cno hay ninguna queja formal del Gobierno de <a href=\"https:\/\/twitter.com\/hashtag\/EU?src=hash&amp;ref_src=twsrc%5Etfw\">#EU<\/a>; son decisiones nuestras\u201d. <a href=\"https:\/\/t.co\/2w6btHsyap\">pic.twitter.com\/2w6btHsyap<\/a><\/p>&mdash; El Financiero TV (@ElFinancieroTv) <a href=\"https:\/\/twitter.com\/ElFinancieroTv\/status\/1676954277208805379?ref_src=twsrc%5Etfw\">July 6, 2023<\/a><\/blockquote><script async src=\"https:\/\/platform.twitter.com\/widgets.js\" charset=\"utf-8\"><\/script>\n<\/div><\/figure>\n\n\n\n<h2 class=\"wp-block-heading\">Gobierno brinda protecci\u00f3n al periodista amenazado Carlos Jim\u00e9nez<\/h2>\n\n\n\n<p>El Gobierno Federal otorg\u00f3 el&nbsp;<strong>Mecanismo de Protecci\u00f3n<\/strong>&nbsp;y un&nbsp;<strong>autom\u00f3vil blindado<\/strong>&nbsp;al periodista&nbsp;<a href=\"https:\/\/www.elfinanciero.com.mx\/nacional\/2023\/07\/06\/amenazan-de-muerte-a-c4-jimenez\/\" target=\"_blank\" rel=\"noreferrer noopener\">Carlos Jim\u00e9nez, tambi\u00e9n conocido como C4 Jim\u00e9nez<\/a>, quien fue amenazado este jueves por ejercer su labor, anunci\u00f3 L\u00f3pez Obrador.<\/p>\n\n\n\n<p>En un video que fue enviado al celular del periodista se puede observar a un grupo de sujetos encapuchados y armados que amenazan con asesinarlo. \u201cNo hay lugar donde te puedas esconder de nosotros.<strong>\u00a0Te vamos a cazar<\/strong>\u00a0como un puto animal\u201d, advierten. El video fue acompa\u00f1ado de un audio y una llamada, detall\u00f3 Jim\u00e9nez.<\/p>\n\n\n\n<figure class=\"wp-block-embed is-type-rich is-provider-twitter wp-block-embed-twitter\"><div class=\"wp-block-embed__wrapper\">\n<blockquote class=\"twitter-tweet\" data-width=\"500\" data-dnt=\"true\"><p lang=\"es\" dir=\"ltr\"><a href=\"https:\/\/twitter.com\/hashtag\/EnLaMa%C3%B1anera?src=hash&amp;ref_src=twsrc%5Etfw\">#EnLaMa\u00f1anera<\/a> | Tras denunciar amenazas en su contra, <a href=\"https:\/\/twitter.com\/hashtag\/AMLO?src=hash&amp;ref_src=twsrc%5Etfw\">#AMLO<\/a> confirma que el <a href=\"https:\/\/twitter.com\/GobiernoMX?ref_src=twsrc%5Etfw\">@GobiernoMX<\/a> brindar\u00e1 protecci\u00f3n al periodista Carlos Jim\u00e9nez (<a href=\"https:\/\/twitter.com\/c4jimenez?ref_src=twsrc%5Etfw\">@c4jimenez<\/a>). <a href=\"https:\/\/t.co\/Jpsck73tjO\">pic.twitter.com\/Jpsck73tjO<\/a><\/p>&mdash; El Financiero TV (@ElFinancieroTv) <a href=\"https:\/\/twitter.com\/ElFinancieroTv\/status\/1676951189156683779?ref_src=twsrc%5Etfw\">July 6, 2023<\/a><\/blockquote><script async src=\"https:\/\/platform.twitter.com\/widgets.js\" charset=\"utf-8\"><\/script>\n<\/div><\/figure>\n\n\n\n<h2 class=\"wp-block-heading\">AMLO lamenta homicidio en Metro Bellas Artes: Se trat\u00f3 de un asalto<\/h2>\n\n\n\n<p>Al ser cuestionado sobre la&nbsp;<a href=\"https:\/\/www.elfinanciero.com.mx\/cdmx\/2023\/07\/05\/balacera-metro-bellas-artes-linea-8-acribillan-a-hombre\/\" target=\"_blank\" rel=\"noreferrer noopener\">balacera del 5 de julio que dej\u00f3 como resultado una persona fallecida en el Metro Bellas Artes de la Ciudad de M\u00e9xico<\/a>, L\u00f3pez Obrador inform\u00f3 que se trat\u00f3 de un&nbsp;<strong>asalto a cargo de dos personas&nbsp;<\/strong>que fueron detenidas el mismo d\u00eda. Tambi\u00e9n se registr\u00f3 otra persona herida. \u201cSe est\u00e1 trabajando todos los d\u00edas, fue lamentable lo de ayer del Metro\u201d, coment\u00f3.<\/p>\n\n\n\n<p>De acuerdo con el mandatario, el m\u00f3vil del crimen fue el\u00a0<strong>robo de 15 mil pesos<\/strong>. El gobierno de la Ciudad de M\u00e9xico informar\u00e1 al respecto este jueves, adelant\u00f3 y remarc\u00f3 que el mi\u00e9rcoles fue uno de los d\u00edas m\u00e1s bajos en homicidios del pa\u00eds.<\/p>\n\n\n\n<figure class=\"wp-block-embed is-type-rich is-provider-twitter wp-block-embed-twitter\"><div class=\"wp-block-embed__wrapper\">\n<blockquote class=\"twitter-tweet\" data-width=\"500\" data-dnt=\"true\"><p lang=\"es\" dir=\"ltr\"><a href=\"https:\/\/twitter.com\/hashtag\/EnLaMa%C3%B1anera?src=hash&amp;ref_src=twsrc%5Etfw\">#EnLaMa\u00f1anera<\/a> | Seg\u00fan los informes, <a href=\"https:\/\/twitter.com\/hashtag\/AMLO?src=hash&amp;ref_src=twsrc%5Etfw\">#AMLO<\/a> detall\u00f3 que ya se detuvo a dos responsables del asesinato en la estaci\u00f3n del Metro Bellas Artes; \u201cse conoce el m\u00f3vil, se tiene ya atendido el asunto\u201d. Aclara que el 5 de julio fue de los d\u00edas con menos homicidios en M\u00e9xico. <a href=\"https:\/\/t.co\/yiCLLOcnOz\">pic.twitter.com\/yiCLLOcnOz<\/a><\/p>&mdash; El Financiero TV (@ElFinancieroTv) <a href=\"https:\/\/twitter.com\/ElFinancieroTv\/status\/1676948953764626434?ref_src=twsrc%5Etfw\">July 6, 2023<\/a><\/blockquote><script async src=\"https:\/\/platform.twitter.com\/widgets.js\" charset=\"utf-8\"><\/script>\n<\/div><\/figure>\n\n\n\n<p>Fuente: <a href=\"https:\/\/www.elfinanciero.com.mx\/nacional\/2023\/07\/06\/amlo-mananera-temas-hoy-6-julio-2023-en-vivo\/\">https:\/\/www.elfinanciero.com.mx\/nacional\/2023\/07\/06\/amlo-mananera-temas-hoy-6-julio-2023-en-vivo\/<\/a><\/p>\n","protected":false},"excerpt":{"rendered":"<p>Estos fueron los temas m\u00e1s importantes de la conferencia matutina de este jueves 6 de julio de 2023. EL FINANCIERO [&hellip;]<\/p>\n","protected":false},"author":1,"featured_media":54219,"comment_status":"open","ping_status":"open","sticky":false,"template":"","format":"standard","meta":{"site-sidebar-layout":"default","site-content-layout":"","ast-site-content-layout":"default","site-content-style":"default","site-sidebar-style":"default","ast-global-header-display":"","ast-banner-title-visibility":"","ast-main-header-display":"","ast-hfb-above-header-display":"","ast-hfb-below-header-display":"","ast-hfb-mobile-header-display":"","site-post-title":"","ast-breadcrumbs-content":"","ast-featured-img":"","footer-sml-layout":"","theme-transparent-header-meta":"","adv-header-id-meta":"","stick-header-meta":"","header-above-stick-meta":"","header-main-stick-meta":"","header-below-stick-meta":"","astra-migrate-meta-layouts":"default","ast-page-background-enabled":"default","ast-page-background-meta":{"desktop":{"background-color":"var(--ast-global-color-4)","background-image":"","background-repeat":"repeat","background-position":"center center","background-size":"auto","background-attachment":"scroll","background-type":"","background-media":"","overlay-type":"","overlay-color":"","overlay-opacity":"","overlay-gradient":""},"tablet":{"background-color":"","background-image":"","background-repeat":"repeat","background-position":"center center","background-size":"auto","background-attachment":"scroll","background-type":"","background-media":"","overlay-type":"","overlay-color":"","overlay-opacity":"","overlay-gradient":""},"mobile":{"background-color":"","background-image":"","background-repeat":"repeat","background-position":"center center","background-size":"auto","background-attachment":"scroll","background-type":"","background-media":"","overlay-type":"","overlay-color":"","overlay-opacity":"","overlay-gradient":""}},"ast-content-background-meta":{"desktop":{"background-color":"var(--ast-global-color-5)","background-image":"","background-repeat":"repeat","background-position":"center center","background-size":"auto","background-attachment":"scroll","background-type":"","background-media":"","overlay-type":"","overlay-color":"","overlay-opacity":"","overlay-gradient":""},"tablet":{"background-color":"var(--ast-global-color-5)","background-image":"","background-repeat":"repeat","background-position":"center center","background-size":"auto","background-attachment":"scroll","background-type":"","background-media":"","overlay-type":"","overlay-color":"","overlay-opacity":"","overlay-gradient":""},"mobile":{"background-color":"var(--ast-global-color-5)","background-image":"","background-repeat":"repeat","background-position":"center center","background-size":"auto","background-attachment":"scroll","background-type":"","background-media":"","overlay-type":"","overlay-color":"","overlay-opacity":"","overlay-gradient":""}},"footnotes":""},"categories":[8],"tags":[199,14772],"class_list":["post-54218","post","type-post","status-publish","format-standard","has-post-thumbnail","hentry","category-noticias","tag-amlo","tag-xochitl-galvez"],"_links":{"self":[{"href":"https:\/\/losperiodistas.com.mx\/portal\/wp-json\/wp\/v2\/posts\/54218","targetHints":{"allow":["GET"]}}],"collection":[{"href":"https:\/\/losperiodistas.com.mx\/portal\/wp-json\/wp\/v2\/posts"}],"about":[{"href":"https:\/\/losperiodistas.com.mx\/portal\/wp-json\/wp\/v2\/types\/post"}],"author":[{"embeddable":true,"href":"https:\/\/losperiodistas.com.mx\/portal\/wp-json\/wp\/v2\/users\/1"}],"replies":[{"embeddable":true,"href":"https:\/\/losperiodistas.com.mx\/portal\/wp-json\/wp\/v2\/comments?post=54218"}],"version-history":[{"count":2,"href":"https:\/\/losperiodistas.com.mx\/portal\/wp-json\/wp\/v2\/posts\/54218\/revisions"}],"predecessor-version":[{"id":54222,"href":"https:\/\/losperiodistas.com.mx\/portal\/wp-json\/wp\/v2\/posts\/54218\/revisions\/54222"}],"wp:featuredmedia":[{"embeddable":true,"href":"https:\/\/losperiodistas.com.mx\/portal\/wp-json\/wp\/v2\/media\/54219"}],"wp:attachment":[{"href":"https:\/\/losperiodistas.com.mx\/portal\/wp-json\/wp\/v2\/media?parent=54218"}],"wp:term":[{"taxonomy":"category","embeddable":true,"href":"https:\/\/losperiodistas.com.mx\/portal\/wp-json\/wp\/v2\/categories?post=54218"},{"taxonomy":"post_tag","embeddable":true,"href":"https:\/\/losperiodistas.com.mx\/portal\/wp-json\/wp\/v2\/tags?post=54218"}],"curies":[{"name":"wp","href":"https:\/\/api.w.org\/{rel}","templated":true}]}}