{"id":54215,"date":"2023-07-06T10:33:55","date_gmt":"2023-07-06T15:33:55","guid":{"rendered":"http:\/\/losperiodistas.com.mx\/portal\/?p=54215"},"modified":"2023-07-06T10:33:57","modified_gmt":"2023-07-06T15:33:57","slug":"rechaza-ine-frenar-proceso-del-pan-pri-y-prd-para-designar-a-responsable-del-frente-amplio-por-mexico-el-economista","status":"publish","type":"post","link":"https:\/\/losperiodistas.com.mx\/portal\/rechaza-ine-frenar-proceso-del-pan-pri-y-prd-para-designar-a-responsable-del-frente-amplio-por-mexico-el-economista\/","title":{"rendered":"Rechaza INE frenar proceso del PAN, PRI y PRD para designar a responsable del Frente Amplio por M\u00e9xico | El Economista"},"content":{"rendered":"\n<p class=\"has-black-color has-pale-pink-background-color has-text-color has-background has-medium-font-size\">Con un exhorto al Tribunal Electoral del Poder Judicial de la Federaci\u00f3n para que resuelva el fondo del asunto sobre el adelantamiento de procesos de precampa\u00f1a en todos los partidos, la Comisi\u00f3n de Quejas y Denuncias del INE\u00a0rechaz\u00f3 la petici\u00f3n de Morena de frenar el proceso del PAN, PRI y PRD para designar a un responsable de la construcci\u00f3n el Frente Amplio por M\u00e9xico.<a href=\"https:\/\/api.whatsapp.com\/send?text=https%3A%2F%2Fwww.eleconomista.com.mx%2Fpolitica%2FRechaza-INE-frenar-proceso-del-PAN-PRI-y-PRD-para-designar-a-responsable-del-Frente-Amplio-por-Mexico-20230706-0032.html\" target=\"_blank\" rel=\"noreferrer noopener\"><\/a><a href=\"https:\/\/twitter.com\/intent\/tweet?text=Rechaza%20INE%20frenar%20proceso%20del%20PAN,%20PRI%20y%20PRD%20para%20designar%20a%20responsable%20del%20Frente%20Amplio%20por%20M%C3%A9xico?&amp;url=https%3A%2F%2Fwww.eleconomista.com.mx%2Fpolitica%2FRechaza-INE-frenar-proceso-del-PAN-PRI-y-PRD-para-designar-a-responsable-del-Frente-Amplio-por-Mexico-20230706-0032.html\" target=\"_blank\" rel=\"noreferrer noopener\"><\/a><a href=\"https:\/\/www.facebook.com\/sharer\/sharer.php?u=https%3A%2F%2Fwww.eleconomista.com.mx%2Fpolitica%2FRechaza-INE-frenar-proceso-del-PAN-PRI-y-PRD-para-designar-a-responsable-del-Frente-Amplio-por-Mexico-20230706-0032.html\" target=\"_blank\" rel=\"noreferrer noopener\"><\/a><a href=\"https:\/\/www.linkedin.com\/sharing\/share-offsite\/?url=https%3A%2F%2Fwww.eleconomista.com.mx%2Fpolitica%2FRechaza-INE-frenar-proceso-del-PAN-PRI-y-PRD-para-designar-a-responsable-del-Frente-Amplio-por-Mexico-20230706-0032.html\" target=\"_blank\" rel=\"noreferrer noopener\"><\/a><\/p>\n\n\n\n<p><\/p>\n\n\n\n<figure class=\"wp-block-image size-large is-style-default\"><img fetchpriority=\"high\" decoding=\"async\" width=\"1024\" height=\"614\" src=\"https:\/\/losperiodistas.com.mx\/portal\/wp-content\/uploads\/2023\/07\/ine_fachadas__elr_-07_x1x.jpg_185051853-1024x614.jpg\" alt=\"\" class=\"wp-image-54216\" srcset=\"https:\/\/losperiodistas.com.mx\/portal\/wp-content\/uploads\/2023\/07\/ine_fachadas__elr_-07_x1x.jpg_185051853-1024x614.jpg 1024w, https:\/\/losperiodistas.com.mx\/portal\/wp-content\/uploads\/2023\/07\/ine_fachadas__elr_-07_x1x.jpg_185051853-300x180.jpg 300w, https:\/\/losperiodistas.com.mx\/portal\/wp-content\/uploads\/2023\/07\/ine_fachadas__elr_-07_x1x.jpg_185051853-768x461.jpg 768w, https:\/\/losperiodistas.com.mx\/portal\/wp-content\/uploads\/2023\/07\/ine_fachadas__elr_-07_x1x.jpg_185051853.jpg 1200w\" sizes=\"(max-width: 1024px) 100vw, 1024px\" \/><\/figure>\n\n\n\n<p><\/p>\n\n\n\n<p class=\"has-vivid-red-color has-text-color has-medium-font-size\"><strong>JORGE MONROY \/ EL ECONOMISTA<\/strong><\/p>\n\n\n\n<p>Con un exhorto al Tribunal Electoral del Poder Judicial de la Federaci\u00f3n (TEPJF) para que resuelva el fondo del asunto sobre el adelantamiento de procesos de precampa\u00f1a en todos los partidos, la Comisi\u00f3n de Quejas y Denuncias del Instituto Nacional Electoral (INE) rechaz\u00f3 la petici\u00f3n de Morena de frenar el proceso del PAN, PRI y PRD para designar a un responsable de la construcci\u00f3n el Frente Amplio por M\u00e9xico.<\/p>\n\n\n\n<p>Por unanimidad de los consejeros Claudia Zavala, Rita Bell y Jorge Monta\u00f1o, la Comisi\u00f3n de Quejas determin\u00f3 -como lo hizo de forma similar 18 de junio respecto al proceso interno de Morena para designar a un coordinador para la defensa de la cuarta transformaci\u00f3n-, que se trata de un ejercicio amparado en la libertad de expresi\u00f3n.<\/p>\n\n\n\n<p>Asimismo, resolvi\u00f3 que la construcci\u00f3n del Frente Amplio por M\u00e9xico es -por ahora- un posicionamiento pol\u00edtico frente a los que consideran sus adversarios ideol\u00f3gicos (Morena, PT y PVEM), y que el estudio de fondo del asunto corresponder\u00e1 al Tribunal Electoral del Poder Judicial de la Federaci\u00f3n (TEPJF).<\/p>\n\n\n\n<p>Sin embargo, la Comisi\u00f3n emiti\u00f3 medidas cautelares, toda vez que de una apariencia preliminar, advirti\u00f3 que, dependiendo de sus actos, los partidos PRI, PAN y PRD \u201cpodr\u00edan actualizar una violaci\u00f3n al principio de equidad al proceso federal electoral pr\u00f3ximo a iniciar 2023-2024\u201d.<\/p>\n\n\n\n<p>\u201cSe ordena, tanto a los partidos denunciados como a las personas que aspiran al cargo de responsable de la construcci\u00f3n del Frente Amplio por M\u00e9xico, a ajustarse a las acciones que se refieren en el acuerdo\u201d, mencion\u00f3 lo aprobado por los consejeros.<\/p>\n\n\n\n<h2 class=\"wp-block-heading\">\u00a1Qu\u00e9 paradoja!, expresa consejera &nbsp;<\/h2>\n\n\n\n<p>Al considerar que el TEPJF debe resolver el fondo sobre los procesos internos que han emprendidos los dos bloques partidistas con miras a nombrar a un coordinador y responsable para el 2024, la consejera presidenta de la Comisi\u00f3n de Quejas, Claudia Zavala, consider\u00f3 parad\u00f3jico que ambos bloques se acusen mutuamente de violar los tiempos establecidos para la realizaci\u00f3n de actos de precampa\u00f1as y campa\u00f1as.<\/p>\n\n\n\n<p>\u201cTodas las personas que est\u00e1n participando tienen plena conciencia que hay una legislaci\u00f3n que norma los procesos internos y lo que no se puede hacer fuera de los periodos de precampa\u00f1as y campa\u00f1as. Tan pleno conocimiento tienen, que lo vienen invocando estos modelos como una violaci\u00f3n a esas reglas. Paradoja, que el mismo partido que hoy denuncia (Morena), es denunciado por los partidos pol\u00edticos (PRI, PAN y PRD) que hoy son denunciados.<\/p>\n\n\n\n<p>\u201cSobre la mesa tenemos aspirantes, incluso servidores p\u00fablicos, no es tema menor, porque el principio sobre el cual se trabaj\u00f3 una reforma electoral en 2017 fue de equidad en la contienda. La pregunta que formular\u00eda a todas las fuerzas pol\u00edtica: \u00bfentonces en los actos de unos y otros, es un acto simulado para poder dar la vuelta a las reglas establecidas y todos se est\u00e1n dando cuenta?\u201d, cuestion\u00f3.<\/p>\n\n\n\n<p>La consejera hizo llamado al Tribunal Electoral del Poder Judicial de la Federaci\u00f3n para que resuelva de fondo las denuncias que han presentado los dos bloques partidistas. \u201cEstos asuntos deben ser resueltos en el fondo\u201d, dijo.<\/p>\n\n\n\n<p>Finalmente, llam\u00f3 a los partidos a tener un comportamiento apegado a los principios constitucionales.<\/p>\n\n\n\n<p>\u201cEl juego democr\u00e1tico llama a un comportamiento de juego democr\u00e1tico. La altura democr\u00e1tica que hoy se requiere es mucha por parte de todos los partidos pol\u00edticos y de todos los actores pol\u00edticos\u201d, pidi\u00f3.<\/p>\n\n\n\n<p><a href=\"mailto:jorge.monroy@eleconomista.mx\" target=\"_blank\" rel=\"noreferrer noopener\">jorge.monroy@eleconomista.mx<\/a><\/p>\n\n\n\n<p>Fuente: <a href=\"https:\/\/www.eleconomista.com.mx\/politica\/Rechaza-INE-frenar-proceso-del-PAN-PRI-y-PRD-para-designar-a-responsable-del-Frente-Amplio-por-Mexico-20230706-0032.html\">https:\/\/www.eleconomista.com.mx\/politica\/Rechaza-INE-frenar-proceso-del-PAN-PRI-y-PRD-para-designar-a-responsable-del-Frente-Amplio-por-Mexico-20230706-0032.html<\/a><\/p>\n","protected":false},"excerpt":{"rendered":"<p>Con un exhorto al Tribunal Electoral del Poder Judicial de la Federaci\u00f3n para que resuelva el fondo del asunto sobre [&hellip;]<\/p>\n","protected":false},"author":1,"featured_media":54216,"comment_status":"open","ping_status":"open","sticky":false,"template":"","format":"standard","meta":{"site-sidebar-layout":"default","site-content-layout":"","ast-site-content-layout":"default","site-content-style":"default","site-sidebar-style":"default","ast-global-header-display":"","ast-banner-title-visibility":"","ast-main-header-display":"","ast-hfb-above-header-display":"","ast-hfb-below-header-display":"","ast-hfb-mobile-header-display":"","site-post-title":"","ast-breadcrumbs-content":"","ast-featured-img":"","footer-sml-layout":"","theme-transparent-header-meta":"","adv-header-id-meta":"","stick-header-meta":"","header-above-stick-meta":"","header-main-stick-meta":"","header-below-stick-meta":"","astra-migrate-meta-layouts":"default","ast-page-background-enabled":"default","ast-page-background-meta":{"desktop":{"background-color":"var(--ast-global-color-4)","background-image":"","background-repeat":"repeat","background-position":"center center","background-size":"auto","background-attachment":"scroll","background-type":"","background-media":"","overlay-type":"","overlay-color":"","overlay-opacity":"","overlay-gradient":""},"tablet":{"background-color":"","background-image":"","background-repeat":"repeat","background-position":"center center","background-size":"auto","background-attachment":"scroll","background-type":"","background-media":"","overlay-type":"","overlay-color":"","overlay-opacity":"","overlay-gradient":""},"mobile":{"background-color":"","background-image":"","background-repeat":"repeat","background-position":"center center","background-size":"auto","background-attachment":"scroll","background-type":"","background-media":"","overlay-type":"","overlay-color":"","overlay-opacity":"","overlay-gradient":""}},"ast-content-background-meta":{"desktop":{"background-color":"var(--ast-global-color-5)","background-image":"","background-repeat":"repeat","background-position":"center center","background-size":"auto","background-attachment":"scroll","background-type":"","background-media":"","overlay-type":"","overlay-color":"","overlay-opacity":"","overlay-gradient":""},"tablet":{"background-color":"var(--ast-global-color-5)","background-image":"","background-repeat":"repeat","background-position":"center center","background-size":"auto","background-attachment":"scroll","background-type":"","background-media":"","overlay-type":"","overlay-color":"","overlay-opacity":"","overlay-gradient":""},"mobile":{"background-color":"var(--ast-global-color-5)","background-image":"","background-repeat":"repeat","background-position":"center center","background-size":"auto","background-attachment":"scroll","background-type":"","background-media":"","overlay-type":"","overlay-color":"","overlay-opacity":"","overlay-gradient":""}},"footnotes":""},"categories":[8],"tags":[17226,885],"class_list":["post-54215","post","type-post","status-publish","format-standard","has-post-thumbnail","hentry","category-noticias","tag-frente-amplio-por-mexico","tag-ine"],"_links":{"self":[{"href":"https:\/\/losperiodistas.com.mx\/portal\/wp-json\/wp\/v2\/posts\/54215","targetHints":{"allow":["GET"]}}],"collection":[{"href":"https:\/\/losperiodistas.com.mx\/portal\/wp-json\/wp\/v2\/posts"}],"about":[{"href":"https:\/\/losperiodistas.com.mx\/portal\/wp-json\/wp\/v2\/types\/post"}],"author":[{"embeddable":true,"href":"https:\/\/losperiodistas.com.mx\/portal\/wp-json\/wp\/v2\/users\/1"}],"replies":[{"embeddable":true,"href":"https:\/\/losperiodistas.com.mx\/portal\/wp-json\/wp\/v2\/comments?post=54215"}],"version-history":[{"count":1,"href":"https:\/\/losperiodistas.com.mx\/portal\/wp-json\/wp\/v2\/posts\/54215\/revisions"}],"predecessor-version":[{"id":54217,"href":"https:\/\/losperiodistas.com.mx\/portal\/wp-json\/wp\/v2\/posts\/54215\/revisions\/54217"}],"wp:featuredmedia":[{"embeddable":true,"href":"https:\/\/losperiodistas.com.mx\/portal\/wp-json\/wp\/v2\/media\/54216"}],"wp:attachment":[{"href":"https:\/\/losperiodistas.com.mx\/portal\/wp-json\/wp\/v2\/media?parent=54215"}],"wp:term":[{"taxonomy":"category","embeddable":true,"href":"https:\/\/losperiodistas.com.mx\/portal\/wp-json\/wp\/v2\/categories?post=54215"},{"taxonomy":"post_tag","embeddable":true,"href":"https:\/\/losperiodistas.com.mx\/portal\/wp-json\/wp\/v2\/tags?post=54215"}],"curies":[{"name":"wp","href":"https:\/\/api.w.org\/{rel}","templated":true}]}}