{"id":54209,"date":"2023-07-06T10:21:30","date_gmt":"2023-07-06T15:21:30","guid":{"rendered":"http:\/\/losperiodistas.com.mx\/portal\/?p=54209"},"modified":"2023-07-06T10:23:01","modified_gmt":"2023-07-06T15:23:01","slug":"amlo-prometio-que-las-cosas-iban-a-cambiar-pero-no-para-empeorar-obispo-de-apatzingan","status":"publish","type":"post","link":"https:\/\/losperiodistas.com.mx\/portal\/amlo-prometio-que-las-cosas-iban-a-cambiar-pero-no-para-empeorar-obispo-de-apatzingan\/","title":{"rendered":"AMLO prometi\u00f3 que las cosas iban a cambiar pero no para empeorar: obispo de Apatzing\u00e1n | La-Lista"},"content":{"rendered":"\n<p class=\"has-luminous-vivid-amber-background-color has-background has-medium-font-size\">El gobierno de AMLO debe cambiar de estrategia para \u00aberradicar este tumor\u00bb que es la violencia, se\u00f1ala el obispo Crist\u00f3bal Asencio Garc\u00eda.<\/p>\n\n\n\n<figure class=\"wp-block-image size-large is-style-default\"><img fetchpriority=\"high\" decoding=\"async\" width=\"1024\" height=\"581\" src=\"https:\/\/losperiodistas.com.mx\/portal\/wp-content\/uploads\/2023\/07\/obispo_apatzingan-1024x581.jpg\" alt=\"\" class=\"wp-image-54211\" srcset=\"https:\/\/losperiodistas.com.mx\/portal\/wp-content\/uploads\/2023\/07\/obispo_apatzingan-1024x581.jpg 1024w, https:\/\/losperiodistas.com.mx\/portal\/wp-content\/uploads\/2023\/07\/obispo_apatzingan-300x170.jpg 300w, https:\/\/losperiodistas.com.mx\/portal\/wp-content\/uploads\/2023\/07\/obispo_apatzingan-768x435.jpg 768w, https:\/\/losperiodistas.com.mx\/portal\/wp-content\/uploads\/2023\/07\/obispo_apatzingan.jpg 1270w\" sizes=\"(max-width: 1024px) 100vw, 1024px\" \/><\/figure>\n\n\n\n<p><\/p>\n\n\n\n<p>REDACCI\u00d3N LA-LISTA<\/p>\n\n\n\n<p>\u201cDe unos 25 d\u00edas para ac\u00e1,&nbsp;<strong>nos volvi\u00f3 la tempestad<\/strong>\u201c, suelta el obispo de Apatzing\u00e1n, Monse\u00f1or&nbsp;<strong>Crist\u00f3bal Asencio Garc\u00eda<\/strong>.<\/p>\n\n\n\n<p>\u201cSe nos prometi\u00f3 al principio que las cosas iban a cambiar pero yo entend\u00ed que para mejor no para empeorar la vida de violencia\u201d, lamenta en entrevista para&nbsp;<em>La-Lista<\/em>.<\/p>\n\n\n\n<p>En los \u00faltimos d\u00edas, las noticias de Apatzing\u00e1n son de violencia: \u201cAsesinan a balazos a dos taxistas\u201d; \u201cPersiguen y matan a automovilista\u201d; \u201cMatan a titular de Conciliaci\u00f3n y Arbitraje\u201d.<\/p>\n\n\n\n<p>Cerca de este municipio, en La Ruana, mataron hace unos d\u00edas al exl\u00edder de autodefensas,&nbsp;<strong>Hip\u00f3lito Mora<\/strong>.<\/p>\n\n\n\n<p>Para el obispo Crist\u00f3bal Asencio, esta ola de violencia ha significado tener un velorio todos los d\u00edas; \u201cla semana pasada fueron cinco, seis en los mismos d\u00edas\u201d.<\/p>\n\n\n\n<p>\u201cAnte esta situaci\u00f3n hubi\u00e9ramos querido un\u00a0<strong>d\u00eda de duelo por los m\u00e1s de 160 mil asesinatos en estos 5 a\u00f1os\u201d<\/strong>, considera, luego de que el fin de semana el presidente Andr\u00e9s Manuel L\u00f3pez Obrador celebrara los 5 a\u00f1os de haber ganado la presidencia.<\/p>\n\n\n\n<p class=\"has-cyan-bluish-gray-background-color has-background\">No te pierdas:<a href=\"https:\/\/la-lista.com\/mexico\/2023\/07\/05\/balean-al-activista-julio-acosta-en-apatzingan-michoacan\">El activista Julio Acosta es baleado en Apatzing\u00e1n, Michoac\u00e1n<\/a><\/p>\n\n\n\n<p>\u201cDije al principio de mi homil\u00eda que me hubiese gustado y hubiera sido m\u00e1s saludable para nuestro pa\u00eds convocar a un d\u00eda de duelo en vez de hacer una fiesta grande. Es como cuando el vecino tiene un cuerpo tendido, est\u00e1 con el dolor, y al lado est\u00e1 una fiesta con m\u00fasica, mariachi, vino,<strong>&nbsp;as\u00ed vi mi pa\u00eds<\/strong>\u201c, confiesa el religioso.<\/p>\n\n\n\n<p>El presidente L\u00f3pez Obrador le contest\u00f3 en su ma\u00f1anera: \u201chay veces que la jerarqu\u00eda de la Iglesia tiene m\u00e1s simpat\u00eda por los potentados\u201d.<\/p>\n\n\n\n<p>Pero el obispo lo invita a acudir a Apatzing\u00e1n y ver que de quienes se rodea son parte del pueblo.<\/p>\n\n\n\n<p>Asencio Garc\u00eda consider\u00f3 que el mandatario no ha encontrado la estrategia adecuada para frenar al crimen organizado. Tan s\u00f3lo en Apatzing\u00e1n, dice, se ha detectado la presencia de hasta 7 grupos delincuenciales.<\/p>\n\n\n\n<p>\u201c\u00bfPor qu\u00e9 mejor no un d\u00eda de duelo?, partiendo de mi realidad local aqu\u00ed en mi di\u00f3cesis. El pa\u00eds est\u00e1 ensangrentado, en muchas partes est\u00e1 como en Apatzing\u00e1n<\/p>\n\n\n\n<p>\u201cNo me acostumbro ni quiero acostumbrarme a contemplar este escenario, quisiera cambiar este escenario de muerte por un escenario de vida\u201d, indica.<\/p>\n\n\n\n<figure class=\"wp-block-image is-style-default\"><img decoding=\"async\" src=\"https:\/\/i0.wp.com\/la-lista.com\/wp-content\/uploads\/2023\/07\/amlo-obispo-apatzingan.jpg?resize=800%2C450&amp;ssl=1\" alt=\"AMLO prometi\u00f3 que las cosas iban a cambiar pero no para empeorar: obispo de Apatzing\u00e1n - amlo-obispo-apatzingan\" class=\"wp-image-445592\"\/><figcaption>El obispo de Apatzing\u00e1n durante una homil\u00eda. Imagen: Captura de pantalla.<\/figcaption><\/figure>\n\n\n\n<p>Entonces recuerda&nbsp;<strong>la carta que le envi\u00f3 el papa Francisco<\/strong>&nbsp;hace algunos a\u00f1os.<\/p>\n\n\n\n<p>En ella pidi\u00f3 a Dios que \u201cconvierta el coraz\u00f3n de los responsables de tanta muerte y desolaci\u00f3n\u201d; y por otra parte,&nbsp;<strong>exhort\u00f3 a los funcionarios p\u00fablicos a \u201ccomprometerse en la erradicaci\u00f3n del crimen y de la impunidad\u201d<\/strong>. &nbsp;<\/p>\n\n\n\n<p>Sobre ello, monse\u00f1or se\u00f1ala que \u201cel crimen crece porque va acompa\u00f1ado de la impunidad\u201d.<\/p>\n\n\n\n<p>\u201cHay cada vez m\u00e1s personas que se animan a quitar la vida de sus semejantes viendo que no son castigados los criminales\u201d, apunta.<\/p>\n\n\n\n<p>Por ello considera que el gobierno deber\u00eda buscar estrategias m\u00e1s eficaces para avanzar en esto y \u201c<strong>erradicar este tumor que est\u00e1 en nuestro pa\u00eds desde hace a\u00f1os\u201d.<\/strong><\/p>\n\n\n\n<p>Y advierte: \u201cLas autoridades solas no podr\u00edan, tenemos la sociedad que involucrarnos, estar a favor de la paz, la sociedad de alguna manera tenemos que cobrar consciencia de la urgencia que es dar prioridad a este asunto que nos est\u00e1 quitando vidas de nuestra patria, una paz establecida sobre la justicia, para lo cual se requiere un estado de derecho, pero vemos que el estado de derecho est\u00e1 ausente\u201d, comenta.<\/p>\n\n\n\n<p>A los criminales, el obispo les pide que se conviertan y vivan una vida nueva. En 2018, fue enca\u00f1onado por uno de estos grupos que le quitaron su camioneta, aunque al d\u00eda siguiente la regresaron por tratarse de \u00e9l.<\/p>\n\n\n\n<p>\u201cSiempre les invito a la conversi\u00f3n, porque s\u00e9 que esto les llevar\u00e1 por un camino de salvaci\u00f3n. Si no cambian, va a ser muy dif\u00edcil que Dios pueda salvarlo\u2026 el bien real es que dejen las armas\u2026 no quiero su muerte, no quiero que los maten. Muchas mam\u00e1s sufren al ver as\u00ed a sus hijos\u201d, insiste el obispo que vio volver la \u201ctempestad\u201d a su pueblo.<\/p>\n\n\n\n<p>Fuente: <a href=\"https:\/\/la-lista.com\/actualidad\/2023\/07\/06\/mexico-creo-mas-de-514-mil-empleos-en-primer-trimestre-del-2023\">https:\/\/la-lista.com\/actualidad\/2023\/07\/06\/mexico-creo-mas-de-514-mil-empleos-en-primer-trimestre-del-2023<\/a><\/p>\n","protected":false},"excerpt":{"rendered":"<p>El gobierno de AMLO debe cambiar de estrategia para \u00aberradicar este tumor\u00bb que es la violencia, se\u00f1ala el obispo Crist\u00f3bal [&hellip;]<\/p>\n","protected":false},"author":1,"featured_media":54211,"comment_status":"open","ping_status":"open","sticky":false,"template":"","format":"standard","meta":{"site-sidebar-layout":"default","site-content-layout":"","ast-site-content-layout":"default","site-content-style":"default","site-sidebar-style":"default","ast-global-header-display":"","ast-banner-title-visibility":"","ast-main-header-display":"","ast-hfb-above-header-display":"","ast-hfb-below-header-display":"","ast-hfb-mobile-header-display":"","site-post-title":"","ast-breadcrumbs-content":"","ast-featured-img":"","footer-sml-layout":"","theme-transparent-header-meta":"","adv-header-id-meta":"","stick-header-meta":"","header-above-stick-meta":"","header-main-stick-meta":"","header-below-stick-meta":"","astra-migrate-meta-layouts":"default","ast-page-background-enabled":"default","ast-page-background-meta":{"desktop":{"background-color":"var(--ast-global-color-4)","background-image":"","background-repeat":"repeat","background-position":"center center","background-size":"auto","background-attachment":"scroll","background-type":"","background-media":"","overlay-type":"","overlay-color":"","overlay-opacity":"","overlay-gradient":""},"tablet":{"background-color":"","background-image":"","background-repeat":"repeat","background-position":"center center","background-size":"auto","background-attachment":"scroll","background-type":"","background-media":"","overlay-type":"","overlay-color":"","overlay-opacity":"","overlay-gradient":""},"mobile":{"background-color":"","background-image":"","background-repeat":"repeat","background-position":"center center","background-size":"auto","background-attachment":"scroll","background-type":"","background-media":"","overlay-type":"","overlay-color":"","overlay-opacity":"","overlay-gradient":""}},"ast-content-background-meta":{"desktop":{"background-color":"var(--ast-global-color-5)","background-image":"","background-repeat":"repeat","background-position":"center center","background-size":"auto","background-attachment":"scroll","background-type":"","background-media":"","overlay-type":"","overlay-color":"","overlay-opacity":"","overlay-gradient":""},"tablet":{"background-color":"var(--ast-global-color-5)","background-image":"","background-repeat":"repeat","background-position":"center center","background-size":"auto","background-attachment":"scroll","background-type":"","background-media":"","overlay-type":"","overlay-color":"","overlay-opacity":"","overlay-gradient":""},"mobile":{"background-color":"var(--ast-global-color-5)","background-image":"","background-repeat":"repeat","background-position":"center center","background-size":"auto","background-attachment":"scroll","background-type":"","background-media":"","overlay-type":"","overlay-color":"","overlay-opacity":"","overlay-gradient":""}},"footnotes":""},"categories":[8],"tags":[17259,17258,17260],"class_list":["post-54209","post","type-post","status-publish","format-standard","has-post-thumbnail","hentry","category-noticias","tag-apatzinganb","tag-cristobal-asencio-garcia","tag-violencia-empeora"],"_links":{"self":[{"href":"https:\/\/losperiodistas.com.mx\/portal\/wp-json\/wp\/v2\/posts\/54209","targetHints":{"allow":["GET"]}}],"collection":[{"href":"https:\/\/losperiodistas.com.mx\/portal\/wp-json\/wp\/v2\/posts"}],"about":[{"href":"https:\/\/losperiodistas.com.mx\/portal\/wp-json\/wp\/v2\/types\/post"}],"author":[{"embeddable":true,"href":"https:\/\/losperiodistas.com.mx\/portal\/wp-json\/wp\/v2\/users\/1"}],"replies":[{"embeddable":true,"href":"https:\/\/losperiodistas.com.mx\/portal\/wp-json\/wp\/v2\/comments?post=54209"}],"version-history":[{"count":2,"href":"https:\/\/losperiodistas.com.mx\/portal\/wp-json\/wp\/v2\/posts\/54209\/revisions"}],"predecessor-version":[{"id":54214,"href":"https:\/\/losperiodistas.com.mx\/portal\/wp-json\/wp\/v2\/posts\/54209\/revisions\/54214"}],"wp:featuredmedia":[{"embeddable":true,"href":"https:\/\/losperiodistas.com.mx\/portal\/wp-json\/wp\/v2\/media\/54211"}],"wp:attachment":[{"href":"https:\/\/losperiodistas.com.mx\/portal\/wp-json\/wp\/v2\/media?parent=54209"}],"wp:term":[{"taxonomy":"category","embeddable":true,"href":"https:\/\/losperiodistas.com.mx\/portal\/wp-json\/wp\/v2\/categories?post=54209"},{"taxonomy":"post_tag","embeddable":true,"href":"https:\/\/losperiodistas.com.mx\/portal\/wp-json\/wp\/v2\/tags?post=54209"}],"curies":[{"name":"wp","href":"https:\/\/api.w.org\/{rel}","templated":true}]}}