{"id":54205,"date":"2023-07-06T10:13:46","date_gmt":"2023-07-06T15:13:46","guid":{"rendered":"http:\/\/losperiodistas.com.mx\/portal\/?p=54205"},"modified":"2023-07-06T10:13:50","modified_gmt":"2023-07-06T15:13:50","slug":"dia-internacional-del-beso-robado-que-es-y-desde-cuando-se-celebra-nacion-321","status":"publish","type":"post","link":"https:\/\/losperiodistas.com.mx\/portal\/dia-internacional-del-beso-robado-que-es-y-desde-cuando-se-celebra-nacion-321\/","title":{"rendered":"D\u00eda internacional del beso robado \u00bfQu\u00e9 es y desde cu\u00e1ndo se celebra? | Naci\u00f3n 321"},"content":{"rendered":"\n<figure class=\"wp-block-image size-full is-style-default\"><img fetchpriority=\"high\" decoding=\"async\" width=\"1024\" height=\"600\" src=\"https:\/\/losperiodistas.com.mx\/portal\/wp-content\/uploads\/2023\/07\/9d38e6eab92b2_position1_regular.jpg\" alt=\"\" class=\"wp-image-54206\" srcset=\"https:\/\/losperiodistas.com.mx\/portal\/wp-content\/uploads\/2023\/07\/9d38e6eab92b2_position1_regular.jpg 1024w, https:\/\/losperiodistas.com.mx\/portal\/wp-content\/uploads\/2023\/07\/9d38e6eab92b2_position1_regular-300x176.jpg 300w, https:\/\/losperiodistas.com.mx\/portal\/wp-content\/uploads\/2023\/07\/9d38e6eab92b2_position1_regular-768x450.jpg 768w\" sizes=\"(max-width: 1024px) 100vw, 1024px\" \/><figcaption><strong>\u00bfYa sabes con qui\u00e9n festejar?<\/strong>Hoy es el D\u00eda Internacional del Beso Robado | Especial<\/figcaption><\/figure>\n\n\n\n<p class=\"has-vivid-red-color has-text-color has-medium-font-size\"><strong>NACI\u00d3N 321<\/strong><\/p>\n\n\n\n<p>\u00bfCon qui\u00e9n vas a festejar?&nbsp;<\/p>\n\n\n\n<p>Este 6 de julio se celebra el\u00a0<strong>D\u00eda Internacional del Beso Robado<\/strong>, una celebraci\u00f3n de origen desconocido, pero que se ha celebrando en Gran Breta\u00f1a desde el siglo XIX y que actualmente se ha popularizado a nivel mundial.<\/p>\n\n\n\n<p class=\"has-cyan-bluish-gray-background-color has-background\"><a href=\"https:\/\/www.nacion321.com\/trends\/dia-del-beso-estos-son-los-5-beneficios-que-le-ocurren-a-tu-cuerpo-al-besar\" target=\"_blank\" rel=\"noreferrer noopener\">Relacionada, \u00bfD\u00eda del beso? Estos son los 5 beneficios que le ocurren a tu cuerpo<\/a><\/p>\n\n\n\n<p>Muchos confunden el D\u00eda Internacional del Beso Robado con el D\u00eda Internacional del Beso, que se celebra el&nbsp;<strong>13 de abril,&nbsp;<\/strong>aunque su significado y finalidad sean muy similares: propagar amor en el mundo y recordarnos los m\u00faltiples beneficios que trae a nuestra vida el besar.<\/p>\n\n\n\n<h2 class=\"wp-block-heading\">EL BESO ROBADO M\u00c1S FAMOSO DE LA HISTORIA<\/h2>\n\n\n\n<p>Aunque no se sabe a ciencia cierta, el porqu\u00e9 de esta celebraci\u00f3n, si se conoce que el beso robado m\u00e1s famoso de la historia, es el representado en la famosa fotograf\u00eda de<strong>&nbsp;Alfred Eisenstaedt<\/strong>. Esa donde aparece un marinero norteamericano besando a una enfermera, en el Time Square, el 14 de agosto de 1945. Justo la fecha en que se declar\u00f3 la victoria de&nbsp;<strong>Estados Unidos<\/strong>&nbsp;sobre Jap\u00f3n durante la segunda guerra mundial.<\/p>\n\n\n\n<p>En realidad, parece que al mundo le importa poco el conocer el origen exacto de esta festividad, ya que desde que se populariz\u00f3, son muchas las personas que aprovechan el d\u00eda para subir a las redes sociales una foto o video donde roban un beso y la etiquetan con el hashtag #<strong>DiaInternacionalDelBesoRobado<\/strong>.<\/p>\n\n\n\n<p>As\u00ed que si deseas sumarte a esta celebraci\u00f3n, te invitamos a que te armes de valor e inmortalices el momento en que por fin le robaste ese beso a la persona que tanto te gusta o mejor a\u00fan, robarle un beso a tu pareja a pesar de que ya van rumbo a celebrar el aniversario de las bodas de oro.<\/p>\n\n\n\n<figure class=\"wp-block-image size-full is-resized is-style-default\"><img decoding=\"async\" src=\"https:\/\/losperiodistas.com.mx\/portal\/wp-content\/uploads\/2023\/07\/NjRhNjJmODdi.jpeg\" alt=\"\" class=\"wp-image-54207\" width=\"399\" height=\"547\"\/><\/figure>\n\n\n\n<h2 class=\"wp-block-heading\">PERO \u00bfCU\u00c1LES SON LOS BENEFICIOS DE UN BESO?<\/h2>\n\n\n\n<h2 class=\"wp-block-heading\">1.- SUBE LAS DEFENSAS<\/h2>\n\n\n\n<p>Besar ayuda a prevenir enfermedades, ya que la acci\u00f3n moviliza secreciones hormonales que contribuyen a aumentar las defensas naturales. &nbsp;Adem\u00e1s, mezclar la saliva con la de otra persona actuar\u00eda como una vacuna natural, ya que nos permitir\u00e1 inmunizarnos suavemente contra sus g\u00e9rmenes.<\/p>\n\n\n\n<h2 class=\"wp-block-heading\">2.- REDUCE LA PRESI\u00d3N ARTERIAL<\/h2>\n\n\n\n<p>Besar acelera el latido card\u00edaco y disminuye la presi\u00f3n arterial, tambi\u00e9n dilata los vasos sangu\u00edneos y hace que llegue m\u00e1s sangre a tus \u00f3rganos vitales.<\/p>\n\n\n\n<h2 class=\"wp-block-heading\">3.- CAUSA FELICIDAD<\/h2>\n\n\n\n<p>Besar estimula la liberaci\u00f3n de hormonas como dopamina, serotonina y oxitocina, las cuales est\u00e1n relacionadas en las sensaciones de felicidad y placer.<\/p>\n\n\n\n<h2 class=\"wp-block-heading\">4.- DISMINUYE EL DOLOR &nbsp;<\/h2>\n\n\n\n<p>Besar no s\u00f3lo estimula tu mente, tambi\u00e9n ayuda a tu cuerpo a disminuir el dolor, pues tiene efectos analg\u00e9sicos que reducen el dolor de cabeza e incluso musculares, como la espalda.<\/p>\n\n\n\n<h2 class=\"wp-block-heading\">5.- &nbsp;AYUDA A LA SALUD BUCODENTAL<\/h2>\n\n\n\n<p>Besar ayuda a a tu salud bucodental, ya que al tener una mayor cantidad de saliva ayuda a combatir la placa bacteriana, \u00e9sta es la principal causa de caries y otros problemas para la salud de los dientes y el resto de la cavidad oral.<\/p>\n\n\n\n<p>Fuente: <a href=\"https:\/\/www.nacion321.com\/internacional\/dia-internacional-del-beso-robado-que-es-y-desde-cuando-se-celebra\">https:\/\/www.nacion321.com\/internacional\/dia-internacional-del-beso-robado-que-es-y-desde-cuando-se-celebra<\/a><\/p>\n","protected":false},"excerpt":{"rendered":"<p>NACI\u00d3N 321 \u00bfCon qui\u00e9n vas a festejar?&nbsp; Este 6 de julio se celebra el\u00a0D\u00eda Internacional del Beso Robado, una celebraci\u00f3n [&hellip;]<\/p>\n","protected":false},"author":1,"featured_media":54206,"comment_status":"open","ping_status":"open","sticky":false,"template":"","format":"standard","meta":{"site-sidebar-layout":"default","site-content-layout":"","ast-site-content-layout":"default","site-content-style":"default","site-sidebar-style":"default","ast-global-header-display":"","ast-banner-title-visibility":"","ast-main-header-display":"","ast-hfb-above-header-display":"","ast-hfb-below-header-display":"","ast-hfb-mobile-header-display":"","site-post-title":"","ast-breadcrumbs-content":"","ast-featured-img":"","footer-sml-layout":"","theme-transparent-header-meta":"","adv-header-id-meta":"","stick-header-meta":"","header-above-stick-meta":"","header-main-stick-meta":"","header-below-stick-meta":"","astra-migrate-meta-layouts":"default","ast-page-background-enabled":"default","ast-page-background-meta":{"desktop":{"background-color":"var(--ast-global-color-4)","background-image":"","background-repeat":"repeat","background-position":"center center","background-size":"auto","background-attachment":"scroll","background-type":"","background-media":"","overlay-type":"","overlay-color":"","overlay-opacity":"","overlay-gradient":""},"tablet":{"background-color":"","background-image":"","background-repeat":"repeat","background-position":"center center","background-size":"auto","background-attachment":"scroll","background-type":"","background-media":"","overlay-type":"","overlay-color":"","overlay-opacity":"","overlay-gradient":""},"mobile":{"background-color":"","background-image":"","background-repeat":"repeat","background-position":"center center","background-size":"auto","background-attachment":"scroll","background-type":"","background-media":"","overlay-type":"","overlay-color":"","overlay-opacity":"","overlay-gradient":""}},"ast-content-background-meta":{"desktop":{"background-color":"var(--ast-global-color-5)","background-image":"","background-repeat":"repeat","background-position":"center center","background-size":"auto","background-attachment":"scroll","background-type":"","background-media":"","overlay-type":"","overlay-color":"","overlay-opacity":"","overlay-gradient":""},"tablet":{"background-color":"var(--ast-global-color-5)","background-image":"","background-repeat":"repeat","background-position":"center center","background-size":"auto","background-attachment":"scroll","background-type":"","background-media":"","overlay-type":"","overlay-color":"","overlay-opacity":"","overlay-gradient":""},"mobile":{"background-color":"var(--ast-global-color-5)","background-image":"","background-repeat":"repeat","background-position":"center center","background-size":"auto","background-attachment":"scroll","background-type":"","background-media":"","overlay-type":"","overlay-color":"","overlay-opacity":"","overlay-gradient":""}},"footnotes":""},"categories":[8],"tags":[17257],"class_list":["post-54205","post","type-post","status-publish","format-standard","has-post-thumbnail","hentry","category-noticias","tag-diainternacionaldelbesorobado"],"_links":{"self":[{"href":"https:\/\/losperiodistas.com.mx\/portal\/wp-json\/wp\/v2\/posts\/54205","targetHints":{"allow":["GET"]}}],"collection":[{"href":"https:\/\/losperiodistas.com.mx\/portal\/wp-json\/wp\/v2\/posts"}],"about":[{"href":"https:\/\/losperiodistas.com.mx\/portal\/wp-json\/wp\/v2\/types\/post"}],"author":[{"embeddable":true,"href":"https:\/\/losperiodistas.com.mx\/portal\/wp-json\/wp\/v2\/users\/1"}],"replies":[{"embeddable":true,"href":"https:\/\/losperiodistas.com.mx\/portal\/wp-json\/wp\/v2\/comments?post=54205"}],"version-history":[{"count":1,"href":"https:\/\/losperiodistas.com.mx\/portal\/wp-json\/wp\/v2\/posts\/54205\/revisions"}],"predecessor-version":[{"id":54208,"href":"https:\/\/losperiodistas.com.mx\/portal\/wp-json\/wp\/v2\/posts\/54205\/revisions\/54208"}],"wp:featuredmedia":[{"embeddable":true,"href":"https:\/\/losperiodistas.com.mx\/portal\/wp-json\/wp\/v2\/media\/54206"}],"wp:attachment":[{"href":"https:\/\/losperiodistas.com.mx\/portal\/wp-json\/wp\/v2\/media?parent=54205"}],"wp:term":[{"taxonomy":"category","embeddable":true,"href":"https:\/\/losperiodistas.com.mx\/portal\/wp-json\/wp\/v2\/categories?post=54205"},{"taxonomy":"post_tag","embeddable":true,"href":"https:\/\/losperiodistas.com.mx\/portal\/wp-json\/wp\/v2\/tags?post=54205"}],"curies":[{"name":"wp","href":"https:\/\/api.w.org\/{rel}","templated":true}]}}