{"id":54175,"date":"2023-07-05T09:33:34","date_gmt":"2023-07-05T14:33:34","guid":{"rendered":"http:\/\/losperiodistas.com.mx\/portal\/?p=54175"},"modified":"2023-07-05T09:33:36","modified_gmt":"2023-07-05T14:33:36","slug":"como-hemingway-convirtio-unos-sanfermines-locales-en-una-fiesta-universal-nius","status":"publish","type":"post","link":"https:\/\/losperiodistas.com.mx\/portal\/como-hemingway-convirtio-unos-sanfermines-locales-en-una-fiesta-universal-nius\/","title":{"rendered":"C\u00f3mo Hemingway convirti\u00f3 unos Sanfermines locales en una fiesta universal | NIUS"},"content":{"rendered":"\n<ul class=\"has-white-color has-vivid-red-background-color has-text-color has-background has-medium-font-size wp-block-list\"><li>El escritor estadounidense catapult\u00f3 las fiestas de Pamplona a la fama mundial<\/li><li>Este viernes 7 de julio comienzan los Sanfermines. Siete d\u00edas de fiesta ininterrumpida<\/li><\/ul>\n\n\n\n<div class=\"wp-block-image is-style-default\"><figure class=\"aligncenter size-large\"><img fetchpriority=\"high\" decoding=\"async\" width=\"1024\" height=\"575\" src=\"https:\/\/losperiodistas.com.mx\/portal\/wp-content\/uploads\/2023\/07\/hemingway_da68-1024x575.jpg\" alt=\"\" class=\"wp-image-54176\" srcset=\"https:\/\/losperiodistas.com.mx\/portal\/wp-content\/uploads\/2023\/07\/hemingway_da68-1024x575.jpg 1024w, https:\/\/losperiodistas.com.mx\/portal\/wp-content\/uploads\/2023\/07\/hemingway_da68-300x169.jpg 300w, https:\/\/losperiodistas.com.mx\/portal\/wp-content\/uploads\/2023\/07\/hemingway_da68-768x431.jpg 768w, https:\/\/losperiodistas.com.mx\/portal\/wp-content\/uploads\/2023\/07\/hemingway_da68.jpg 1200w\" sizes=\"(max-width: 1024px) 100vw, 1024px\" \/><figcaption>Pauline Pfeiffer, Ernest Hemingway y Hadley Hemingway en Espa\u00f1a en verano de 1926.WIKIMEDIA COMMONS<\/figcaption><\/figure><\/div>\n\n\n\n<p class=\"has-vivid-red-color has-text-color has-medium-font-size\"><strong>THE CONVERSATION \/ NIUS<\/strong><\/p>\n\n\n\n<p>Jake Barnes es corresponsal de un peri\u00f3dico norteamericano en el Par\u00eds de 1922. Cohn, un amigo que vagabundea por all\u00ed. Brett, la hermosa divorciada que ha convertido la capital francesa en un and\u00e9n entre dos trenes. Mike, la promesa de marido que se ha procurado entretanto. Y Bill, un amigo de Jake que solo parece pensar en la pesca.<\/p>\n\n\n\n<p>A todos ellos, y al torero Pedro Romero, trasunto del Ni\u00f1o de la Palma,&nbsp;<strong>los re\u00fane Hemingway en la Pamplona&nbsp;<\/strong>de&nbsp;<a href=\"https:\/\/es.wikipedia.org\/wiki\/Fiesta_(novela)\">Fiesta<\/a>&nbsp;(1926). Es decir, en los&nbsp;<strong>Sanfermines.<\/strong><\/p>\n\n\n\n<h4 class=\"has-cyan-bluish-gray-background-color has-background wp-block-heading\">M\u00c1S<\/h4>\n\n\n\n<ul class=\"wp-block-list\"><li><a href=\"https:\/\/www.niusdiario.es\/espana\/andalucia\/20230416\/pueblo-cadiz-mas-bonito-ernest-hemingway-celebra-centenario-llegada-espana_18_09269594.html#utm_source=apoyo_editorial_articulo\">El pueblo de C\u00e1diz m\u00e1s bonito para Ernest Hemingway celebra el centenario de su llegada a Espa\u00f1a<\/a><\/li><li><a href=\"https:\/\/www.niusdiario.es\/espana\/valencia\/20230313\/fallas-fiestas-buscadas-google-espanoles_18_08978071.html#utm_source=apoyo_editorial_articulo\">Las Fallas son las fiestas populares m\u00e1s buscadas en Google por los espa\u00f1oles<\/a><\/li><li><a href=\"https:\/\/www.niusdiario.es\/nacional\/politica\/20221120\/largo-tortuoso-camino-ley-solo-si-sentencia-manada-rebaja-penas_18_08015087.html#utm_source=apoyo_editorial_articulo\">El largo y tortuoso camino de la ley del &#8216;s\u00f3lo s\u00ed es s\u00ed&#8217;: de la Manada a la rebaja de penas<\/a><\/li><\/ul>\n\n\n\n<p>La fiesta celebra al copatr\u00f3n de Navarra, san Ferm\u00edn, hijo de Firmo, un oficial romano cristianizado hacia el siglo III por san Saturnino, obispo de Toulouse. Seg\u00fan la leyenda, Ferm\u00edn se habr\u00eda establecido en Amiens y muerto m\u00e1rtir. Seg\u00fan la tradici\u00f3n oral en Pamplona, de ah\u00ed viene el&nbsp;<em>pa\u00f1uelico<\/em>&nbsp;rojo que se lleva al cuello en las fiestas.<\/p>\n\n\n\n<h3 class=\"wp-block-heading\">Origen e historia de los Sanfermines<\/h3>\n\n\n\n<p>La historia de los Sanfermines ser\u00eda larga de contar. A lo largo de los siglos ha conocido cambios. Entre los siglos XIV y XVI hubo un baile de fechas que hizo que fuesen celebraciones oto\u00f1ales primero, solsticiales m\u00e1s tarde y veraniegas finalmente.<strong>&nbsp;En 1939 se ide\u00f3 el ritual del&nbsp;<\/strong><em><strong>txupinazo<\/strong><\/em><strong>,&nbsp;<\/strong>el estallido de un cohete que da inicio a la fiesta, el mediod\u00eda del d\u00eda 6 de julio.<img decoding=\"async\" src=\"https:\/\/album.mediaset.es\/eimg\/2023\/07\/05\/hemin3_2fec.jpg?w=1024\" srcset=\"https:\/\/album.mediaset.es\/eimg\/2023\/07\/05\/hemin3_2fec.jpg?w=1024 1024w, https:\/\/album.mediaset.es\/eimg\/2023\/07\/05\/hemin3_2fec.jpg?w=800 800w, https:\/\/album.mediaset.es\/eimg\/2023\/07\/05\/hemin3_2fec.jpg?w=768 768w, https:\/\/album.mediaset.es\/eimg\/2023\/07\/05\/hemin3_2fec.jpg?w=640 640w, https:\/\/album.mediaset.es\/eimg\/2023\/07\/05\/hemin3_2fec.jpg?w=600 600w, https:\/\/album.mediaset.es\/eimg\/2023\/07\/05\/hemin3_2fec.jpg?w=480 480w, https:\/\/album.mediaset.es\/eimg\/2023\/07\/05\/hemin3_2fec.jpg?w=360 360w, https:\/\/album.mediaset.es\/eimg\/2023\/07\/05\/hemin3_2fec.jpg?w=320 320w\" alt=\"hemin3\">Portada de la primera edici\u00f3n en ingl\u00e9s de The Sun Also Rises, t\u00edtulo original de Fiesta.WIKIPEDIA COMMONSPUBLICIDAD<\/p>\n\n\n\n<p>Lo m\u00e1s conocido de las fiestas es el encierro, el trayecto que los seis toros que van a participar en la corrida de la tarde hacen a las ocho de la ma\u00f1ana entre el establo y la plaza, cruzando el casco antiguo de Pamplona. Antiguamente, los toros eran llevados por los ganaderos. De esta costumbre se mantiene la actual tradici\u00f3n de correr delante de los animales hasta que lleguen a su destino.<\/p>\n\n\n\n<p>Pero no solo existe esa costumbre durante los Sanfermines. Entre las muchas tradiciones que los constituyen est\u00e1n la misa y la procesi\u00f3n de San Ferm\u00edn, patr\u00f3n de Pamplona y de Navarra, el encierrillo \u2013en el que cada d\u00eda, a las diez de la noche, se lleva al establo a los toros que participar\u00e1n en el encierro de la ma\u00f1ana siguiente\u2013 o el&nbsp;<a href=\"https:\/\/www.worldcat.org\/es\/title\/955346910\">\u201criau riau\u201d,<\/a>&nbsp;una celebraci\u00f3n popular en la que los ciudadanos cantan y bailan un vals del siglo XIX, ocupando las calles del centro e impidiendo el paso a la corporaci\u00f3n municipal. El&nbsp;<strong>riau riau lleva varios a\u00f1os ausente de las celebraciones oficiales, aunque sigue realiz\u00e1ndose de forma extraoficial.<\/strong><\/p>\n\n\n\n<p>Los Sanfermines son un c\u00famulo de tradiciones y una amalgama de cristianismo y paganismo. Hemingway supo verlo al instante. La corrida de toros, afirma en su novela, es \u201cuna tragedia en tres actos\u201d. M\u00e1s tarde, en cambio, observa que \u201cSan Ferm\u00edn es tambi\u00e9n una fiesta religiosa\u201d.<\/p>\n\n\n\n<p><img decoding=\"async\" src=\"https:\/\/album.mediaset.es\/eimg\/2023\/07\/05\/sanfermines_53b3.jpg?w=1024\" srcset=\"https:\/\/album.mediaset.es\/eimg\/2023\/07\/05\/sanfermines_53b3.jpg?w=1024 1024w, https:\/\/album.mediaset.es\/eimg\/2023\/07\/05\/sanfermines_53b3.jpg?w=800 800w, https:\/\/album.mediaset.es\/eimg\/2023\/07\/05\/sanfermines_53b3.jpg?w=768 768w, https:\/\/album.mediaset.es\/eimg\/2023\/07\/05\/sanfermines_53b3.jpg?w=640 640w, https:\/\/album.mediaset.es\/eimg\/2023\/07\/05\/sanfermines_53b3.jpg?w=600 600w, https:\/\/album.mediaset.es\/eimg\/2023\/07\/05\/sanfermines_53b3.jpg?w=480 480w, https:\/\/album.mediaset.es\/eimg\/2023\/07\/05\/sanfermines_53b3.jpg?w=360 360w, https:\/\/album.mediaset.es\/eimg\/2023\/07\/05\/sanfermines_53b3.jpg?w=320 320w\" alt=\"sanfermines\">Fotograf\u00eda de una calle del casco antiguo de Navarra durante los SanferminesTHE CONVERSATION<\/p>\n\n\n\n<p>De hecho, puede decirse que es precisamente la recreaci\u00f3n literaria de los Sanfermines a manos de Hemingway lo que dio forma a lo que conocemos hoy. Basta un vistazo a la novela para comprobarlo.<\/p>\n\n\n\n<h3 class=\"wp-block-heading\">Pamplona era una fiesta<\/h3>\n\n\n\n<p>Varios son los temas en&nbsp;<em>Fiesta<\/em>. El primero es el drama de Jake: su impotencia, causada por una herida de guerra, queda subrayada por la iron\u00eda de que Brett lo prefiera entre los hombres que la pretenden (Mike, Romero, Cohn) y por la exaltaci\u00f3n de la virilidad que supone la fiesta de los toros. Es Jake adem\u00e1s el narrador, pero no nos desvela su dolencia hasta muy avanzada la historia, y lo hace sin profundizar en ello, para que el lector lea entre l\u00edneas.<\/p>\n\n\n\n<p>Otro tema de fondo es el clima an\u00edmico, que convierte&nbsp;<em>Fiesta<\/em>&nbsp;en un emblema de&nbsp;lo que<a href=\"https:\/\/books.google.es\/books?id=OYYNMqtvj7EC&amp;redir_esc=y\">&nbsp;Gertrude Stein bautiz\u00f3 como la \u201cgeneraci\u00f3n perdida\u201d,&nbsp;<\/a>traumatizada por la Primera Guerra Mundial. De hecho, fue Stein quien aconsej\u00f3 a Hemingway que conociera los Sanfermines.<\/p>\n\n\n\n<p>As\u00ed, la herida de Jake invita a una lectura simb\u00f3lica, y se\u00f1ala un mal que no le es exclusivo. Reveladoramente, uno de los sarcasmos que Cohn dirige contra Brett \u2013la llama \u201cCirce\u201d, porque \u201cconvierte a los hombres en cerdos\u201d, como la hechicera de la&nbsp;<em>Odisea<\/em>\u2013 sugiere que, al igual que Ulises, este grupo de norteamericanos se resiste a regresar a su patria tras la conclusi\u00f3n de una guerra que ha derribado todas sus certezas. Tras la visible hambre de acci\u00f3n acecha en realidad el tedio.<img decoding=\"async\" src=\"https:\/\/album.mediaset.es\/eimg\/2023\/07\/05\/toros_697a.jpg?w=1024\" srcset=\"https:\/\/album.mediaset.es\/eimg\/2023\/07\/05\/toros_697a.jpg?w=1024 1024w, https:\/\/album.mediaset.es\/eimg\/2023\/07\/05\/toros_697a.jpg?w=800 800w, https:\/\/album.mediaset.es\/eimg\/2023\/07\/05\/toros_697a.jpg?w=768 768w, https:\/\/album.mediaset.es\/eimg\/2023\/07\/05\/toros_697a.jpg?w=640 640w, https:\/\/album.mediaset.es\/eimg\/2023\/07\/05\/toros_697a.jpg?w=600 600w, https:\/\/album.mediaset.es\/eimg\/2023\/07\/05\/toros_697a.jpg?w=480 480w, https:\/\/album.mediaset.es\/eimg\/2023\/07\/05\/toros_697a.jpg?w=360 360w, https:\/\/album.mediaset.es\/eimg\/2023\/07\/05\/toros_697a.jpg?w=320 320w\" alt=\"toros\">Un torero lidia un toro en Pamplona, Espa\u00f1a. Ernest Hemingway asisti\u00f3 a la corrida como parte de la Fiesta de San Ferm\u00edn en la Plaza de Toros de Pamplona. Esta fotograf\u00eda forma parte de los documentos de Ernest Hemingway. John F. Kennedy Presidential Library and MuseumTHE CONVERSATION<\/p>\n\n\n\n<p>Un tercer tema tiene que ver con ese tedio y con la personalidad de Hemingway. El escritor era alguien que no solo escrib\u00eda sobre aventuras sino que convert\u00eda la propia escritura en ello, alguien que gustaba de cazar cocodrilos en Florida, pescar atunes en Cuba o disparar a las fieras en \u00c1frica.<\/p>\n\n\n\n<p>Eso buscan los personajes, un atrac\u00f3n de aventura y exotismo con tres manifestaciones obvias: la mencionada tensi\u00f3n sexual, los toros y la bebida. No debe olvidarse que&nbsp;<em>Fiesta<\/em>&nbsp;se escribe durante la Ley Seca y que el autor procede de Chicago, una ciudad convertida en centro del tr\u00e1fico ilegal de licor.<\/p>\n\n\n\n<p>Pues bien, contra aquella<strong>&nbsp;disyuntiva entre abstinencia y ebriedad, entre ilegalidad y puritanismo,&nbsp;<\/strong>lo que encuentran estos norteamericanos en los Sanfermines es una vivencia festiva y gozosa.&nbsp;<strong>Se bebe p\u00fablicamente, sin remordimiento y con alegr\u00eda.<\/strong><\/p>\n\n\n\n<h3 class=\"wp-block-heading\">Hemingway y los Sanfermines<\/h3>\n\n\n\n<p>No fue&nbsp;<em>Fiesta<\/em>&nbsp;lo \u00fanico que escribi\u00f3 Hemingway sobre Pamplona. Antes, en octubre de 1923, hab\u00eda publicado el art\u00edculo \u201cPamplona in July\u201d (Pamplona en julio) en el&nbsp;<em>Star Weekly<\/em>&nbsp;de Toronto, tras su primera visita \u2013de un total de diez\u2013. Despu\u00e9s mencionar\u00eda las fiestas en&nbsp;<a href=\"https:\/\/es.wikipedia.org\/wiki\/Muerte_en_la_tarde\">Muerte en la tarde,<\/a>&nbsp;1932, su libro sobre el toreo.<\/p>\n\n\n\n<p>S\u00ed fue, sin embargo,&nbsp;su consagraci\u00f3n como escritor\u2026 y la<a href=\"https:\/\/archive.nytimes.com\/www.nytimes.com\/books\/99\/07\/04\/specials\/hemingway-rises.html\">&nbsp;consagraci\u00f3n universal de los Sanfermines&nbsp;<\/a>(pese a que la mayor parte de la novela&nbsp;<em>no<\/em>&nbsp;tiene esta fiesta como escenario, sino Par\u00eds, San Sebasti\u00e1n, Bayona y Madrid).<\/p>\n\n\n\n<p>El propio Hemingway pudo comprobarlo tras un largo par\u00e9ntesis. Durante la d\u00e9cada de 1940 no pudo visitar Pamplona (se hab\u00eda significado en favor de la Rep\u00fablica y escrito&nbsp;<a href=\"https:\/\/es.wikipedia.org\/wiki\/Por_qui%C3%A9n_doblan_las_campanas\">Por qui\u00e9n doblan las campanas,<\/a>&nbsp;un alegato contra la pol\u00edtica de no intervenci\u00f3n), pero cuando se restablecieron las relaciones diplom\u00e1ticas entre EE.&nbsp;UU. y Espa\u00f1a le falt\u00f3 tiempo para coger el avi\u00f3n.<img decoding=\"async\" src=\"https:\/\/album.mediaset.es\/eimg\/2023\/07\/05\/hemin2_8d7b.jpg?w=1024\" srcset=\"https:\/\/album.mediaset.es\/eimg\/2023\/07\/05\/hemin2_8d7b.jpg?w=1024 1024w, https:\/\/album.mediaset.es\/eimg\/2023\/07\/05\/hemin2_8d7b.jpg?w=800 800w, https:\/\/album.mediaset.es\/eimg\/2023\/07\/05\/hemin2_8d7b.jpg?w=768 768w, https:\/\/album.mediaset.es\/eimg\/2023\/07\/05\/hemin2_8d7b.jpg?w=640 640w, https:\/\/album.mediaset.es\/eimg\/2023\/07\/05\/hemin2_8d7b.jpg?w=600 600w, https:\/\/album.mediaset.es\/eimg\/2023\/07\/05\/hemin2_8d7b.jpg?w=480 480w, https:\/\/album.mediaset.es\/eimg\/2023\/07\/05\/hemin2_8d7b.jpg?w=360 360w, https:\/\/album.mediaset.es\/eimg\/2023\/07\/05\/hemin2_8d7b.jpg?w=320 320w\" alt=\"hemin2\">Tyrone Power, Eddie Albert, Errol Flynn, Ava Gardner y Mel Ferrer en la adaptaci\u00f3n de Fiesta de Henry King, 1957. IMDBTHE CONVERSATION<\/p>\n\n\n\n<p>Lo que encontr\u00f3 fue algo parecido a un&nbsp;<em>boomerang<\/em>: en lugar de la fiesta local de una peque\u00f1a ciudad, ahora ve\u00eda el tumulto cosmopolita propiciado por la popularidad de su propia novela&nbsp;<a href=\"https:\/\/www.filmaffinity.com\/es\/film171821.html\">(y de la adaptaci\u00f3n cinematogr\u00e1fica rodada en 1957 en M\u00e9xico por Henry King).<\/a><\/p>\n\n\n\n<p>En suma, la realidad imitaba al arte: la fiesta era ahora una muchedumbre de extranjeros \u00e1vidos de emular las andanzas de Jake, Mike y Brett en una suerte de parque tem\u00e1tico, mientras que la poblaci\u00f3n local a\u00f1ad\u00eda al tradicional&nbsp;<em>pa\u00f1uelico<\/em>&nbsp;rojo, un uniforme de camisa y pantal\u00f3n blancos que solo era un\u00e1nime en la pel\u00edcula de King, en la l\u00f3gica&nbsp;<em>kitsch<\/em>&nbsp;de quien desea confirmar un tipismo de postal en la mirada del for\u00e1neo. Y, por supuesto, la vertiente m\u00e1s pagana empezaba a prevalecer sobre la religiosa.<\/p>\n\n\n\n<p><a href=\"https:\/\/www.eunateediciones.com\/libro\/hemingway-en-los-sanfermines_118014\/\">No le gust\u00f3, dicen.<\/a><\/p>\n\n\n\n<p>* Este art\u00edculo ha sido publicado en &#8216;The Conversation&#8217;, puede leer el original&nbsp;<a href=\"https:\/\/theconversation.com\/como-hemingway-convirtio-unos-sanfermines-locales-en-una-fiesta-universal-208278\" target=\"_blank\" rel=\"noreferrer noopener\">aqu\u00ed.<\/a><\/p>\n\n\n\n<p><strong>Gabriel Insausti Herrero-Velarde<\/strong>. Filolog\u00eda. Literatura moderna, Universidad de Navarra.<\/p>\n\n\n\n<p>Fuente: <a href=\"https:\/\/www.niusdiario.es\/cultura\/20230705\/ernest-hemingway-convirtio-fiesta-local-sanfermines-celebracion-universal-fama-navarra-pamplona_18_09965778.html\">https:\/\/www.niusdiario.es\/cultura\/20230705\/ernest-hemingway-convirtio-fiesta-local-sanfermines-celebracion-universal-fama-navarra-pamplona_18_09965778.html<\/a><\/p>\n","protected":false},"excerpt":{"rendered":"<p>El escritor estadounidense catapult\u00f3 las fiestas de Pamplona a la fama mundial Este viernes 7 de julio comienzan los Sanfermines. [&hellip;]<\/p>\n","protected":false},"author":1,"featured_media":54176,"comment_status":"open","ping_status":"open","sticky":false,"template":"","format":"standard","meta":{"site-sidebar-layout":"default","site-content-layout":"","ast-site-content-layout":"default","site-content-style":"default","site-sidebar-style":"default","ast-global-header-display":"","ast-banner-title-visibility":"","ast-main-header-display":"","ast-hfb-above-header-display":"","ast-hfb-below-header-display":"","ast-hfb-mobile-header-display":"","site-post-title":"","ast-breadcrumbs-content":"","ast-featured-img":"","footer-sml-layout":"","theme-transparent-header-meta":"","adv-header-id-meta":"","stick-header-meta":"","header-above-stick-meta":"","header-main-stick-meta":"","header-below-stick-meta":"","astra-migrate-meta-layouts":"default","ast-page-background-enabled":"default","ast-page-background-meta":{"desktop":{"background-color":"var(--ast-global-color-4)","background-image":"","background-repeat":"repeat","background-position":"center center","background-size":"auto","background-attachment":"scroll","background-type":"","background-media":"","overlay-type":"","overlay-color":"","overlay-opacity":"","overlay-gradient":""},"tablet":{"background-color":"","background-image":"","background-repeat":"repeat","background-position":"center center","background-size":"auto","background-attachment":"scroll","background-type":"","background-media":"","overlay-type":"","overlay-color":"","overlay-opacity":"","overlay-gradient":""},"mobile":{"background-color":"","background-image":"","background-repeat":"repeat","background-position":"center center","background-size":"auto","background-attachment":"scroll","background-type":"","background-media":"","overlay-type":"","overlay-color":"","overlay-opacity":"","overlay-gradient":""}},"ast-content-background-meta":{"desktop":{"background-color":"var(--ast-global-color-5)","background-image":"","background-repeat":"repeat","background-position":"center center","background-size":"auto","background-attachment":"scroll","background-type":"","background-media":"","overlay-type":"","overlay-color":"","overlay-opacity":"","overlay-gradient":""},"tablet":{"background-color":"var(--ast-global-color-5)","background-image":"","background-repeat":"repeat","background-position":"center center","background-size":"auto","background-attachment":"scroll","background-type":"","background-media":"","overlay-type":"","overlay-color":"","overlay-opacity":"","overlay-gradient":""},"mobile":{"background-color":"var(--ast-global-color-5)","background-image":"","background-repeat":"repeat","background-position":"center center","background-size":"auto","background-attachment":"scroll","background-type":"","background-media":"","overlay-type":"","overlay-color":"","overlay-opacity":"","overlay-gradient":""}},"footnotes":""},"categories":[8],"tags":[11538,17255,11539],"class_list":["post-54175","post","type-post","status-publish","format-standard","has-post-thumbnail","hentry","category-noticias","tag-ernest-hemingway","tag-pamplona","tag-sanfermines"],"_links":{"self":[{"href":"https:\/\/losperiodistas.com.mx\/portal\/wp-json\/wp\/v2\/posts\/54175","targetHints":{"allow":["GET"]}}],"collection":[{"href":"https:\/\/losperiodistas.com.mx\/portal\/wp-json\/wp\/v2\/posts"}],"about":[{"href":"https:\/\/losperiodistas.com.mx\/portal\/wp-json\/wp\/v2\/types\/post"}],"author":[{"embeddable":true,"href":"https:\/\/losperiodistas.com.mx\/portal\/wp-json\/wp\/v2\/users\/1"}],"replies":[{"embeddable":true,"href":"https:\/\/losperiodistas.com.mx\/portal\/wp-json\/wp\/v2\/comments?post=54175"}],"version-history":[{"count":1,"href":"https:\/\/losperiodistas.com.mx\/portal\/wp-json\/wp\/v2\/posts\/54175\/revisions"}],"predecessor-version":[{"id":54177,"href":"https:\/\/losperiodistas.com.mx\/portal\/wp-json\/wp\/v2\/posts\/54175\/revisions\/54177"}],"wp:featuredmedia":[{"embeddable":true,"href":"https:\/\/losperiodistas.com.mx\/portal\/wp-json\/wp\/v2\/media\/54176"}],"wp:attachment":[{"href":"https:\/\/losperiodistas.com.mx\/portal\/wp-json\/wp\/v2\/media?parent=54175"}],"wp:term":[{"taxonomy":"category","embeddable":true,"href":"https:\/\/losperiodistas.com.mx\/portal\/wp-json\/wp\/v2\/categories?post=54175"},{"taxonomy":"post_tag","embeddable":true,"href":"https:\/\/losperiodistas.com.mx\/portal\/wp-json\/wp\/v2\/tags?post=54175"}],"curies":[{"name":"wp","href":"https:\/\/api.w.org\/{rel}","templated":true}]}}