{"id":54168,"date":"2023-07-05T08:42:42","date_gmt":"2023-07-05T13:42:42","guid":{"rendered":"http:\/\/losperiodistas.com.mx\/portal\/?p=54168"},"modified":"2023-07-05T08:42:43","modified_gmt":"2023-07-05T13:42:43","slug":"el-primer-coche-volador-ya-ha-sido-aprobado-la-razon","status":"publish","type":"post","link":"https:\/\/losperiodistas.com.mx\/portal\/el-primer-coche-volador-ya-ha-sido-aprobado-la-razon\/","title":{"rendered":"El primer coche volador ya ha sido aprobado | La Raz\u00f3n"},"content":{"rendered":"\n<h2 class=\"has-pale-cyan-blue-background-color has-background has-medium-font-size wp-block-heading\">La Administraci\u00f3n Federal de Aviaci\u00f3n de EE. UU. otorg\u00f3 un certificado de aeronavegabilidad especial a Armada Model Zero.<\/h2>\n\n\n\n<figure class=\"wp-block-image size-large is-style-default\"><img fetchpriority=\"high\" decoding=\"async\" width=\"1024\" height=\"576\" src=\"https:\/\/losperiodistas.com.mx\/portal\/wp-content\/uploads\/2023\/07\/armada-model-zero-pleno-vuelo_98-1024x576.jpg\" alt=\"\" class=\"wp-image-54169\" srcset=\"https:\/\/losperiodistas.com.mx\/portal\/wp-content\/uploads\/2023\/07\/armada-model-zero-pleno-vuelo_98-1024x576.jpg 1024w, https:\/\/losperiodistas.com.mx\/portal\/wp-content\/uploads\/2023\/07\/armada-model-zero-pleno-vuelo_98-300x169.jpg 300w, https:\/\/losperiodistas.com.mx\/portal\/wp-content\/uploads\/2023\/07\/armada-model-zero-pleno-vuelo_98-768x432.jpg 768w, https:\/\/losperiodistas.com.mx\/portal\/wp-content\/uploads\/2023\/07\/armada-model-zero-pleno-vuelo_98-1536x864.jpg 1536w, https:\/\/losperiodistas.com.mx\/portal\/wp-content\/uploads\/2023\/07\/armada-model-zero-pleno-vuelo_98.jpg 1900w\" sizes=\"(max-width: 1024px) 100vw, 1024px\" \/><figcaption><strong>El Armada Model Zero en pleno vuelo<\/strong> Alef Aeronautics Alef Aeronautics<\/figcaption><\/figure>\n\n\n\n<p class=\"has-vivid-red-color has-text-color has-medium-font-size\"><strong>JUAN SCALITER \/ LA RAZ\u00d3N<\/strong><\/p>\n\n\n\n<p>Cuando&nbsp;<a href=\"https:\/\/www.larazon.es\/tecnologia\/movilidad\/cerebros-conectados-y-sexo-con-robots-el-mundo-en-2050-HC14612423\/\" target=\"_blank\" rel=\"noreferrer noopener\">imagin\u00e1bamos el futuro<\/a>, d\u00e9cadas atr\u00e1s, uno de los escenarios m\u00e1s habituales era la presencia de los<a href=\"https:\/\/www.larazon.es\/lujo\/20220321\/uvlo5nd25bafjbmc77ub2snymm.html\" target=\"_blank\" rel=\"noreferrer noopener\">&nbsp;coches voladores<\/a>. Y aunque estos llegaron en diferentes formatos y con distintas capacidades, nunca pasaron de un interesante trabajo de ingenier\u00eda que nunca consigui\u00f3 su aprobaci\u00f3n por parte de las autoridades competentes. Al menos as\u00ed fue hasta ahora: unos d\u00edas atr\u00e1s, la empresa<strong>&nbsp;Alef Aeronautics consigui\u00f3 la aprobaci\u00f3n de la FAA&nbsp;<\/strong>(Administraci\u00f3n Federal de Aviaci\u00f3n de Estados Unidos), que le otorg\u00f3 el certificado de navegabilidad a su modelo Armada Model Zero.<\/p>\n\n\n\n<h3 class=\"wp-block-heading\">\u00daLTIMAS NOTICIAS TECNOLOG\u00cdA<\/h3>\n\n\n\n<ul class=\"wp-block-list\"><li><a href=\"https:\/\/www.larazon.es\/tecnologia\/spotify-tiene-juego-serpiente-oculto-asi-puedes-activarlo_2023070564a479fb41ef3d00013ceef3.html\">AppsSpotify tiene un juego de la serpiente oculto: as\u00ed puedes activarlo<\/a><\/li><li><a href=\"https:\/\/www.larazon.es\/tecnologia\/asi-emplea-rusia-delfines-militares-defensa-puerto-sebastopol_2023070464a45a1841e06200017617b5.html\">Guerra en UcraniaAs\u00ed emplea Rusia a delfines \u201cmilitares\u201d en la defensa del puerto de Sebastopol<\/a><\/li><li><a href=\"https:\/\/www.larazon.es\/tecnologia\/videojuegos-inquietante-scorn-anuncia-lanzamiento-playstation-5_2023070464a43fca41ef3d0001d36b44.html\">VideojuegosEl inquietante Scorn anuncia lanzamiento para PlayStation 5<\/a><\/li><\/ul>\n\n\n\n<figure class=\"wp-block-image is-style-default\"><img decoding=\"async\" src=\"https:\/\/secure-assets.rubiconproject.com\/static\/psa\/blank\/1x1.png\" alt=\"blank\"\/><\/figure>\n\n\n\n<p>\u00abEstamos entusiasmados de recibir esta certificaci\u00f3n de la FAA. Nos permite acercarnos a brindar a las personas un viaje m\u00e1s r\u00e1pido y respetuoso con el medio ambiente, ahorrando horas a las personas y empresas cada semana\u00bb, se\u00f1ala Dukhovny.\u00a0A primera vista, el Armada Model Zero, parece un coche normal. Pero en sus laterales oculta cuatro rotores en la parte trasera y cuatro en la delantera, lo que le permite el despegue y aterrizaje vertical.En el centro del sistema se encuentra la\u00a0<strong>cabina de pasajeros (m\u00e1ximo dos personas)\u00a0<\/strong>que bascula para mantener la orientaci\u00f3n dependiendo del \u00e1ngulo de vuelo, ya que una vez en el aire, todo el marco del veh\u00edculo gira lateralmente 90 grados para que lo que alguna vez fue la parte delantera y trasera del autom\u00f3vil se conviertan en dos alas a cada lado de la cabina para lograr la m\u00e1xima velocidad.<\/p>\n\n\n\n<figure class=\"wp-block-embed is-type-video is-provider-youtube wp-block-embed-youtube wp-embed-aspect-16-9 wp-has-aspect-ratio\"><div class=\"wp-block-embed__wrapper\">\n<iframe title=\"Alef Model A Flying Car - The Street Legal eVTOL Costs Only $300k\" width=\"500\" height=\"281\" src=\"https:\/\/www.youtube.com\/embed\/4QaTwebs5nY?feature=oembed\" frameborder=\"0\" allow=\"accelerometer; autoplay; clipboard-write; encrypted-media; gyroscope; picture-in-picture; web-share\" referrerpolicy=\"strict-origin-when-cross-origin\" allowfullscreen><\/iframe>\n<\/div><\/figure>\n\n\n\n<p><\/p>\n\n\n\n<p>Este veh\u00edculo tendr\u00e1 una autonom\u00eda en tierra de 320 km y casi 200 si se trata de vuelo. Eso s\u00ed, a pesar de su perfil aerodin\u00e1mico,&nbsp;<strong>en carretera no pasar\u00e1 de los 40 km\/h<\/strong>. lo que le obliga a tener un permiso de la Administraci\u00f3n Nacional de Seguridad del Tr\u00e1fico en Carreteras para ser probado en v\u00edas p\u00fablicas. Si todo sale como el equipo de Alef espera, el veh\u00edculo comenzar\u00e1 a venderse en dos a\u00f1os por la m\u00f3dica suma de \u20ac300.000.<\/p>\n\n\n\n<p>Si finalmente<strong>\u00a0lo veremos en la calle en 2025<\/strong>, qu\u00e9 permisos, junto al de conducir, se necesitar\u00e1 para pilotarlo y qu\u00e9 normas de tr\u00e1fico a\u00e9reo deber\u00e1 respetar (altura, cercan\u00eda a ciudades, velocidad, etc.) es algo que a\u00fan no sabemos.<\/p>\n\n\n\n<p>Fuente: <a href=\"https:\/\/www.larazon.es\/tecnologia\/primer-coche-volador-aprobado_2023070564a5292a41e062000178f2b2.html\">https:\/\/www.larazon.es\/tecnologia\/primer-coche-volador-aprobado_2023070564a5292a41e062000178f2b2.html<\/a><\/p>\n","protected":false},"excerpt":{"rendered":"<p>La Administraci\u00f3n Federal de Aviaci\u00f3n de EE. UU. otorg\u00f3 un certificado de aeronavegabilidad especial a Armada Model Zero. JUAN SCALITER [&hellip;]<\/p>\n","protected":false},"author":1,"featured_media":54169,"comment_status":"open","ping_status":"open","sticky":false,"template":"","format":"standard","meta":{"site-sidebar-layout":"default","site-content-layout":"","ast-site-content-layout":"default","site-content-style":"default","site-sidebar-style":"default","ast-global-header-display":"","ast-banner-title-visibility":"","ast-main-header-display":"","ast-hfb-above-header-display":"","ast-hfb-below-header-display":"","ast-hfb-mobile-header-display":"","site-post-title":"","ast-breadcrumbs-content":"","ast-featured-img":"","footer-sml-layout":"","theme-transparent-header-meta":"","adv-header-id-meta":"","stick-header-meta":"","header-above-stick-meta":"","header-main-stick-meta":"","header-below-stick-meta":"","astra-migrate-meta-layouts":"default","ast-page-background-enabled":"default","ast-page-background-meta":{"desktop":{"background-color":"var(--ast-global-color-4)","background-image":"","background-repeat":"repeat","background-position":"center center","background-size":"auto","background-attachment":"scroll","background-type":"","background-media":"","overlay-type":"","overlay-color":"","overlay-opacity":"","overlay-gradient":""},"tablet":{"background-color":"","background-image":"","background-repeat":"repeat","background-position":"center center","background-size":"auto","background-attachment":"scroll","background-type":"","background-media":"","overlay-type":"","overlay-color":"","overlay-opacity":"","overlay-gradient":""},"mobile":{"background-color":"","background-image":"","background-repeat":"repeat","background-position":"center center","background-size":"auto","background-attachment":"scroll","background-type":"","background-media":"","overlay-type":"","overlay-color":"","overlay-opacity":"","overlay-gradient":""}},"ast-content-background-meta":{"desktop":{"background-color":"var(--ast-global-color-5)","background-image":"","background-repeat":"repeat","background-position":"center center","background-size":"auto","background-attachment":"scroll","background-type":"","background-media":"","overlay-type":"","overlay-color":"","overlay-opacity":"","overlay-gradient":""},"tablet":{"background-color":"var(--ast-global-color-5)","background-image":"","background-repeat":"repeat","background-position":"center center","background-size":"auto","background-attachment":"scroll","background-type":"","background-media":"","overlay-type":"","overlay-color":"","overlay-opacity":"","overlay-gradient":""},"mobile":{"background-color":"var(--ast-global-color-5)","background-image":"","background-repeat":"repeat","background-position":"center center","background-size":"auto","background-attachment":"scroll","background-type":"","background-media":"","overlay-type":"","overlay-color":"","overlay-opacity":"","overlay-gradient":""}},"footnotes":""},"categories":[8],"tags":[17254,17252,17253],"class_list":["post-54168","post","type-post","status-publish","format-standard","has-post-thumbnail","hentry","category-noticias","tag-alef-aeronutics","tag-armada-model-zero","tag-auto-volador"],"_links":{"self":[{"href":"https:\/\/losperiodistas.com.mx\/portal\/wp-json\/wp\/v2\/posts\/54168","targetHints":{"allow":["GET"]}}],"collection":[{"href":"https:\/\/losperiodistas.com.mx\/portal\/wp-json\/wp\/v2\/posts"}],"about":[{"href":"https:\/\/losperiodistas.com.mx\/portal\/wp-json\/wp\/v2\/types\/post"}],"author":[{"embeddable":true,"href":"https:\/\/losperiodistas.com.mx\/portal\/wp-json\/wp\/v2\/users\/1"}],"replies":[{"embeddable":true,"href":"https:\/\/losperiodistas.com.mx\/portal\/wp-json\/wp\/v2\/comments?post=54168"}],"version-history":[{"count":1,"href":"https:\/\/losperiodistas.com.mx\/portal\/wp-json\/wp\/v2\/posts\/54168\/revisions"}],"predecessor-version":[{"id":54170,"href":"https:\/\/losperiodistas.com.mx\/portal\/wp-json\/wp\/v2\/posts\/54168\/revisions\/54170"}],"wp:featuredmedia":[{"embeddable":true,"href":"https:\/\/losperiodistas.com.mx\/portal\/wp-json\/wp\/v2\/media\/54169"}],"wp:attachment":[{"href":"https:\/\/losperiodistas.com.mx\/portal\/wp-json\/wp\/v2\/media?parent=54168"}],"wp:term":[{"taxonomy":"category","embeddable":true,"href":"https:\/\/losperiodistas.com.mx\/portal\/wp-json\/wp\/v2\/categories?post=54168"},{"taxonomy":"post_tag","embeddable":true,"href":"https:\/\/losperiodistas.com.mx\/portal\/wp-json\/wp\/v2\/tags?post=54168"}],"curies":[{"name":"wp","href":"https:\/\/api.w.org\/{rel}","templated":true}]}}