{"id":54155,"date":"2023-07-05T08:16:26","date_gmt":"2023-07-05T13:16:26","guid":{"rendered":"http:\/\/losperiodistas.com.mx\/portal\/?p=54155"},"modified":"2023-07-05T08:16:28","modified_gmt":"2023-07-05T13:16:28","slug":"dia-mundial-del-bikini-repasamos-los-modelos-que-han-pasado-a-la-historia-el-espanol","status":"publish","type":"post","link":"https:\/\/losperiodistas.com.mx\/portal\/dia-mundial-del-bikini-repasamos-los-modelos-que-han-pasado-a-la-historia-el-espanol\/","title":{"rendered":"D\u00eda Mundial del Bikini: repasamos los modelos que han pasado a la historia | El Espa\u00f1ol"},"content":{"rendered":"\n<h2 class=\"has-background has-medium-font-size wp-block-heading\" style=\"background-color:#f763eb\">Desde Marilyn Monroe hasta Ursula Andress, estos son los bikinis que han marcado un antes y un despu\u00e9s.<\/h2>\n\n\n\n<figure class=\"wp-block-image size-large is-style-default\"><img fetchpriority=\"high\" decoding=\"async\" width=\"1024\" height=\"576\" src=\"https:\/\/losperiodistas.com.mx\/portal\/wp-content\/uploads\/2023\/07\/776433130_234468065_1706x960-1024x576.jpg\" alt=\"\" class=\"wp-image-54156\" srcset=\"https:\/\/losperiodistas.com.mx\/portal\/wp-content\/uploads\/2023\/07\/776433130_234468065_1706x960-1024x576.jpg 1024w, https:\/\/losperiodistas.com.mx\/portal\/wp-content\/uploads\/2023\/07\/776433130_234468065_1706x960-300x169.jpg 300w, https:\/\/losperiodistas.com.mx\/portal\/wp-content\/uploads\/2023\/07\/776433130_234468065_1706x960-768x432.jpg 768w, https:\/\/losperiodistas.com.mx\/portal\/wp-content\/uploads\/2023\/07\/776433130_234468065_1706x960-1536x864.jpg 1536w, https:\/\/losperiodistas.com.mx\/portal\/wp-content\/uploads\/2023\/07\/776433130_234468065_1706x960.jpg 1706w\" sizes=\"(max-width: 1024px) 100vw, 1024px\" \/><figcaption>Detalle de varios bikinis m\u00edticos.\u00a0Instagram<\/figcaption><\/figure>\n\n\n\n<p class=\"has-vivid-red-color has-text-color has-medium-font-size\"><strong>SOF\u00cdA CHINEA \/ EL ESPA\u00d1OL<\/strong><\/p>\n\n\n\n<p id=\"paragraph_1\">\u00abIndecente\u00bb, \u00abprovocadora\u00bb o \u00abinmoral\u00bb eran\u00a0<strong>algunos de los calificativos<\/strong>\u00a0a los que pod\u00edas enfrentarte hace medio siglo p<strong>or llevar algo tan com\u00fan como lo es hoy\u00a0<a href=\"https:\/\/www.elespanol.com\/mujer\/moda\/20230406\/primeros-banadores-llegado-imprescindibles-no-pueden-armario\/753454655_3.html\">el bikini<\/a>.<\/strong><\/p>\n\n\n\n<p id=\"paragraph_1\"><em><a href=\"https:\/\/www.elespanol.com\/mujer\/moda\/20230705\/ciudades-espanolas-saltaron-prohibicion-franco-uso-bikini\/776672433_0.html\">[Estas son las ciudades espa\u00f1olas que se saltaron la prohibici\u00f3n de Franco sobre el uso del bikini]<\/a><\/em><\/p>\n\n\n\n<p id=\"paragraph_2\">Su dise\u00f1o&nbsp;<strong>surgi\u00f3 en los a\u00f1os 40<\/strong>&nbsp;gracias a la idea de un ingeniero franc\u00e9s, llamado&nbsp;<strong>Louis R\u00e9ard<\/strong>, que quiso traer al mundo un conjunto de ba\u00f1o de dos piezas. Este invento se celebra<strong>&nbsp;todos los 5 de julio con el D\u00eda Mundial del Bikini<\/strong>.1<\/p>\n\n\n\n<p id=\"paragraph_3\">El t\u00e9rmino surge de&nbsp;<strong>un conjunto de tierras de las islas Marshall<\/strong>&nbsp;donde Estados Unidos comenz\u00f3 a&nbsp;<strong>probar armas nucleares<\/strong>, llamado Atol\u00f3n de Bikini.&nbsp;R\u00e9ard adquiri\u00f3 el t\u00e9rmino para transmitir que&nbsp;<strong>su dise\u00f1o era \u00abexplosivo\u00bb<\/strong>.<\/p>\n\n\n\n<p id=\"paragraph_4\">El 5 de julio de 1946, una bailarina italiana que trabajaba en un casino de Par\u00eds, de nombre<strong>\u00a0Micheline Bernardini<\/strong>, fue elegida por el dise\u00f1ador para llevar su bikini en la piscina p\u00fablica\u00a0<em>Molitor<\/em>.<\/p>\n\n\n\n<p id=\"paragraph_5\">El modelo capt\u00f3 con facilidad\u00a0<strong>las miradas del p\u00fablico<\/strong>, ya que permit\u00eda ver\u00a0<strong>zonas anteriormente cubiertas por el ba\u00f1ador<\/strong>\u00a0como el abdomen. Desde magasIN, repasamos\u00a0<strong>diez de los modelos m\u00e1s ic\u00f3nicos<\/strong>\u00a0de la prenda que han contribuido a\u00a0<a href=\"https:\/\/www.elespanol.com\/mujer\/moda\/20200722\/bikini-feminista-prohibicion-franco-espana\/503950172_0.html\">la libertad de la mujer.<\/a><\/p>\n\n\n\n<figure class=\"wp-block-image size-large is-style-default\"><img decoding=\"async\" width=\"1024\" height=\"782\" src=\"https:\/\/losperiodistas.com.mx\/portal\/wp-content\/uploads\/2023\/07\/Captura-de-Pantalla-2023-07-05-a-las-6.58.53-1024x782.jpg\" alt=\"\" class=\"wp-image-54157\" srcset=\"https:\/\/losperiodistas.com.mx\/portal\/wp-content\/uploads\/2023\/07\/Captura-de-Pantalla-2023-07-05-a-las-6.58.53-1024x782.jpg 1024w, https:\/\/losperiodistas.com.mx\/portal\/wp-content\/uploads\/2023\/07\/Captura-de-Pantalla-2023-07-05-a-las-6.58.53-300x229.jpg 300w, https:\/\/losperiodistas.com.mx\/portal\/wp-content\/uploads\/2023\/07\/Captura-de-Pantalla-2023-07-05-a-las-6.58.53-768x586.jpg 768w, https:\/\/losperiodistas.com.mx\/portal\/wp-content\/uploads\/2023\/07\/Captura-de-Pantalla-2023-07-05-a-las-6.58.53.jpg 1082w\" sizes=\"(max-width: 1024px) 100vw, 1024px\" \/><\/figure>\n\n\n\n<p><a href=\"https:\/\/www.instagram.com\/p\/B16Ok6ghBge\/?utm_source=ig_web_copy_link\">VER EN INSTAGRAM<\/a><\/p>\n\n\n\n<p>Esta lista no pod\u00eda empezar sin\u00a0<strong>el bikini que inici\u00f3 una revoluci\u00f3n<\/strong>. No solo fue innovadora la prenda en s\u00ed, sino tambi\u00e9n el estampado que eligi\u00f3 R\u00e9ard para la misma, que\u00a0<strong>consist\u00eda en ilustraciones de papel de peri\u00f3dico<\/strong>.<\/p>\n\n\n\n<figure class=\"wp-block-image size-large is-style-default\"><img decoding=\"async\" width=\"756\" height=\"1024\" src=\"https:\/\/losperiodistas.com.mx\/portal\/wp-content\/uploads\/2023\/07\/Captura-de-Pantalla-2023-07-05-a-las-7.00.19-756x1024.jpg\" alt=\"\" class=\"wp-image-54158\" srcset=\"https:\/\/losperiodistas.com.mx\/portal\/wp-content\/uploads\/2023\/07\/Captura-de-Pantalla-2023-07-05-a-las-7.00.19-756x1024.jpg 756w, https:\/\/losperiodistas.com.mx\/portal\/wp-content\/uploads\/2023\/07\/Captura-de-Pantalla-2023-07-05-a-las-7.00.19-221x300.jpg 221w, https:\/\/losperiodistas.com.mx\/portal\/wp-content\/uploads\/2023\/07\/Captura-de-Pantalla-2023-07-05-a-las-7.00.19-768x1041.jpg 768w, https:\/\/losperiodistas.com.mx\/portal\/wp-content\/uploads\/2023\/07\/Captura-de-Pantalla-2023-07-05-a-las-7.00.19.jpg 1076w\" sizes=\"(max-width: 756px) 100vw, 756px\" \/><\/figure>\n\n\n\n<p><a href=\"https:\/\/www.instagram.com\/p\/CqQn2Wyr3uO\/?utm_source=ig_web_copy_link\">VER EN INSTAGRAM<\/a><\/p>\n\n\n\n<p>Entre las estrellas que pusieron de moda el bikini encontramos a<strong>\u00a0la insuperable Marilyn Monroe<\/strong>, que fue\u00a0<strong>una de las pioneras en estrenar aquella prenda<\/strong>\u00a0tan criticada en la gran pantalla. Una vez se la puso, no se pudo resistir a ella y\u00a0<strong>decidi\u00f3 utilizarla en distintos estilos y colores<\/strong>.<\/p>\n\n\n\n<figure class=\"wp-block-image size-large is-style-default\"><img loading=\"lazy\" decoding=\"async\" width=\"908\" height=\"1024\" src=\"https:\/\/losperiodistas.com.mx\/portal\/wp-content\/uploads\/2023\/07\/Captura-de-Pantalla-2023-07-05-a-las-7.01.33-908x1024.jpg\" alt=\"\" class=\"wp-image-54159\" srcset=\"https:\/\/losperiodistas.com.mx\/portal\/wp-content\/uploads\/2023\/07\/Captura-de-Pantalla-2023-07-05-a-las-7.01.33-908x1024.jpg 908w, https:\/\/losperiodistas.com.mx\/portal\/wp-content\/uploads\/2023\/07\/Captura-de-Pantalla-2023-07-05-a-las-7.01.33-266x300.jpg 266w, https:\/\/losperiodistas.com.mx\/portal\/wp-content\/uploads\/2023\/07\/Captura-de-Pantalla-2023-07-05-a-las-7.01.33-768x866.jpg 768w, https:\/\/losperiodistas.com.mx\/portal\/wp-content\/uploads\/2023\/07\/Captura-de-Pantalla-2023-07-05-a-las-7.01.33.jpg 1084w\" sizes=\"(max-width: 908px) 100vw, 908px\" \/><\/figure>\n\n\n\n<p><a href=\"https:\/\/www.instagram.com\/p\/Cne5WPpuqOj\/?utm_source=ig_web_copy_link\">VER EN INSTAGRAM<\/a><\/p>\n\n\n\n<p><strong>Brigitte Bardot<\/strong>\u00a0fue otra de las estrellas que contribuy\u00f3 a la gran popularidad del bikini. Entre los m\u00e1s m\u00edticos, destaca el que luci\u00f3 en la pel\u00edcula<em>\u00a0Le M\u00e9pris,<\/em>\u00a0una pel\u00edcula de Jean-Luc Godard rodada en 1963.<\/p>\n\n\n\n<figure class=\"wp-block-image size-large is-style-default\"><img loading=\"lazy\" decoding=\"async\" width=\"761\" height=\"1024\" src=\"https:\/\/losperiodistas.com.mx\/portal\/wp-content\/uploads\/2023\/07\/Captura-de-Pantalla-2023-07-05-a-las-7.02.43-761x1024.jpg\" alt=\"\" class=\"wp-image-54160\" srcset=\"https:\/\/losperiodistas.com.mx\/portal\/wp-content\/uploads\/2023\/07\/Captura-de-Pantalla-2023-07-05-a-las-7.02.43-761x1024.jpg 761w, https:\/\/losperiodistas.com.mx\/portal\/wp-content\/uploads\/2023\/07\/Captura-de-Pantalla-2023-07-05-a-las-7.02.43-223x300.jpg 223w, https:\/\/losperiodistas.com.mx\/portal\/wp-content\/uploads\/2023\/07\/Captura-de-Pantalla-2023-07-05-a-las-7.02.43-768x1033.jpg 768w, https:\/\/losperiodistas.com.mx\/portal\/wp-content\/uploads\/2023\/07\/Captura-de-Pantalla-2023-07-05-a-las-7.02.43.jpg 1084w\" sizes=\"(max-width: 761px) 100vw, 761px\" \/><\/figure>\n\n\n\n<p><a href=\"https:\/\/www.instagram.com\/p\/CjX5vW9uR3n\/?utm_source=ig_web_copy_link\">VER EN INSTAGRAM<\/a><\/p>\n\n\n\n<p>Cuando piensas en\u00a0<strong>Ursula Andress<\/strong>, la primera imagen que se te viene a la mente es el modelazo de<strong>\u00a0bikini blanco con cintur\u00f3n<\/strong>\u00a0que luci\u00f3 como Honey Ryder en\u00a0<strong>la pel\u00edcula\u00a0<em>Agente 007 contra el Dr. No<\/em>.<\/strong>\u00a0Un dise\u00f1o que es considerado<strong>\u00a0hist\u00f3rico en el mundo de la moda y el cine.<\/strong><\/p>\n\n\n\n<figure class=\"wp-block-image size-large is-style-default\"><img loading=\"lazy\" decoding=\"async\" width=\"759\" height=\"1024\" src=\"https:\/\/losperiodistas.com.mx\/portal\/wp-content\/uploads\/2023\/07\/Captura-de-Pantalla-2023-07-05-a-las-7.04.03-759x1024.jpg\" alt=\"\" class=\"wp-image-54161\" srcset=\"https:\/\/losperiodistas.com.mx\/portal\/wp-content\/uploads\/2023\/07\/Captura-de-Pantalla-2023-07-05-a-las-7.04.03-759x1024.jpg 759w, https:\/\/losperiodistas.com.mx\/portal\/wp-content\/uploads\/2023\/07\/Captura-de-Pantalla-2023-07-05-a-las-7.04.03-222x300.jpg 222w, https:\/\/losperiodistas.com.mx\/portal\/wp-content\/uploads\/2023\/07\/Captura-de-Pantalla-2023-07-05-a-las-7.04.03-768x1036.jpg 768w, https:\/\/losperiodistas.com.mx\/portal\/wp-content\/uploads\/2023\/07\/Captura-de-Pantalla-2023-07-05-a-las-7.04.03.jpg 1078w\" sizes=\"(max-width: 759px) 100vw, 759px\" \/><\/figure>\n\n\n\n<p><\/p>\n\n\n\n<p><a href=\"https:\/\/www.instagram.com\/p\/CCyGkNkKLyf\/?utm_source=ig_web_copy_link\">VER EN INSTAGRAM<\/a><\/p>\n\n\n\n<p>Ic\u00f3nico es como se definir\u00eda el\u00a0<strong>\u00abbikini\u00bb improvisado de Brooke Shields<\/strong>\u00a0en la pel\u00edcula ochentera\u00a0<em>The Blue Lagoon<\/em>, donde temas como<strong>\u00a0la menstruaci\u00f3n o la sexualidad de las mujeres<\/strong>\u00a0estaban claramente representados.\u00a0<\/p>\n\n\n\n<figure class=\"wp-block-image size-large is-style-default\"><img loading=\"lazy\" decoding=\"async\" width=\"764\" height=\"1024\" src=\"https:\/\/losperiodistas.com.mx\/portal\/wp-content\/uploads\/2023\/07\/Captura-de-Pantalla-2023-07-05-a-las-7.05.23-764x1024.jpg\" alt=\"\" class=\"wp-image-54162\" srcset=\"https:\/\/losperiodistas.com.mx\/portal\/wp-content\/uploads\/2023\/07\/Captura-de-Pantalla-2023-07-05-a-las-7.05.23-764x1024.jpg 764w, https:\/\/losperiodistas.com.mx\/portal\/wp-content\/uploads\/2023\/07\/Captura-de-Pantalla-2023-07-05-a-las-7.05.23-224x300.jpg 224w, https:\/\/losperiodistas.com.mx\/portal\/wp-content\/uploads\/2023\/07\/Captura-de-Pantalla-2023-07-05-a-las-7.05.23-768x1029.jpg 768w, https:\/\/losperiodistas.com.mx\/portal\/wp-content\/uploads\/2023\/07\/Captura-de-Pantalla-2023-07-05-a-las-7.05.23.jpg 1088w\" sizes=\"(max-width: 764px) 100vw, 764px\" \/><\/figure>\n\n\n\n<p><a href=\"https:\/\/www.instagram.com\/p\/Bt2QCaOApHP\/?utm_source=ig_web_copy_link\">VER EN INSTAGRAM<\/a><\/p>\n\n\n\n<p><em>La Guerra de las Galaxias<\/em>\u00a0es conocida por\u00a0<strong>los atuendos tan extraordinarios<\/strong>\u00a0que llevaban sus personajes. Entre ellos, no podemos olvidar este bikini salido de otro mundo que llevaba\u00a0<strong>Carrie Fisher en<em>\u00a0El retorno del Jedi<\/em><\/strong>, confeccionado con\u00a0<strong>metalizados color cobre.<\/strong><\/p>\n\n\n\n<figure class=\"wp-block-image size-large is-style-default\"><img loading=\"lazy\" decoding=\"async\" width=\"756\" height=\"1024\" src=\"https:\/\/losperiodistas.com.mx\/portal\/wp-content\/uploads\/2023\/07\/Captura-de-Pantalla-2023-07-05-a-las-7.06.48-756x1024.jpg\" alt=\"\" class=\"wp-image-54163\" srcset=\"https:\/\/losperiodistas.com.mx\/portal\/wp-content\/uploads\/2023\/07\/Captura-de-Pantalla-2023-07-05-a-las-7.06.48-756x1024.jpg 756w, https:\/\/losperiodistas.com.mx\/portal\/wp-content\/uploads\/2023\/07\/Captura-de-Pantalla-2023-07-05-a-las-7.06.48-222x300.jpg 222w, https:\/\/losperiodistas.com.mx\/portal\/wp-content\/uploads\/2023\/07\/Captura-de-Pantalla-2023-07-05-a-las-7.06.48-768x1040.jpg 768w, https:\/\/losperiodistas.com.mx\/portal\/wp-content\/uploads\/2023\/07\/Captura-de-Pantalla-2023-07-05-a-las-7.06.48.jpg 1078w\" sizes=\"(max-width: 756px) 100vw, 756px\" \/><\/figure>\n\n\n\n<p><a href=\"https:\/\/www.instagram.com\/p\/CqspDcMo3NV\/?utm_source=ig_web_copy_link\">VER EN INSTAGRAM <\/a><\/p>\n\n\n\n<p>Si algo hemos envidiado de\u00a0<strong>Pamela Anderson<\/strong>\u00a0ha sido\u00a0<a href=\"https:\/\/www.elespanol.com\/corazon\/estilo\/20220612\/trucos-encontrar-banador-bikini-favorecedor-silueta\/678932198_0.html\">su cuerpazo y sus trajes de ba\u00f1o<\/a>.\u00a0Su personaje en\u00a0<em>Los vigilantes de la playa\u00a0<\/em>ha servido de inspiraci\u00f3n para todas las chicas, que en alg\u00fan momento deseamos llevar\u00a0<strong>su m\u00edtico ba\u00f1ador rojo<\/strong>. Sin embargo,\u00a0<strong>este colorido bikini no se queda atr\u00e1s<\/strong>\u00a0y demuestra una vez m\u00e1s que\u00a0<strong>no hay nadie como Anderson.<\/strong><\/p>\n\n\n\n<figure class=\"wp-block-image size-large is-style-default\"><img loading=\"lazy\" decoding=\"async\" width=\"938\" height=\"1024\" src=\"https:\/\/losperiodistas.com.mx\/portal\/wp-content\/uploads\/2023\/07\/Captura-de-Pantalla-2023-07-05-a-las-7.08.21-938x1024.jpg\" alt=\"\" class=\"wp-image-54164\" srcset=\"https:\/\/losperiodistas.com.mx\/portal\/wp-content\/uploads\/2023\/07\/Captura-de-Pantalla-2023-07-05-a-las-7.08.21-938x1024.jpg 938w, https:\/\/losperiodistas.com.mx\/portal\/wp-content\/uploads\/2023\/07\/Captura-de-Pantalla-2023-07-05-a-las-7.08.21-275x300.jpg 275w, https:\/\/losperiodistas.com.mx\/portal\/wp-content\/uploads\/2023\/07\/Captura-de-Pantalla-2023-07-05-a-las-7.08.21-768x839.jpg 768w, https:\/\/losperiodistas.com.mx\/portal\/wp-content\/uploads\/2023\/07\/Captura-de-Pantalla-2023-07-05-a-las-7.08.21.jpg 1086w\" sizes=\"(max-width: 938px) 100vw, 938px\" \/><\/figure>\n\n\n\n<p><a href=\"https:\/\/www.instagram.com\/p\/Cr6S3PDLQQT\/?utm_source=ig_web_copy_link\"> VER EN INSTAGRAM<\/a><\/p>\n\n\n\n<p>Ya seas m\u00e1s de la serie o de la pel\u00edcula,\u00a0<strong><em>Los \u00c1ngeles de Charlie<\/em>\u00a0ha formado parte de tu vida<\/strong>. El D\u00eda Mundial del Bikini es el momento perfecto para recordar esta sesi\u00f3n de fotos en la que\u00a0<strong>Drew Barrymore, Cameron Diaz y Lucy Liu<\/strong>\u00a0lucieron un bikini blanco que solo podr\u00eda quedar tan bien a un \u00e1ngel.<\/p>\n\n\n\n<figure class=\"wp-block-image size-large is-style-default\"><img loading=\"lazy\" decoding=\"async\" width=\"756\" height=\"1024\" src=\"https:\/\/losperiodistas.com.mx\/portal\/wp-content\/uploads\/2023\/07\/Captura-de-Pantalla-2023-07-05-a-las-7.09.59-756x1024.jpg\" alt=\"\" class=\"wp-image-54165\" srcset=\"https:\/\/losperiodistas.com.mx\/portal\/wp-content\/uploads\/2023\/07\/Captura-de-Pantalla-2023-07-05-a-las-7.09.59-756x1024.jpg 756w, https:\/\/losperiodistas.com.mx\/portal\/wp-content\/uploads\/2023\/07\/Captura-de-Pantalla-2023-07-05-a-las-7.09.59-222x300.jpg 222w, https:\/\/losperiodistas.com.mx\/portal\/wp-content\/uploads\/2023\/07\/Captura-de-Pantalla-2023-07-05-a-las-7.09.59-768x1040.jpg 768w, https:\/\/losperiodistas.com.mx\/portal\/wp-content\/uploads\/2023\/07\/Captura-de-Pantalla-2023-07-05-a-las-7.09.59.jpg 1074w\" sizes=\"(max-width: 756px) 100vw, 756px\" \/><\/figure>\n\n\n\n<p><a href=\"https:\/\/www.instagram.com\/p\/BmIlR67nwSj\/?utm_source=ig_web_copy_link\">VER EN INSTAGRAM<\/a><\/p>\n\n\n\n<p>Una de\u00a0<strong>las grandes divas de los 2000<\/strong>\u00a0nos sorprendi\u00f3 con este atuendo a modo de bikini en su interpretaci\u00f3n de\u00a0<strong>Lara Croft en\u00a0<em>Tomb Raider<\/em><\/strong>. En la pel\u00edcula,\u00a0<strong>Angelina Jolie<\/strong>\u00a0no solo evidenci\u00f3 que sab\u00eda desenvolverse en la lucha cuerpo a cuerpo, sino tambi\u00e9n que\u00a0<strong>pod\u00eda llevar cualquier\u00a0<em>look\u00a0<\/em>que se propusiese.<\/strong><\/p>\n\n\n\n<figure class=\"wp-block-image size-large is-style-default\"><img loading=\"lazy\" decoding=\"async\" width=\"758\" height=\"1024\" src=\"https:\/\/losperiodistas.com.mx\/portal\/wp-content\/uploads\/2023\/07\/Captura-de-Pantalla-2023-07-05-a-las-7.11.16-758x1024.jpg\" alt=\"\" class=\"wp-image-54166\" srcset=\"https:\/\/losperiodistas.com.mx\/portal\/wp-content\/uploads\/2023\/07\/Captura-de-Pantalla-2023-07-05-a-las-7.11.16-758x1024.jpg 758w, https:\/\/losperiodistas.com.mx\/portal\/wp-content\/uploads\/2023\/07\/Captura-de-Pantalla-2023-07-05-a-las-7.11.16-222x300.jpg 222w, https:\/\/losperiodistas.com.mx\/portal\/wp-content\/uploads\/2023\/07\/Captura-de-Pantalla-2023-07-05-a-las-7.11.16-768x1038.jpg 768w, https:\/\/losperiodistas.com.mx\/portal\/wp-content\/uploads\/2023\/07\/Captura-de-Pantalla-2023-07-05-a-las-7.11.16.jpg 1076w\" sizes=\"(max-width: 758px) 100vw, 758px\" \/><\/figure>\n\n\n\n<p><a href=\"https:\/\/www.instagram.com\/p\/CCY3_MZD5Iy\/?utm_source=ig_web_copy_link\">VER EN INSTAGRAM<\/a><\/p>\n\n\n\n<p><strong>Elsa Pataky<\/strong>\u00a0tampoco dej\u00f3 indiferente a nadie con\u00a0<strong>sus posados en la arena<\/strong>. Liso, con estampado, de forma triangular o\u00a0<em>bandeau<\/em>, cada dise\u00f1o con el que se ha fotografiado la actriz<strong>\u00a0nos ha sorprendido m\u00e1s que el anterior.<\/strong><\/p>\n\n\n\n<p>Fuente: <a href=\"https:\/\/www.elespanol.com\/mujer\/moda\/20230705\/dia-mundial-bikini-repasamos-modelos-pasado-historia\/776422609_0.html\">https:\/\/www.elespanol.com\/mujer\/moda\/20230705\/dia-mundial-bikini-repasamos-modelos-pasado-historia\/776422609_0.html<\/a><\/p>\n","protected":false},"excerpt":{"rendered":"<p>Desde Marilyn Monroe hasta Ursula Andress, estos son los bikinis que han marcado un antes y un despu\u00e9s. SOF\u00cdA CHINEA [&hellip;]<\/p>\n","protected":false},"author":1,"featured_media":54156,"comment_status":"open","ping_status":"open","sticky":false,"template":"","format":"standard","meta":{"site-sidebar-layout":"default","site-content-layout":"","ast-site-content-layout":"default","site-content-style":"default","site-sidebar-style":"default","ast-global-header-display":"","ast-banner-title-visibility":"","ast-main-header-display":"","ast-hfb-above-header-display":"","ast-hfb-below-header-display":"","ast-hfb-mobile-header-display":"","site-post-title":"","ast-breadcrumbs-content":"","ast-featured-img":"","footer-sml-layout":"","theme-transparent-header-meta":"","adv-header-id-meta":"","stick-header-meta":"","header-above-stick-meta":"","header-main-stick-meta":"","header-below-stick-meta":"","astra-migrate-meta-layouts":"default","ast-page-background-enabled":"default","ast-page-background-meta":{"desktop":{"background-color":"var(--ast-global-color-4)","background-image":"","background-repeat":"repeat","background-position":"center center","background-size":"auto","background-attachment":"scroll","background-type":"","background-media":"","overlay-type":"","overlay-color":"","overlay-opacity":"","overlay-gradient":""},"tablet":{"background-color":"","background-image":"","background-repeat":"repeat","background-position":"center center","background-size":"auto","background-attachment":"scroll","background-type":"","background-media":"","overlay-type":"","overlay-color":"","overlay-opacity":"","overlay-gradient":""},"mobile":{"background-color":"","background-image":"","background-repeat":"repeat","background-position":"center center","background-size":"auto","background-attachment":"scroll","background-type":"","background-media":"","overlay-type":"","overlay-color":"","overlay-opacity":"","overlay-gradient":""}},"ast-content-background-meta":{"desktop":{"background-color":"var(--ast-global-color-5)","background-image":"","background-repeat":"repeat","background-position":"center center","background-size":"auto","background-attachment":"scroll","background-type":"","background-media":"","overlay-type":"","overlay-color":"","overlay-opacity":"","overlay-gradient":""},"tablet":{"background-color":"var(--ast-global-color-5)","background-image":"","background-repeat":"repeat","background-position":"center center","background-size":"auto","background-attachment":"scroll","background-type":"","background-media":"","overlay-type":"","overlay-color":"","overlay-opacity":"","overlay-gradient":""},"mobile":{"background-color":"var(--ast-global-color-5)","background-image":"","background-repeat":"repeat","background-position":"center center","background-size":"auto","background-attachment":"scroll","background-type":"","background-media":"","overlay-type":"","overlay-color":"","overlay-opacity":"","overlay-gradient":""}},"footnotes":""},"categories":[8],"tags":[17250,17251],"class_list":["post-54155","post","type-post","status-publish","format-standard","has-post-thumbnail","hentry","category-noticias","tag-diamundialdelbikini","tag-louis-reard-2"],"_links":{"self":[{"href":"https:\/\/losperiodistas.com.mx\/portal\/wp-json\/wp\/v2\/posts\/54155","targetHints":{"allow":["GET"]}}],"collection":[{"href":"https:\/\/losperiodistas.com.mx\/portal\/wp-json\/wp\/v2\/posts"}],"about":[{"href":"https:\/\/losperiodistas.com.mx\/portal\/wp-json\/wp\/v2\/types\/post"}],"author":[{"embeddable":true,"href":"https:\/\/losperiodistas.com.mx\/portal\/wp-json\/wp\/v2\/users\/1"}],"replies":[{"embeddable":true,"href":"https:\/\/losperiodistas.com.mx\/portal\/wp-json\/wp\/v2\/comments?post=54155"}],"version-history":[{"count":1,"href":"https:\/\/losperiodistas.com.mx\/portal\/wp-json\/wp\/v2\/posts\/54155\/revisions"}],"predecessor-version":[{"id":54167,"href":"https:\/\/losperiodistas.com.mx\/portal\/wp-json\/wp\/v2\/posts\/54155\/revisions\/54167"}],"wp:featuredmedia":[{"embeddable":true,"href":"https:\/\/losperiodistas.com.mx\/portal\/wp-json\/wp\/v2\/media\/54156"}],"wp:attachment":[{"href":"https:\/\/losperiodistas.com.mx\/portal\/wp-json\/wp\/v2\/media?parent=54155"}],"wp:term":[{"taxonomy":"category","embeddable":true,"href":"https:\/\/losperiodistas.com.mx\/portal\/wp-json\/wp\/v2\/categories?post=54155"},{"taxonomy":"post_tag","embeddable":true,"href":"https:\/\/losperiodistas.com.mx\/portal\/wp-json\/wp\/v2\/tags?post=54155"}],"curies":[{"name":"wp","href":"https:\/\/api.w.org\/{rel}","templated":true}]}}