{"id":54150,"date":"2023-07-05T07:29:10","date_gmt":"2023-07-05T12:29:10","guid":{"rendered":"http:\/\/losperiodistas.com.mx\/portal\/?p=54150"},"modified":"2023-07-05T07:29:11","modified_gmt":"2023-07-05T12:29:11","slug":"murio-el-historiador-adolfo-gilly-a-los-94-anos-an","status":"publish","type":"post","link":"https:\/\/losperiodistas.com.mx\/portal\/murio-el-historiador-adolfo-gilly-a-los-94-anos-an\/","title":{"rendered":"Muri\u00f3 el historiador Adolfo Gilly a los 94 a\u00f1os | AN"},"content":{"rendered":"\n<p class=\"has-medium-font-size\">Entre sus libros m\u00e1s destacados se encuentran &#8216;La revoluci\u00f3n interrumpida&#8217; e &#8216;Historia a contrapelo&#8217;.<\/p>\n\n\n\n<figure class=\"wp-block-image size-large is-style-default\"><img fetchpriority=\"high\" decoding=\"async\" width=\"1024\" height=\"640\" src=\"https:\/\/losperiodistas.com.mx\/portal\/wp-content\/uploads\/2023\/07\/murio-adolfo-gilly-academico-1024x640.jpg\" alt=\"\" class=\"wp-image-54151\" srcset=\"https:\/\/losperiodistas.com.mx\/portal\/wp-content\/uploads\/2023\/07\/murio-adolfo-gilly-academico-1024x640.jpg 1024w, https:\/\/losperiodistas.com.mx\/portal\/wp-content\/uploads\/2023\/07\/murio-adolfo-gilly-academico-300x188.jpg 300w, https:\/\/losperiodistas.com.mx\/portal\/wp-content\/uploads\/2023\/07\/murio-adolfo-gilly-academico-768x480.jpg 768w, https:\/\/losperiodistas.com.mx\/portal\/wp-content\/uploads\/2023\/07\/murio-adolfo-gilly-academico.jpg 1200w\" sizes=\"(max-width: 1024px) 100vw, 1024px\" \/><\/figure>\n\n\n\n<p><\/p>\n\n\n\n<p class=\"has-vivid-red-color has-text-color has-medium-font-size\"><strong>AN\/HG<\/strong><\/p>\n\n\n\n<p>A los 94 a\u00f1os falleci\u00f3 el historiador y acad\u00e9mico\u00a0<strong>Adolfo Gilly<\/strong>. De origen argentino, el investigador se naturaliz\u00f3 mexicano en 1982. Poco despu\u00e9s de su llegada a M\u00e9xico fue recluido en la c\u00e1rcel de Lecumberri por pertenecer a la Cuarta Internacional.<\/p>\n\n\n\n<p>Producto de ese encierro es su obra m\u00e1s conocida,&nbsp;<strong><em>La revoluci\u00f3n interrumpida<\/em><\/strong>.<\/p>\n\n\n\n<p>Desde 1979 se desempe\u00f1\u00f3 como profesor en la Divisi\u00f3n de Estudios de Posgrado de la Facultad de Ciencias Pol\u00edticas y Sociales de la Universidad Nacional Aut\u00f3noma de M\u00e9xico.<\/p>\n\n\n\n<p>Adem\u00e1s fue acad\u00e9mico e investigador visitante en las University of Chicago, Columbia University, University of Maryland, Stanford University, Yale University, New York University, y por dos veces investigador residente en el National Humanities Center, North Carolina.<\/p>\n\n\n\n<p>Su pensamiento siempre estuvo orientado al socialismo, lo cual lo llev\u00f3 a militar en los partidos Revolucionario de los Trabajadores y de la Revoluci\u00f3n Democr\u00e1tica.<\/p>\n\n\n\n<figure class=\"wp-block-image is-style-default\"><a href=\"https:\/\/editorial.aristeguinoticias.com\/wp-content\/uploads\/2023\/07\/murio-adolfo-gilly-unam.jpg\"><img decoding=\"async\" src=\"https:\/\/editorial.aristeguinoticias.com\/wp-content\/uploads\/2023\/07\/murio-adolfo-gilly-unam.jpg\" alt=\"\" class=\"wp-image-1304653\"\/><\/a><\/figure>\n\n\n\n<p>Fue consejero de&nbsp;<strong>Cuauht\u00e9moc C\u00e1rdenas Sol\u00f3rzano<\/strong>&nbsp;entre 1997 y 1999.<\/p>\n\n\n\n<p>A lo largo de su vida public\u00f3 m\u00e1s de una decena de t\u00edtulos de sobre M\u00e9xico y Am\u00e9rica Latina, entre los que destacan:\u00a0<strong><em>El cardenismo, una utop\u00eda mexicana<\/em><\/strong>,\u00a0<strong><em>Historia a contrapelo<\/em><\/strong>,\u00a0<strong><em>Cada quien morir\u00e1 por su pasado<\/em><\/strong>,<strong><em>\u00a0Felipe \u00c1ngeles, el estratega<\/em><\/strong>\u00a0y el m\u00e1s reciente,<strong><em>\u00a0Estrella y espiral<\/em><\/strong>.<\/p>\n\n\n\n<p>En 2010 la UNAM lo nombr\u00f3 profesor em\u00e9rito.<\/p>\n\n\n\n<p>Adolfo Malvagni Gilly fue ensayista, historiador, polit\u00f3logo.<\/p>\n\n\n\n<p>Es reconocido como estudioso de los problemas pol\u00edticos y sociales de Am\u00e9rica Latina y uno de los te\u00f3ricos m\u00e1s importantes sobre la Revoluci\u00f3n Mexicana.<\/p>\n\n\n\n<p>Su trabajo intelectual configura una de las obras m\u00e1s s\u00f3lidas y constantes referidas a los movimientos de liberaci\u00f3n social, dice su perfil en la Fundaci\u00f3n para las Letras Mexicanas.<\/p>\n\n\n\n<figure class=\"wp-block-image is-style-default\"><a href=\"https:\/\/editorial.aristeguinoticias.com\/wp-content\/uploads\/2023\/07\/nota-adolfo-gilly.jpg\"><img decoding=\"async\" src=\"https:\/\/editorial.aristeguinoticias.com\/wp-content\/uploads\/2023\/07\/nota-adolfo-gilly.jpg\" alt=\"\" class=\"wp-image-1304646\"\/><\/a><\/figure>\n\n\n\n<p><\/p>\n\n\n\n<p>Fuente: <a href=\"https:\/\/aristeguinoticias.com\/0407\/cultura\/murio-el-historiador-adolfo-gilly-a-los-94-anos\/\">https:\/\/aristeguinoticias.com\/0407\/cultura\/murio-el-historiador-adolfo-gilly-a-los-94-anos\/<\/a><\/p>\n","protected":false},"excerpt":{"rendered":"<p>Entre sus libros m\u00e1s destacados se encuentran &#8216;La revoluci\u00f3n interrumpida&#8217; e &#8216;Historia a contrapelo&#8217;. AN\/HG A los 94 a\u00f1os falleci\u00f3 [&hellip;]<\/p>\n","protected":false},"author":1,"featured_media":54151,"comment_status":"open","ping_status":"open","sticky":false,"template":"","format":"standard","meta":{"site-sidebar-layout":"default","site-content-layout":"","ast-site-content-layout":"default","site-content-style":"default","site-sidebar-style":"default","ast-global-header-display":"","ast-banner-title-visibility":"","ast-main-header-display":"","ast-hfb-above-header-display":"","ast-hfb-below-header-display":"","ast-hfb-mobile-header-display":"","site-post-title":"","ast-breadcrumbs-content":"","ast-featured-img":"","footer-sml-layout":"","theme-transparent-header-meta":"","adv-header-id-meta":"","stick-header-meta":"","header-above-stick-meta":"","header-main-stick-meta":"","header-below-stick-meta":"","astra-migrate-meta-layouts":"default","ast-page-background-enabled":"default","ast-page-background-meta":{"desktop":{"background-color":"var(--ast-global-color-4)","background-image":"","background-repeat":"repeat","background-position":"center center","background-size":"auto","background-attachment":"scroll","background-type":"","background-media":"","overlay-type":"","overlay-color":"","overlay-opacity":"","overlay-gradient":""},"tablet":{"background-color":"","background-image":"","background-repeat":"repeat","background-position":"center center","background-size":"auto","background-attachment":"scroll","background-type":"","background-media":"","overlay-type":"","overlay-color":"","overlay-opacity":"","overlay-gradient":""},"mobile":{"background-color":"","background-image":"","background-repeat":"repeat","background-position":"center center","background-size":"auto","background-attachment":"scroll","background-type":"","background-media":"","overlay-type":"","overlay-color":"","overlay-opacity":"","overlay-gradient":""}},"ast-content-background-meta":{"desktop":{"background-color":"var(--ast-global-color-5)","background-image":"","background-repeat":"repeat","background-position":"center center","background-size":"auto","background-attachment":"scroll","background-type":"","background-media":"","overlay-type":"","overlay-color":"","overlay-opacity":"","overlay-gradient":""},"tablet":{"background-color":"var(--ast-global-color-5)","background-image":"","background-repeat":"repeat","background-position":"center center","background-size":"auto","background-attachment":"scroll","background-type":"","background-media":"","overlay-type":"","overlay-color":"","overlay-opacity":"","overlay-gradient":""},"mobile":{"background-color":"var(--ast-global-color-5)","background-image":"","background-repeat":"repeat","background-position":"center center","background-size":"auto","background-attachment":"scroll","background-type":"","background-media":"","overlay-type":"","overlay-color":"","overlay-opacity":"","overlay-gradient":""}},"footnotes":""},"categories":[8],"tags":[17246,17247,17249,17248],"class_list":["post-54150","post","type-post","status-publish","format-standard","has-post-thumbnail","hentry","category-noticias","tag-adolfo-gilly","tag-cuarta-internacional","tag-la-cuarta-internacional","tag-la-revolucin-interrumpida"],"_links":{"self":[{"href":"https:\/\/losperiodistas.com.mx\/portal\/wp-json\/wp\/v2\/posts\/54150","targetHints":{"allow":["GET"]}}],"collection":[{"href":"https:\/\/losperiodistas.com.mx\/portal\/wp-json\/wp\/v2\/posts"}],"about":[{"href":"https:\/\/losperiodistas.com.mx\/portal\/wp-json\/wp\/v2\/types\/post"}],"author":[{"embeddable":true,"href":"https:\/\/losperiodistas.com.mx\/portal\/wp-json\/wp\/v2\/users\/1"}],"replies":[{"embeddable":true,"href":"https:\/\/losperiodistas.com.mx\/portal\/wp-json\/wp\/v2\/comments?post=54150"}],"version-history":[{"count":1,"href":"https:\/\/losperiodistas.com.mx\/portal\/wp-json\/wp\/v2\/posts\/54150\/revisions"}],"predecessor-version":[{"id":54154,"href":"https:\/\/losperiodistas.com.mx\/portal\/wp-json\/wp\/v2\/posts\/54150\/revisions\/54154"}],"wp:featuredmedia":[{"embeddable":true,"href":"https:\/\/losperiodistas.com.mx\/portal\/wp-json\/wp\/v2\/media\/54151"}],"wp:attachment":[{"href":"https:\/\/losperiodistas.com.mx\/portal\/wp-json\/wp\/v2\/media?parent=54150"}],"wp:term":[{"taxonomy":"category","embeddable":true,"href":"https:\/\/losperiodistas.com.mx\/portal\/wp-json\/wp\/v2\/categories?post=54150"},{"taxonomy":"post_tag","embeddable":true,"href":"https:\/\/losperiodistas.com.mx\/portal\/wp-json\/wp\/v2\/tags?post=54150"}],"curies":[{"name":"wp","href":"https:\/\/api.w.org\/{rel}","templated":true}]}}