{"id":54147,"date":"2023-07-05T07:02:45","date_gmt":"2023-07-05T12:02:45","guid":{"rendered":"http:\/\/losperiodistas.com.mx\/portal\/?p=54147"},"modified":"2023-07-05T07:02:46","modified_gmt":"2023-07-05T12:02:46","slug":"el-papa-instituye-la-comision-de-los-nuevos-martires-testigos-de-la-fe-vatican-news","status":"publish","type":"post","link":"https:\/\/losperiodistas.com.mx\/portal\/el-papa-instituye-la-comision-de-los-nuevos-martires-testigos-de-la-fe-vatican-news\/","title":{"rendered":"El Papa instituye la Comisi\u00f3n de los Nuevos M\u00e1rtires, testigos de la fe | Vatican News"},"content":{"rendered":"\n<p class=\"has-luminous-vivid-amber-background-color has-background has-medium-font-size\">En vista del Jubileo de 2025, el Papa Francisco ha decidido crear un grupo de trabajo en el Dicasterio para las Causas de los Santos para elaborar un Cat\u00e1logo de todos aquellos que derramaron su sangre para confesar a Cristo en el \u00faltimo cuarto de siglo: \u00abNo podemos olvidarlos\u00bb. Una b\u00fasqueda que se extender\u00e1 a todas las confesiones cristianas y no s\u00f3lo a los cat\u00f3licos.<\/p>\n\n\n\n<figure class=\"wp-block-image size-full is-style-default\"><img fetchpriority=\"high\" decoding=\"async\" width=\"982\" height=\"876\" src=\"https:\/\/losperiodistas.com.mx\/portal\/wp-content\/uploads\/2023\/07\/Captura-de-Pantalla-2023-07-05-a-las-5.56.19.jpg\" alt=\"\" class=\"wp-image-54148\" srcset=\"https:\/\/losperiodistas.com.mx\/portal\/wp-content\/uploads\/2023\/07\/Captura-de-Pantalla-2023-07-05-a-las-5.56.19.jpg 982w, https:\/\/losperiodistas.com.mx\/portal\/wp-content\/uploads\/2023\/07\/Captura-de-Pantalla-2023-07-05-a-las-5.56.19-300x268.jpg 300w, https:\/\/losperiodistas.com.mx\/portal\/wp-content\/uploads\/2023\/07\/Captura-de-Pantalla-2023-07-05-a-las-5.56.19-768x685.jpg 768w\" sizes=\"(max-width: 982px) 100vw, 982px\" \/><\/figure>\n\n\n\n<p><\/p>\n\n\n\n<p class=\"has-vivid-red-color has-text-color has-medium-font-size\"><strong>VATICAN NEWS<\/strong><\/p>\n\n\n\n<p>El Papa Francisco, en una Carta publicada este mi\u00e9rcoles 5 de julio, ha instituido en el Dicasterio para las Causas de los Santos la \u00abComisi\u00f3n de los Nuevos M\u00e1rtires &#8211; Testigos de la Fe\u00bb, con vistas al Jubileo de 2025. El objetivo del grupo de trabajo ser\u00e1 elaborar un cat\u00e1logo de todos aquellos que han derramado su sangre por confesar a Cristo y dar testimonio del Evangelio.<\/p>\n\n\n\n<h2 class=\"wp-block-heading\"><strong>Los m\u00e1rtires en la Iglesia testigos de la esperanza<\/strong><\/h2>\n\n\n\n<p>\u00abLos m\u00e1rtires en la Iglesia \u2013 escribe el Papa Francisco \u2013 son testigos de la esperanza que brota de la fe en Cristo e incita a la verdadera caridad. La esperanza mantiene viva la profunda convicci\u00f3n de que el bien es m\u00e1s fuerte que el mal, porque Dios en Cristo ha vencido al pecado y a la muerte\u00bb. La Comisi\u00f3n proseguir\u00e1 la b\u00fasqueda, ya iniciada con ocasi\u00f3n del Gran Jubileo del a\u00f1o 2000, para identificar a los Testigos de la fe en este primer cuarto de siglo y luego proseguirla en el futuro.<\/p>\n\n\n\n<h2 class=\"wp-block-heading\"><strong>No olvidar a los soldados de Cristo<\/strong><\/h2>\n\n\n\n<p>\u00abLos m\u00e1rtires \u2013 explica el Santo Padre \u2013 han acompa\u00f1ado la vida de la Iglesia en todos los tiempos y florecen como \u00abfrutos maduros y excelentes de la vi\u00f1a del Se\u00f1or\u00bb tambi\u00e9n hoy&#8230; Los m\u00e1rtires son m\u00e1s numerosos en nuestro tiempo que en los primeros siglos: son obispos, sacerdotes, consagrados y consagradas, laicos y familias que, en los diversos pa\u00edses del mundo, con el don de su vida, han ofrecido la prueba suprema de la caridad\u00bb. San Juan Pablo II ya hab\u00eda afirmado en su Carta&nbsp;<em>Tertio millennio adveniente<\/em>&nbsp;que hab\u00eda que hacer todo lo posible para que no se perdiera el legado de los \u00absoldados desconocidos de la gran causa de Dios\u00bb. Y el 7 de mayo de 2000 estos mismos m\u00e1rtires fueron conmemorados durante una celebraci\u00f3n ecum\u00e9nica, que vio reunidos en el Coliseo, junto al Obispo de Roma, a representantes de Iglesias y comunidades eclesiales de todo el mundo.<\/p>\n\n\n\n<h2 class=\"wp-block-heading\"><strong>Una b\u00fasqueda en todas las confesiones cristianas<\/strong><\/h2>\n\n\n\n<p>Es lo que el Papa Francisco ha llamado repetidamente \u00abecumenismo de la sangre\u00bb. \u00abTambi\u00e9n en el pr\u00f3ximo Jubileo \u2013 a\u00f1ade el Papa \u2013 estaremos unidos para una celebraci\u00f3n similar. Con esta iniciativa, no se pretende establecer nuevos criterios para la constataci\u00f3n can\u00f3nica del martirio, sino continuar la b\u00fasqueda iniciada sobre aquellos que, a d\u00eda de hoy, siguen siendo asesinados por el simple hecho de ser cristianos\u00bb. \u00abSe trata, por tanto, de continuar \u2013 explica el Pont\u00edfice \u2013 la investigaci\u00f3n hist\u00f3rica para recoger los testimonios de vida, hasta el derramamiento de sangre, de estas hermanas y hermanos nuestros, para que su memoria sobresalga como un tesoro que custodia la comunidad cristiana. Esta b\u00fasqueda no solo involucrar\u00e1 a la Iglesia cat\u00f3lica, sino que se extender\u00e1 a todas las confesiones cristianas\u00bb.<\/p>\n\n\n\n<h2 class=\"wp-block-heading\"><strong>Seguir mostrando la vitalidad del Bautismo<\/strong><\/h2>\n\n\n\n<p>\u00abIncluso en estos tiempos nuestros \u2013 se lee m\u00e1s adelante en la Carta del Papa \u2013 en los que asistimos a un cambio de \u00e9poca, los cristianos siguen mostrando, en contextos de gran riesgo, la vitalidad del Bautismo que nos une. No son pocos, en efecto, los que, a pesar de ser conscientes de los peligros que corren, manifiestan su fe o participan en la Eucarist\u00eda dominical. Otros son asesinados en sus esfuerzos por ayudar en la caridad a la vida de los pobres, por cuidar de los descartados por la sociedad, por valorar y promover el don de la paz y el poder del perd\u00f3n. Otros son v\u00edctimas silenciosas, individuales o colectivas, de los avatares de la historia. Con todos ellos tenemos una gran deuda y no podemos olvidarlos\u00bb.<\/p>\n\n\n\n<h2 class=\"wp-block-heading\"><strong>La contribuci\u00f3n activa de las Iglesias particulares<\/strong><\/h2>\n\n\n\n<p>El trabajo de la Comisi\u00f3n permitir\u00e1, por tanto, situar junto a los m\u00e1rtires, oficialmente reconocidos por la Iglesia, los testimonios documentados \u2013 y son muchos, se\u00f1ala el Pont\u00edfice \u2013 de \u00abestos hermanos y hermanas nuestros, dentro de un vasto panorama en el que resuena la voz \u00fanica del martirio de los cristianos\u00bb.&nbsp; La Comisi\u00f3n deber\u00e1 contar con \u00abla contribuci\u00f3n activa\u00bb de las Iglesias particulares, de los institutos religiosos y de todas las dem\u00e1s realidades cristianas.<\/p>\n\n\n\n<p>\u00abEn un mundo en el que a veces parece que prevalece el mal \u2013 concluye el Papa Francisco \u2013 estoy seguro de que la elaboraci\u00f3n de este cat\u00e1logo, tambi\u00e9n en el contexto del Jubileo que se acerca, ayudar\u00e1 a los creyentes a leer tambi\u00e9n nuestro tiempo a la luz de la Pascua, sacando del cofre de tan generosa fidelidad a Cristo las razones de la vida y del bien\u00bb.<\/p>\n\n\n\n<h2 class=\"wp-block-heading\"><strong>Los miembros de la Comisi\u00f3n de los Nuevos M\u00e1rtires<\/strong><\/h2>\n\n\n\n<p>El Prefecto de la Comisi\u00f3n es el cardenal Marcello Semeraro, Prefecto del Dicasterio para las Causas de los Santos. El Presidente es monse\u00f1or Fabio Fabene, secretario del Dicasterio para las Causas de los Santos; el Vicepresidente es Andrea Riccardi, fundador de la Comunidad de San Egidio y el Secretario es monse\u00f1or Marco Gnavi, p\u00e1rroco de la Bas\u00edlica de Santa Mar\u00eda en Trastevere y ex secretario de la Comisi\u00f3n \u00abNuevos M\u00e1rtires\u00bb del Gran Jubileo de 2000.<\/p>\n\n\n\n<p>Son miembros de la Comisi\u00f3n: el Padre Dominique Arnauld, M.Afr; Padre Kokou Mawuena Ambroise Atakpa; Hermana Nadia Coppa, A.S.C.; Profesor Gianni La Bella; Profesora Maria Lupi; Padre Dinh Anh Nhue Nguyen, O.F.M.Conv.; Didier Rance; Padre Roberto Regoli; Padre Angelo Romano; Padre Arturo Sosa Abascal, S.I.<\/p>\n\n\n\n<p>Fuente: <a href=\"https:\/\/www.vaticannews.va\/es\/papa\/news\/2023-07\/papa-francisco-instituye-comision-nuevos-martires-testigos-fe-23.html\">https:\/\/www.vaticannews.va\/es\/papa\/news\/2023-07\/papa-francisco-instituye-comision-nuevos-martires-testigos-fe-23.html<\/a><\/p>\n","protected":false},"excerpt":{"rendered":"<p>En vista del Jubileo de 2025, el Papa Francisco ha decidido crear un grupo de trabajo en el Dicasterio para [&hellip;]<\/p>\n","protected":false},"author":1,"featured_media":54148,"comment_status":"open","ping_status":"open","sticky":false,"template":"","format":"standard","meta":{"site-sidebar-layout":"default","site-content-layout":"","ast-site-content-layout":"default","site-content-style":"default","site-sidebar-style":"default","ast-global-header-display":"","ast-banner-title-visibility":"","ast-main-header-display":"","ast-hfb-above-header-display":"","ast-hfb-below-header-display":"","ast-hfb-mobile-header-display":"","site-post-title":"","ast-breadcrumbs-content":"","ast-featured-img":"","footer-sml-layout":"","theme-transparent-header-meta":"","adv-header-id-meta":"","stick-header-meta":"","header-above-stick-meta":"","header-main-stick-meta":"","header-below-stick-meta":"","astra-migrate-meta-layouts":"default","ast-page-background-enabled":"default","ast-page-background-meta":{"desktop":{"background-color":"var(--ast-global-color-4)","background-image":"","background-repeat":"repeat","background-position":"center center","background-size":"auto","background-attachment":"scroll","background-type":"","background-media":"","overlay-type":"","overlay-color":"","overlay-opacity":"","overlay-gradient":""},"tablet":{"background-color":"","background-image":"","background-repeat":"repeat","background-position":"center center","background-size":"auto","background-attachment":"scroll","background-type":"","background-media":"","overlay-type":"","overlay-color":"","overlay-opacity":"","overlay-gradient":""},"mobile":{"background-color":"","background-image":"","background-repeat":"repeat","background-position":"center center","background-size":"auto","background-attachment":"scroll","background-type":"","background-media":"","overlay-type":"","overlay-color":"","overlay-opacity":"","overlay-gradient":""}},"ast-content-background-meta":{"desktop":{"background-color":"var(--ast-global-color-5)","background-image":"","background-repeat":"repeat","background-position":"center center","background-size":"auto","background-attachment":"scroll","background-type":"","background-media":"","overlay-type":"","overlay-color":"","overlay-opacity":"","overlay-gradient":""},"tablet":{"background-color":"var(--ast-global-color-5)","background-image":"","background-repeat":"repeat","background-position":"center center","background-size":"auto","background-attachment":"scroll","background-type":"","background-media":"","overlay-type":"","overlay-color":"","overlay-opacity":"","overlay-gradient":""},"mobile":{"background-color":"var(--ast-global-color-5)","background-image":"","background-repeat":"repeat","background-position":"center center","background-size":"auto","background-attachment":"scroll","background-type":"","background-media":"","overlay-type":"","overlay-color":"","overlay-opacity":"","overlay-gradient":""}},"footnotes":""},"categories":[8],"tags":[17243,17245,196,17244],"class_list":["post-54147","post","type-post","status-publish","format-standard","has-post-thumbnail","hentry","category-noticias","tag-comision-nuevos-martires","tag-jubileo-2025","tag-papa-francisco","tag-testigos-de-la-fe"],"_links":{"self":[{"href":"https:\/\/losperiodistas.com.mx\/portal\/wp-json\/wp\/v2\/posts\/54147","targetHints":{"allow":["GET"]}}],"collection":[{"href":"https:\/\/losperiodistas.com.mx\/portal\/wp-json\/wp\/v2\/posts"}],"about":[{"href":"https:\/\/losperiodistas.com.mx\/portal\/wp-json\/wp\/v2\/types\/post"}],"author":[{"embeddable":true,"href":"https:\/\/losperiodistas.com.mx\/portal\/wp-json\/wp\/v2\/users\/1"}],"replies":[{"embeddable":true,"href":"https:\/\/losperiodistas.com.mx\/portal\/wp-json\/wp\/v2\/comments?post=54147"}],"version-history":[{"count":1,"href":"https:\/\/losperiodistas.com.mx\/portal\/wp-json\/wp\/v2\/posts\/54147\/revisions"}],"predecessor-version":[{"id":54149,"href":"https:\/\/losperiodistas.com.mx\/portal\/wp-json\/wp\/v2\/posts\/54147\/revisions\/54149"}],"wp:featuredmedia":[{"embeddable":true,"href":"https:\/\/losperiodistas.com.mx\/portal\/wp-json\/wp\/v2\/media\/54148"}],"wp:attachment":[{"href":"https:\/\/losperiodistas.com.mx\/portal\/wp-json\/wp\/v2\/media?parent=54147"}],"wp:term":[{"taxonomy":"category","embeddable":true,"href":"https:\/\/losperiodistas.com.mx\/portal\/wp-json\/wp\/v2\/categories?post=54147"},{"taxonomy":"post_tag","embeddable":true,"href":"https:\/\/losperiodistas.com.mx\/portal\/wp-json\/wp\/v2\/tags?post=54147"}],"curies":[{"name":"wp","href":"https:\/\/api.w.org\/{rel}","templated":true}]}}