{"id":5406,"date":"2021-03-09T19:22:21","date_gmt":"2021-03-10T01:22:21","guid":{"rendered":"http:\/\/losperiodistas.com.mx\/portal\/?p=5406"},"modified":"2021-03-09T19:22:22","modified_gmt":"2021-03-10T01:22:22","slug":"el-muro-la-marcha-y-el-memorial","status":"publish","type":"post","link":"https:\/\/losperiodistas.com.mx\/portal\/el-muro-la-marcha-y-el-memorial\/","title":{"rendered":"El muro, la marcha y el memorial"},"content":{"rendered":"\n<p class=\"has-vivid-cyan-blue-color has-text-color\" style=\"font-size:26px\"><em>Por Humberto Aguilar Coronado<\/em><\/p>\n\n\n\n<p>Era de esperarse que el 8 de marzo, fecha en que se conmemora el d\u00eda internacional de la mujer, se realizaran marchas en diferentes estados de la rep\u00fablica, y por supuesto, en la CDMX, para levantar la voz y exigir que cesen los feminicidios y que las mujeres puedan disfrutar de una vida libre de violencia, respet\u00e1ndose sus derechos humanos.<\/p>\n\n\n\n<p>Lo que unos 8 d\u00edas antes no se esperaba, es que el gobierno federal colocara una valla met\u00e1lica de dos metros de altura que se convirti\u00f3, con el paso de los d\u00edas, en el muro de la ignominia que trataba de impedir que la marcha esperada llegara a palacio nacional.<\/p>\n\n\n\n<p>&nbsp;Al final se convirti\u00f3 en un memorial que pocos van a olvidar y cuyas fotograf\u00edas han dado la vuelta al mundo, porque el muro sirvi\u00f3 para que se colocaran una gran cantidad de nombres de mujeres desaparecidas y de mujeres victimas de feminicidio, as\u00ed como flores de color morado, aludiendo a las propias demandas.<\/p>\n\n\n\n<p>Al margen de que el vocero presidencial provocara a todos los que criticaron la instalaci\u00f3n de la valla, al afirmar que era un muro de paz, los \u00e1nimos se exacerbaron d\u00edas antes de la conmemoraci\u00f3n por dos hechos que el presidente pudo haber controlado.<\/p>\n\n\n\n<p>Primero, esa f\u00e9rrea defensa de F\u00e9lix Salgado Macedonio como candidato al gobierno del estado de Guerrero y segundo, las fuertes acusaciones contra Andr\u00e9s Roemer por violaci\u00f3n, acoso y agresi\u00f3n sexual de m\u00e1s de una veintena de mujeres, que lo hab\u00edan denunciado en forma an\u00f3nima y que recientemente se han hecho del conocimiento p\u00fablico, lo que ha motivado a otras tantas mujeres a dar su testimonio.<\/p>\n\n\n\n<p>Pero el Presidente decidi\u00f3 no hacerlo, al grado de expresar una de esas frases a las que nos tiene acostumbrados para desviar la atenci\u00f3n: \u201cya chole\u201d, refiri\u00e9ndose a los serios cuestionamientos que se le han hecho al que pretende ser el candidato de morena a gobernador, frase que hizo enfurecer a una gran cantidad de colectivos de mujeres, generando el repudio de hombres y mujeres por el desprecio que presenta ante las exigencias sociales, con tal de defender a uno de sus incondicionales, sea su compadre o no.<\/p>\n\n\n\n<p>En el caso de Andr\u00e9s Roemer, lo que ha ofendido a una gran cantidad de mexicanos, adem\u00e1s de los casos y denuncias que se han dado a conocer, es que el gobierno de la CDMX haya mandado a proteger la casa donde vive el escritor, con un contingente de polic\u00edas y granaderos capitalinos, aunque antes, ya hab\u00eda sido amurallada.<\/p>\n\n\n\n<p>Sin duda, el saldo que deja el #8M de la imagen del presidente deja mucho que desear, por las contradicciones presentadas en sus declaraciones y apariciones previas, frente a la realidad mostrada.<\/p>\n\n\n\n<p>Se despreci\u00f3 el fondo de la exigencia de las mujeres al colocar un muro que ofende y lastima a hombres y mujeres libres que respaldan las exigencias de las mujeres; un muro que da verg\u00fcenza verlo en fotograf\u00edas o videos; un muro que se instal\u00f3 con recursos de los mexicanos que bien se pudieron ocupar en acelerar investigaciones en curso sobre casos de feminicidios o desapariciones.<\/p>\n\n\n\n<p>Vamos a ver cuanto tarda el gobierno en desmantelar el muro que se convirti\u00f3 en memorial, recordando nombres y nombres de mujeres desaparecidas y victimas de feminicidio, adem\u00e1s de exigir que F\u00e9lix Salgado no sea gobernador.<\/p>\n\n\n\n<p>*Es polit\u00f3logo y maestro en negociaci\u00f3n por la Universidad Carlos III de Madrid, Espa\u00f1a.<\/p>\n\n\n\n<p>Facebook: <a href=\"https:\/\/www.facebook.com\/TigreAguilarC\">https:\/\/www.facebook.com\/TigreAguilarC<\/a><\/p>\n\n\n\n<p>Instagram: humbertoaguilareltigre<\/p>\n\n\n\n<p>Twitter: @Tigre_Aguilar_C<\/p>\n","protected":false},"excerpt":{"rendered":"<p>Por Humberto Aguilar Coronado Era de esperarse que el 8 de marzo, fecha en que se conmemora el d\u00eda internacional [&hellip;]<\/p>\n","protected":false},"author":1,"featured_media":5407,"comment_status":"open","ping_status":"open","sticky":false,"template":"","format":"standard","meta":{"site-sidebar-layout":"default","site-content-layout":"","ast-site-content-layout":"default","site-content-style":"default","site-sidebar-style":"default","ast-global-header-display":"","ast-banner-title-visibility":"","ast-main-header-display":"","ast-hfb-above-header-display":"","ast-hfb-below-header-display":"","ast-hfb-mobile-header-display":"","site-post-title":"","ast-breadcrumbs-content":"","ast-featured-img":"","footer-sml-layout":"","theme-transparent-header-meta":"","adv-header-id-meta":"","stick-header-meta":"","header-above-stick-meta":"","header-main-stick-meta":"","header-below-stick-meta":"","astra-migrate-meta-layouts":"default","ast-page-background-enabled":"default","ast-page-background-meta":{"desktop":{"background-color":"var(--ast-global-color-4)","background-image":"","background-repeat":"repeat","background-position":"center center","background-size":"auto","background-attachment":"scroll","background-type":"","background-media":"","overlay-type":"","overlay-color":"","overlay-opacity":"","overlay-gradient":""},"tablet":{"background-color":"","background-image":"","background-repeat":"repeat","background-position":"center center","background-size":"auto","background-attachment":"scroll","background-type":"","background-media":"","overlay-type":"","overlay-color":"","overlay-opacity":"","overlay-gradient":""},"mobile":{"background-color":"","background-image":"","background-repeat":"repeat","background-position":"center center","background-size":"auto","background-attachment":"scroll","background-type":"","background-media":"","overlay-type":"","overlay-color":"","overlay-opacity":"","overlay-gradient":""}},"ast-content-background-meta":{"desktop":{"background-color":"var(--ast-global-color-5)","background-image":"","background-repeat":"repeat","background-position":"center center","background-size":"auto","background-attachment":"scroll","background-type":"","background-media":"","overlay-type":"","overlay-color":"","overlay-opacity":"","overlay-gradient":""},"tablet":{"background-color":"var(--ast-global-color-5)","background-image":"","background-repeat":"repeat","background-position":"center center","background-size":"auto","background-attachment":"scroll","background-type":"","background-media":"","overlay-type":"","overlay-color":"","overlay-opacity":"","overlay-gradient":""},"mobile":{"background-color":"var(--ast-global-color-5)","background-image":"","background-repeat":"repeat","background-position":"center center","background-size":"auto","background-attachment":"scroll","background-type":"","background-media":"","overlay-type":"","overlay-color":"","overlay-opacity":"","overlay-gradient":""}},"footnotes":""},"categories":[18],"tags":[366,335],"class_list":["post-5406","post","type-post","status-publish","format-standard","has-post-thumbnail","hentry","category-palabra-de-tigre","tag-8-m-mexico","tag-valla-palacio-nacional-mexico"],"_links":{"self":[{"href":"https:\/\/losperiodistas.com.mx\/portal\/wp-json\/wp\/v2\/posts\/5406","targetHints":{"allow":["GET"]}}],"collection":[{"href":"https:\/\/losperiodistas.com.mx\/portal\/wp-json\/wp\/v2\/posts"}],"about":[{"href":"https:\/\/losperiodistas.com.mx\/portal\/wp-json\/wp\/v2\/types\/post"}],"author":[{"embeddable":true,"href":"https:\/\/losperiodistas.com.mx\/portal\/wp-json\/wp\/v2\/users\/1"}],"replies":[{"embeddable":true,"href":"https:\/\/losperiodistas.com.mx\/portal\/wp-json\/wp\/v2\/comments?post=5406"}],"version-history":[{"count":1,"href":"https:\/\/losperiodistas.com.mx\/portal\/wp-json\/wp\/v2\/posts\/5406\/revisions"}],"predecessor-version":[{"id":5408,"href":"https:\/\/losperiodistas.com.mx\/portal\/wp-json\/wp\/v2\/posts\/5406\/revisions\/5408"}],"wp:featuredmedia":[{"embeddable":true,"href":"https:\/\/losperiodistas.com.mx\/portal\/wp-json\/wp\/v2\/media\/5407"}],"wp:attachment":[{"href":"https:\/\/losperiodistas.com.mx\/portal\/wp-json\/wp\/v2\/media?parent=5406"}],"wp:term":[{"taxonomy":"category","embeddable":true,"href":"https:\/\/losperiodistas.com.mx\/portal\/wp-json\/wp\/v2\/categories?post=5406"},{"taxonomy":"post_tag","embeddable":true,"href":"https:\/\/losperiodistas.com.mx\/portal\/wp-json\/wp\/v2\/tags?post=5406"}],"curies":[{"name":"wp","href":"https:\/\/api.w.org\/{rel}","templated":true}]}}