{"id":5390,"date":"2021-03-09T07:30:05","date_gmt":"2021-03-09T13:30:05","guid":{"rendered":"http:\/\/losperiodistas.com.mx\/portal\/?p=5390"},"modified":"2021-03-09T07:30:07","modified_gmt":"2021-03-09T13:30:07","slug":"hombres-infiltrados-agredieron-a-mujeres-policias-durante-las-manifestaciones-feministas-en-ciudad-de-mexico-video-rt","status":"publish","type":"post","link":"https:\/\/losperiodistas.com.mx\/portal\/hombres-infiltrados-agredieron-a-mujeres-policias-durante-las-manifestaciones-feministas-en-ciudad-de-mexico-video-rt\/","title":{"rendered":"Hombres infiltrados agredieron a mujeres polic\u00edas durante las manifestaciones feministas en Ciudad de M\u00e9xico (VIDEO) | RT"},"content":{"rendered":"\n<p style=\"font-size:18px\"><em>Seg\u00fan cifras oficiales, 62 agentes y 19 civiles resultaron heridas en estos disturbios, de los que las autoridades locales aseguran tener \u00abevidencia videogr\u00e1fica\u00bb.<\/em><\/p>\n\n\n\n<p class=\"has-vivid-cyan-blue-color has-text-color has-medium-font-size\">RT<\/p>\n\n\n\n<p>La Secretar\u00eda de Seguridad Ciudadana de Ciudad de M\u00e9xico ha asegurado este martes tener \u00abevidencia videogr\u00e1fica\u00bb de la infiltraci\u00f3n de hombres en las manifestaciones del&nbsp;D\u00eda Internacional de la Mujer en la capital mexicana, formando&nbsp;parte de grupos violentos que&nbsp;\u00abagredieron insistentemente a las mujeres polic\u00edas con varillas y martillos\u00bb y cometieron otros actos vand\u00e1licos.<\/p>\n\n\n\n<p>Seg\u00fan\u00a0<a href=\"https:\/\/twitter.com\/SSC_CDMX\/status\/1369113954283253761?s=20\" target=\"_blank\" rel=\"noreferrer noopener\">detalla<\/a>\u00a0el organismo oficial en una publicaci\u00f3n de Twitter, tambi\u00e9n \u00abse registr\u00f3 la participaci\u00f3n de un hombre embozado\u00bb, que habr\u00eda participado en la vandalizaci\u00f3n de algunos locales de la ciudad.<\/p>\n\n\n\n<figure class=\"wp-block-embed-twitter wp-block-embed is-type-rich is-provider-twitter\"><div class=\"wp-block-embed__wrapper\">\n<blockquote class=\"twitter-tweet\" data-width=\"500\" data-dnt=\"true\"><p lang=\"es\" dir=\"ltr\">Aqu\u00ed un video que present\u00f3 la <a href=\"https:\/\/twitter.com\/SSC_CDMX?ref_src=twsrc%5Etfw\">@SSC_CDMX<\/a> para indicar la presencia de hombres infiltrados en la marcha <a href=\"https:\/\/twitter.com\/hashtag\/8M2021?src=hash&amp;ref_src=twsrc%5Etfw\">#8M2021<\/a> para agredir a elementos de la polic\u00eda. <br><br>PM <a href=\"https:\/\/t.co\/NfHOhF11Pa\">pic.twitter.com\/NfHOhF11Pa<\/a><\/p>&mdash; 88.9 Noticias (@889Noticias) <a href=\"https:\/\/twitter.com\/889Noticias\/status\/1369125990379773959?ref_src=twsrc%5Etfw\">March 9, 2021<\/a><\/blockquote><script async src=\"https:\/\/platform.twitter.com\/widgets.js\" charset=\"utf-8\"><\/script>\n<\/div><\/figure>\n\n\n\n<p>Por su parte, la subsecretaria de Desarrollo Institucional, Marcela Figueroa,&nbsp;<a href=\"https:\/\/twitter.com\/Maffiguer\/status\/1369158003488927747\" target=\"_blank\" rel=\"noreferrer noopener\">confirm\u00f3<\/a>&nbsp;que&nbsp;\u00aba&nbsp;lo largo de la manifestaci\u00f3n se identificaron hombres infiltrados que agredieron al personal policial femenino que se encontraba en resguardo de la manifestaci\u00f3n\u00bb, y en&nbsp;<a href=\"https:\/\/twitter.com\/SSC_CDMX\/status\/1369112023473197060\" target=\"_blank\" rel=\"noreferrer noopener\">conferencia de prensa<\/a>&nbsp;reiter\u00f3 que fueron precisamente esos hombres los que encabezaron las agresiones, que han dejado un saldo de&nbsp;<strong>62 funcionarias<\/strong>&nbsp;y&nbsp;<strong>19 civiles heridas<\/strong>.<\/p>\n\n\n\n<p>\u00ab19 polic\u00edas y una civil requirieron hospitalizaci\u00f3n. Por fortuna,&nbsp;<strong>est\u00e1n todas estables<\/strong>\u00ab, precis\u00f3 a continuaci\u00f3n Figueroa, que&nbsp;<a href=\"https:\/\/twitter.com\/Maffiguer\/status\/1369161083647373313\" target=\"_blank\" rel=\"noreferrer noopener\">detall\u00f3<\/a>&nbsp;que tres de las heridas necesitaron collar\u00edn, otras tres se encuentran \u00abcon los brazos inmovilizados\u00bb y dos se han quedado \u00absin poder caminar por las lesiones\u00bb. \u00ab<strong>Ninguna requiri\u00f3 permanecer hospitalizada<\/strong>&nbsp;y todas seguir\u00e1n tratamiento m\u00e9dico en sus domicilios\u00bb, agreg\u00f3.<\/p>\n\n\n\n<p>La&nbsp;Secretar\u00eda de Seguridad Ciudadana de la capital precis\u00f3 en un mensaje posterior a los hechos denunciados que \u00ablas mujeres polic\u00edas que participaron en la marcha&nbsp;no portan ning\u00fan tipo de armas, ni de fuego ni de balas de goma, gases o qu\u00edmicos\u00bb, y que \u00ab\u00fanicamente utilizan equipo de protecci\u00f3n personal, como medida de contenci\u00f3n\u00bb.<\/p>\n\n\n\n<p>Sin embargo, las manifestaciones por el D\u00eda Internacional de la Mujer en la capital de M\u00e9xico, en cuyo centro hist\u00f3rico se movilizaron cientos de mujeres para denunciar la violencia de g\u00e9nero que azota al pa\u00eds latinoamericano, estuvieron en todo caso marcadas por los disturbios y por la dureza con la que la Polic\u00eda\u00a0<a href=\"https:\/\/actualidad.rt.com\/actualidad\/385766-movilizaciones-8m-ciudad-mexico-reprimidas\" target=\"_blank\" rel=\"noreferrer noopener\">reprimi\u00f3<\/a>\u00a0a las manifestantes, a las que s\u00ed arrojaron\u00a0gas\u00a0lacrim\u00f3geno seg\u00fan se acercaban al Palacio Nacional.\u00a0<\/p>\n\n\n\n<figure class=\"wp-block-embed-youtube wp-block-embed is-type-video is-provider-youtube wp-embed-aspect-16-9 wp-has-aspect-ratio\"><div class=\"wp-block-embed__wrapper\">\nhttps:\/\/www.youtube.com\/watch?v=3ReHdhXseAg\n<\/div><\/figure>\n","protected":false},"excerpt":{"rendered":"<p>Seg\u00fan cifras oficiales, 62 agentes y 19 civiles resultaron heridas en estos disturbios, de los que las autoridades locales aseguran [&hellip;]<\/p>\n","protected":false},"author":1,"featured_media":5391,"comment_status":"open","ping_status":"open","sticky":false,"template":"","format":"standard","meta":{"site-sidebar-layout":"default","site-content-layout":"","ast-site-content-layout":"default","site-content-style":"default","site-sidebar-style":"default","ast-global-header-display":"","ast-banner-title-visibility":"","ast-main-header-display":"","ast-hfb-above-header-display":"","ast-hfb-below-header-display":"","ast-hfb-mobile-header-display":"","site-post-title":"","ast-breadcrumbs-content":"","ast-featured-img":"","footer-sml-layout":"","theme-transparent-header-meta":"","adv-header-id-meta":"","stick-header-meta":"","header-above-stick-meta":"","header-main-stick-meta":"","header-below-stick-meta":"","astra-migrate-meta-layouts":"default","ast-page-background-enabled":"default","ast-page-background-meta":{"desktop":{"background-color":"var(--ast-global-color-4)","background-image":"","background-repeat":"repeat","background-position":"center center","background-size":"auto","background-attachment":"scroll","background-type":"","background-media":"","overlay-type":"","overlay-color":"","overlay-opacity":"","overlay-gradient":""},"tablet":{"background-color":"","background-image":"","background-repeat":"repeat","background-position":"center center","background-size":"auto","background-attachment":"scroll","background-type":"","background-media":"","overlay-type":"","overlay-color":"","overlay-opacity":"","overlay-gradient":""},"mobile":{"background-color":"","background-image":"","background-repeat":"repeat","background-position":"center center","background-size":"auto","background-attachment":"scroll","background-type":"","background-media":"","overlay-type":"","overlay-color":"","overlay-opacity":"","overlay-gradient":""}},"ast-content-background-meta":{"desktop":{"background-color":"var(--ast-global-color-5)","background-image":"","background-repeat":"repeat","background-position":"center center","background-size":"auto","background-attachment":"scroll","background-type":"","background-media":"","overlay-type":"","overlay-color":"","overlay-opacity":"","overlay-gradient":""},"tablet":{"background-color":"var(--ast-global-color-5)","background-image":"","background-repeat":"repeat","background-position":"center center","background-size":"auto","background-attachment":"scroll","background-type":"","background-media":"","overlay-type":"","overlay-color":"","overlay-opacity":"","overlay-gradient":""},"mobile":{"background-color":"var(--ast-global-color-5)","background-image":"","background-repeat":"repeat","background-position":"center center","background-size":"auto","background-attachment":"scroll","background-type":"","background-media":"","overlay-type":"","overlay-color":"","overlay-opacity":"","overlay-gradient":""}},"footnotes":""},"categories":[8],"tags":[367],"class_list":["post-5390","post","type-post","status-publish","format-standard","has-post-thumbnail","hentry","category-noticias","tag-hombres-infiltran-marcha-mujeres-8m-mexico"],"_links":{"self":[{"href":"https:\/\/losperiodistas.com.mx\/portal\/wp-json\/wp\/v2\/posts\/5390","targetHints":{"allow":["GET"]}}],"collection":[{"href":"https:\/\/losperiodistas.com.mx\/portal\/wp-json\/wp\/v2\/posts"}],"about":[{"href":"https:\/\/losperiodistas.com.mx\/portal\/wp-json\/wp\/v2\/types\/post"}],"author":[{"embeddable":true,"href":"https:\/\/losperiodistas.com.mx\/portal\/wp-json\/wp\/v2\/users\/1"}],"replies":[{"embeddable":true,"href":"https:\/\/losperiodistas.com.mx\/portal\/wp-json\/wp\/v2\/comments?post=5390"}],"version-history":[{"count":1,"href":"https:\/\/losperiodistas.com.mx\/portal\/wp-json\/wp\/v2\/posts\/5390\/revisions"}],"predecessor-version":[{"id":5392,"href":"https:\/\/losperiodistas.com.mx\/portal\/wp-json\/wp\/v2\/posts\/5390\/revisions\/5392"}],"wp:featuredmedia":[{"embeddable":true,"href":"https:\/\/losperiodistas.com.mx\/portal\/wp-json\/wp\/v2\/media\/5391"}],"wp:attachment":[{"href":"https:\/\/losperiodistas.com.mx\/portal\/wp-json\/wp\/v2\/media?parent=5390"}],"wp:term":[{"taxonomy":"category","embeddable":true,"href":"https:\/\/losperiodistas.com.mx\/portal\/wp-json\/wp\/v2\/categories?post=5390"},{"taxonomy":"post_tag","embeddable":true,"href":"https:\/\/losperiodistas.com.mx\/portal\/wp-json\/wp\/v2\/tags?post=5390"}],"curies":[{"name":"wp","href":"https:\/\/api.w.org\/{rel}","templated":true}]}}