{"id":5387,"date":"2021-03-09T07:24:01","date_gmt":"2021-03-09T13:24:01","guid":{"rendered":"http:\/\/losperiodistas.com.mx\/portal\/?p=5387"},"modified":"2021-03-09T07:24:02","modified_gmt":"2021-03-09T13:24:02","slug":"nos-vemos-en-las-urnas-el-contundente-mensaje-de-las-mujeres-a-amlo-rumbo-al-proceso-electoral-infobae","status":"publish","type":"post","link":"https:\/\/losperiodistas.com.mx\/portal\/nos-vemos-en-las-urnas-el-contundente-mensaje-de-las-mujeres-a-amlo-rumbo-al-proceso-electoral-infobae\/","title":{"rendered":"\u201cNos vemos en las urnas\u201d: el contundente mensaje de las mujeres a AMLO rumbo al proceso electoral | Infobae"},"content":{"rendered":"\n<p style=\"font-size:18px\"><em>Las movilizaciones del 8M estuvieron caracterizadas por el fuerte dispositivo policiaco y el nulo dialogo de parte del presidente mexicano<\/em><\/p>\n\n\n\n<p class=\"has-vivid-cyan-blue-color has-text-color has-medium-font-size\">INFOBAE<\/p>\n\n\n\n<p>La Secretar\u00eda de Seguridad Ciudadana (SCC) inform\u00f3 que derivado de las movilizaciones del D\u00eda Internacional de la Mujer se concluy\u00f3 con un saldo de&nbsp;<strong>62 polic\u00edas y 19 civiles lesionadas.<\/strong>&nbsp;De este total, 9 elementos de la SSC y una civil fueron trasladadas a un hospital para su atenci\u00f3n m\u00e9dica.<\/p>\n\n\n\n<p>A pesar de las cifras oficiales, usuarias en redes sociales catalogaron el 8M de este 2021 como un d\u00eda lleno de agresiones, incertidumbre y poco dialogo por parte del presidente Andr\u00e9s Manuel L\u00f3pez Obrador.&nbsp;<strong>Y es que previo a las manifestaciones, el gobierno de la 4T coloc\u00f3 diversas vallas met\u00e1licas en monumentos, recintos y desde luego Palacio Nacional.<\/strong><\/p>\n\n\n\n<p>Ante la acci\u00f3n gubernamental de \u201cevitar disturbios\u201d, colectivos feministas y familias victimas de feminicidio decidieron colocar flores en el muro que resguardaba el inmueble presidencial, adem\u00e1s de hacer una especie de memorial con todos los nombres de mujeres que han sido v\u00edctimas de la violencia de g\u00e9nero en M\u00e9xico.<\/p>\n\n\n\n<p>Tiempo despu\u00e9s, en las paredes de Palacio Nacional, se comenzaron a proyectar frases que han estado muy presentes en la esfera p\u00fablica los \u00faltimos d\u00edas.&nbsp;<strong>\u201cM\u00e9xico feminicida\u201d, \u201cUn violador no ser\u00e1 gobernador\u201d y \u201cAborto legal ya\u201d, fueron algunas.<\/strong><\/p>\n\n\n\n<p>Ya en la marcha, un fuerte dispositivo policiaco estuvo acompa\u00f1ando a las manifestantes para que no \u201chubiera destrozos o perdidas inmobiliarias\u201d; sin embargo, hubo denuncias por parte de periodistas, quienes se\u00f1alaron haber sido agredidas por personal de la SCC en las inmediaciones de metro Hidalgo. Nos referimos a Sashenka Gutierrez, fotoperiodista de EFE y Leslie P\u00e9rez, de El Heraldo de M\u00e9xico.<\/p>\n\n\n\n<p>Posteriormente, una serie de denuncias se hicieron presentes a lo largo del d\u00eda.&nbsp;<strong>La&nbsp;<\/strong><em><strong>Red Rompe el Miedo&nbsp;<\/strong><\/em><strong>denunci\u00f3 que las polic\u00edas desplegadas en la plaza de la Constituci\u00f3n hicieron uso de gas lacrim\u00f3geno para ahuyentar a las mujeres que rodean las vallas levantadas frente a Palacio Nacional.<\/strong><img fetchpriority=\"high\" decoding=\"async\" alt=\"(Foto: Andrea Murcia\/ Cuartoscuro)\" height=\"1080\" width=\"1920\" src=\"https:\/\/www.infobae.com\/new-resizer\/EfOFq_TulRMbD3xQzYm1QwlkXD8=\/420x236\/filters:format(jpg):quality(85)\/cloudfront-us-east-1.images.arcpublishing.com\/infobae\/ICZBL7G4ORAOVHO5CGQ57E7JNM.jpg\" srcset=\"https:\/\/www.infobae.com\/new-resizer\/EfOFq_TulRMbD3xQzYm1QwlkXD8=\/420x236\/filters:format(jpg):quality(85)\/cloudfront-us-east-1.images.arcpublishing.com\/infobae\/ICZBL7G4ORAOVHO5CGQ57E7JNM.jpg 420w,https:\/\/www.infobae.com\/new-resizer\/ShbnVArWnNuP7cA3P7YOhViWLLE=\/768x432\/filters:format(jpg):quality(85)\/cloudfront-us-east-1.images.arcpublishing.com\/infobae\/ICZBL7G4ORAOVHO5CGQ57E7JNM.jpg 768w,https:\/\/www.infobae.com\/new-resizer\/PIjo8Obxg0-8kk_NINKJz6QqJ_Q=\/992x558\/filters:format(jpg):quality(85)\/cloudfront-us-east-1.images.arcpublishing.com\/infobae\/ICZBL7G4ORAOVHO5CGQ57E7JNM.jpg 992w,https:\/\/www.infobae.com\/new-resizer\/Rx7_0-gbAOvskN2x1au9OYV6FNQ=\/1200x675\/filters:format(jpg):quality(85)\/cloudfront-us-east-1.images.arcpublishing.com\/infobae\/ICZBL7G4ORAOVHO5CGQ57E7JNM.jpg 1200w\">(Foto: Andrea Murcia\/ Cuartoscuro)<\/p>\n\n\n\n<p>Alrededor de las 19:50 horas de este lunes,&nbsp;<strong>mujeres manifestantes reportaron \u201cintimidaci\u00f3n\u201d por parte del gobierno.&nbsp;<\/strong>Paola Zavala Saeb, con el usuario @PaolaSaeb, denunci\u00f3 que las personas ubicadas en el techo del Palacio Nacional lanzaron gas lacrim\u00f3geno, lo que caus\u00f3 miedo entre las protestantes.<\/p>\n\n\n\n<p>\u201cBorro el tweet porque dicen que no eran armas, sino \u201crifles antidrones\u201d. Se asomaron mientras soltaron el gas lacrim\u00f3geno. Quienes los vimos tuvimos miedo. Nos intimidaron con sus \u201carmas no armas\u201d y ahora quieren que agradezcamos que estamos vivas\u201d.<\/p>\n\n\n\n<p>Sin embargo, lo que m\u00e1s llam\u00f3 la atenci\u00f3n de las manifestantes fue la presencia de hombres en la azotea de Palacio Nacional. En un primera instancia, en las im\u00e1genes que circularon en redes sociales se denunci\u00f3 que era personal armado con francotiradores.&nbsp;<strong>Pero el mismo gobierno de AMLO, de la mano del vocero Jes\u00fas Ram\u00edrez, asegur\u00f3 que nunca hubo personal armado, pues los artefactos que ten\u00edan los hombres eran inhibidores de drones tipo Hikvision para evitar el vuelo de los aparatos sobre el edificio, pues se trata de un \u00e1rea reservada por seguridad.<\/strong><\/p>\n\n\n\n<p>Todas estas acciones generaron molestia e indignaci\u00f3n en el sector femenino mexicano, as\u00ed que en redes sociales surgi\u00f3 el hashtag \u201cNos vemos en las urnas\u201d, esto haciendo referencia a la decisi\u00f3n que tomar\u00edan las mujeres en las pr\u00f3ximas elecciones, donde evidentemente&nbsp;<strong>Morena figura como partido hegem\u00f3nico o con m\u00e1s poder legislativo.<\/strong><img decoding=\"async\" alt=\"(FOTO: ANDREA MURCIA \/ CUARTOSCURO.COM)\" height=\"819\" width=\"1280\" src=\"https:\/\/www.infobae.com\/new-resizer\/a9O5nI4TCFxH8L8Ed8416jzBIz0=\/420x280\/filters:format(jpg):quality(85)\/cloudfront-us-east-1.images.arcpublishing.com\/infobae\/UNU2LLA5MZAXNAQMNK7U6CQG3U.jpeg\" srcset=\"https:\/\/www.infobae.com\/new-resizer\/a9O5nI4TCFxH8L8Ed8416jzBIz0=\/420x280\/filters:format(jpg):quality(85)\/cloudfront-us-east-1.images.arcpublishing.com\/infobae\/UNU2LLA5MZAXNAQMNK7U6CQG3U.jpeg 420w,https:\/\/www.infobae.com\/new-resizer\/yEUH3jx4YXa7V1JB2lwm3KlCpgA=\/768x512\/filters:format(jpg):quality(85)\/cloudfront-us-east-1.images.arcpublishing.com\/infobae\/UNU2LLA5MZAXNAQMNK7U6CQG3U.jpeg 768w,https:\/\/www.infobae.com\/new-resizer\/kYTr2F4gn4fVE0d2i6FWug1Jry4=\/992x661\/filters:format(jpg):quality(85)\/cloudfront-us-east-1.images.arcpublishing.com\/infobae\/UNU2LLA5MZAXNAQMNK7U6CQG3U.jpeg 992w,https:\/\/www.infobae.com\/new-resizer\/uRpDSFoVOQv34LgNC19uWHUlkgc=\/1200x800\/filters:format(jpg):quality(85)\/cloudfront-us-east-1.images.arcpublishing.com\/infobae\/UNU2LLA5MZAXNAQMNK7U6CQG3U.jpeg 1200w\">(FOTO: ANDREA MURCIA \/ CUARTOSCURO.COM)<\/p>\n\n\n\n<p>De igual forma, se hizo viral una fotograf\u00eda de la plancha del Z\u00f3calo vista desde arriba y como las mujeres colocaron unas mantas con diferentes frases, algunas de ellas son:&nbsp;<strong>\u201cYa chole de impunidad\u201d, \u201cNing\u00fan agresor al poder\u201d y \u201cNos vemos en las urnas\u201d.<\/strong><\/p>\n\n\n\n<p>Y es que la frase de \u201cNos vemos en las urnas\u201d cobra mucha relevancia por el poder que tienen las mujeres respecto a la participaci\u00f3n electoral. De acuerdo con informaci\u00f3n del Instituto Nacional Electoral (INE), con fecha de corte del 26 de febrero de 2021,&nbsp;<strong>en M\u00e9xico hay 93,295,470 ciudadanos registrados en la Lista Nominal, es decir, aquellos personas que solicitaron su inscripci\u00f3n al Padr\u00f3n en territorio nacional y cuentan ya con su Credencial para Votar con fotograf\u00eda vigente.<\/strong><\/p>\n\n\n\n<p>Respecto al g\u00e9nero,\u00a0<strong>en M\u00e9xico hay 45, 005, 374 hombres en la Lista Nominal, esto quiere decir que representan el 48%. Por su parte, la cantidad de mujeres en la Lista Nominal es de 48, 290, 096, es decir, representan el 52%.<\/strong><\/p>\n\n\n\n<p>Fuente: https:\/\/www.infobae.com\/america\/mexico\/2021\/03\/09\/nos-vemos-en-las-urnas-el-contundente-mensaje-de-las-mujeres-a-amlo-rumbo-al-proceso-electoral\/<\/p>\n","protected":false},"excerpt":{"rendered":"<p>Las movilizaciones del 8M estuvieron caracterizadas por el fuerte dispositivo policiaco y el nulo dialogo de parte del presidente mexicano [&hellip;]<\/p>\n","protected":false},"author":1,"featured_media":5388,"comment_status":"open","ping_status":"open","sticky":false,"template":"","format":"standard","meta":{"site-sidebar-layout":"default","site-content-layout":"","ast-site-content-layout":"default","site-content-style":"default","site-sidebar-style":"default","ast-global-header-display":"","ast-banner-title-visibility":"","ast-main-header-display":"","ast-hfb-above-header-display":"","ast-hfb-below-header-display":"","ast-hfb-mobile-header-display":"","site-post-title":"","ast-breadcrumbs-content":"","ast-featured-img":"","footer-sml-layout":"","theme-transparent-header-meta":"","adv-header-id-meta":"","stick-header-meta":"","header-above-stick-meta":"","header-main-stick-meta":"","header-below-stick-meta":"","astra-migrate-meta-layouts":"default","ast-page-background-enabled":"default","ast-page-background-meta":{"desktop":{"background-color":"var(--ast-global-color-4)","background-image":"","background-repeat":"repeat","background-position":"center center","background-size":"auto","background-attachment":"scroll","background-type":"","background-media":"","overlay-type":"","overlay-color":"","overlay-opacity":"","overlay-gradient":""},"tablet":{"background-color":"","background-image":"","background-repeat":"repeat","background-position":"center center","background-size":"auto","background-attachment":"scroll","background-type":"","background-media":"","overlay-type":"","overlay-color":"","overlay-opacity":"","overlay-gradient":""},"mobile":{"background-color":"","background-image":"","background-repeat":"repeat","background-position":"center center","background-size":"auto","background-attachment":"scroll","background-type":"","background-media":"","overlay-type":"","overlay-color":"","overlay-opacity":"","overlay-gradient":""}},"ast-content-background-meta":{"desktop":{"background-color":"var(--ast-global-color-5)","background-image":"","background-repeat":"repeat","background-position":"center center","background-size":"auto","background-attachment":"scroll","background-type":"","background-media":"","overlay-type":"","overlay-color":"","overlay-opacity":"","overlay-gradient":""},"tablet":{"background-color":"var(--ast-global-color-5)","background-image":"","background-repeat":"repeat","background-position":"center center","background-size":"auto","background-attachment":"scroll","background-type":"","background-media":"","overlay-type":"","overlay-color":"","overlay-opacity":"","overlay-gradient":""},"mobile":{"background-color":"var(--ast-global-color-5)","background-image":"","background-repeat":"repeat","background-position":"center center","background-size":"auto","background-attachment":"scroll","background-type":"","background-media":"","overlay-type":"","overlay-color":"","overlay-opacity":"","overlay-gradient":""}},"footnotes":""},"categories":[8],"tags":[366,365],"class_list":["post-5387","post","type-post","status-publish","format-standard","has-post-thumbnail","hentry","category-noticias","tag-8-m-mexico","tag-nos-vemos-en-las-urnas-amlo"],"_links":{"self":[{"href":"https:\/\/losperiodistas.com.mx\/portal\/wp-json\/wp\/v2\/posts\/5387","targetHints":{"allow":["GET"]}}],"collection":[{"href":"https:\/\/losperiodistas.com.mx\/portal\/wp-json\/wp\/v2\/posts"}],"about":[{"href":"https:\/\/losperiodistas.com.mx\/portal\/wp-json\/wp\/v2\/types\/post"}],"author":[{"embeddable":true,"href":"https:\/\/losperiodistas.com.mx\/portal\/wp-json\/wp\/v2\/users\/1"}],"replies":[{"embeddable":true,"href":"https:\/\/losperiodistas.com.mx\/portal\/wp-json\/wp\/v2\/comments?post=5387"}],"version-history":[{"count":1,"href":"https:\/\/losperiodistas.com.mx\/portal\/wp-json\/wp\/v2\/posts\/5387\/revisions"}],"predecessor-version":[{"id":5389,"href":"https:\/\/losperiodistas.com.mx\/portal\/wp-json\/wp\/v2\/posts\/5387\/revisions\/5389"}],"wp:featuredmedia":[{"embeddable":true,"href":"https:\/\/losperiodistas.com.mx\/portal\/wp-json\/wp\/v2\/media\/5388"}],"wp:attachment":[{"href":"https:\/\/losperiodistas.com.mx\/portal\/wp-json\/wp\/v2\/media?parent=5387"}],"wp:term":[{"taxonomy":"category","embeddable":true,"href":"https:\/\/losperiodistas.com.mx\/portal\/wp-json\/wp\/v2\/categories?post=5387"},{"taxonomy":"post_tag","embeddable":true,"href":"https:\/\/losperiodistas.com.mx\/portal\/wp-json\/wp\/v2\/tags?post=5387"}],"curies":[{"name":"wp","href":"https:\/\/api.w.org\/{rel}","templated":true}]}}